{"id":650143,"date":"2026-08-26T09:13:13","date_gmt":"2026-08-26T09:13:13","guid":{"rendered":"https:\/\/www.europesays.com\/it\/650143\/"},"modified":"2026-08-26T09:13:13","modified_gmt":"2026-08-26T09:13:13","slug":"tragico-incidente-domestico-muore-a-63-anni-lapprezzata-titolare-di-un-bed-and-breakfast-a-longiano","status":"publish","type":"post","link":"https:\/\/www.europesays.com\/it\/650143\/","title":{"rendered":"Tragico incidente domestico, muore a 63 anni l&#8217;apprezzata titolare di un bed and breakfast a Longiano"},"content":{"rendered":"<p>Le piccole comunit\u00e0 di Longiano e Roncofreddo sono in lutto per la morte all&#8217;et\u00e0 di 63 anni di una apprezzata titolare e gestrice di un bed and breakfast. Un incidente domestico, accaduto luned\u00ec nella struttura ricettiva a Longiano (Villa Paola) \u00e8 stato purtroppo fatale a Paola Gobbi. La donna sarebbe caduta dalle scale e avrebbe sbattuto la testa. La tragedia ha colpito anche Roncofreddo, la signora era infatti originaria di questo paese, in tanti hanno espresso parole di cordoglio sui social network. I funerali si svolgeranno gioved\u00ec 27 agosto alle 15,30 nella chiesa parrocchiale di San Biagio, a Roncofreddo.\u00a0<\/p>\n<p>La 63enne faceva parte del<strong> <\/strong>Coordinamento nazionale cacciatrici Federcaccia che le ha dedicato un post social: \u201cUna notizia terribile. Arrivata come un fulmine. La nostra Paola Gobbi ci ha lasciato. Un terribile incidente domestico non le ha dato scampo. Impossibile persino pensare a un Coordinamento senza di lei, il suo entusiasmo, la sua verve. Ti vogliamo bene Paola e sappiamo che continuerai a vivere vicino a noi\u201d.<\/p>\n<p>\u00a0<\/p>\n<p>L\u2019Unione Nazionale Cacciatori Zona Alpi, sempre in un post sui social, \u201csi stringe con profonda commozione al dolore della famiglia e di tutta la comunit\u00e0 venatoria per la prematura scomparsa di Paola Gobbi. Di Paola ricorderemo sempre la straordinaria dedizione, l&#8217;instancabile impegno istituzionale e la grande passione profusa nel mondo della cinofilia e dell&#8217;associazionismo. La sua assenza lascia un vuoto incolmabile in tutti noi e in quanti hanno avuto il privilegio di collaborare con lei e apprezzarne le doti umane e professionali. Al marito , ai figli e ai parenti tutti esprimiamo le nostre pi\u00f9 sentite e sincere condoglianze\u201d.<\/p>\n","protected":false},"excerpt":{"rendered":"Le piccole comunit\u00e0 di Longiano e Roncofreddo sono in lutto per la morte all&#8217;et\u00e0 di 63 anni di&hellip;\n","protected":false},"author":3,"featured_media":650144,"comment_status":"","ping_status":"","sticky":false,"template":"","format":"standard","meta":{"footnotes":"","_share_on_mastodon":"0"},"categories":[79],"tags":[14,93,94,1537,90,89,35976,7,15,11,84,91,12,85,92],"class_list":["post-650143","post","type-post","status-publish","format-standard","has-post-thumbnail","category-italia","tag-cronaca","tag-cronaca-italiana","tag-cronacaitaliana","tag-it","tag-italia","tag-italy","tag-lutti","tag-news","tag-notizie","tag-ultime-notizie","tag-ultime-notizie-e-news-di-oggi","tag-ultime-notizie-italia","tag-ultimenotizie","tag-ultimenotizieenewsdioggi","tag-ultimenotizieitalia"],"share_on_mastodon":{"url":"https:\/\/pubeurope.com\/@it\/117161047920906265","error":""},"_links":{"self":[{"href":"https:\/\/www.europesays.com\/it\/wp-json\/wp\/v2\/posts\/650143","targetHints":{"allow":["GET"]}}],"collection":[{"href":"https:\/\/www.europesays.com\/it\/wp-json\/wp\/v2\/posts"}],"about":[{"href":"https:\/\/www.europesays.com\/it\/wp-json\/wp\/v2\/types\/post"}],"author":[{"embeddable":true,"href":"https:\/\/www.europesays.com\/it\/wp-json\/wp\/v2\/users\/3"}],"replies":[{"embeddable":true,"href":"https:\/\/www.europesays.com\/it\/wp-json\/wp\/v2\/comments?post=650143"}],"version-history":[{"count":0,"href":"https:\/\/www.europesays.com\/it\/wp-json\/wp\/v2\/posts\/650143\/revisions"}],"wp:featuredmedia":[{"embeddable":true,"href":"https:\/\/www.europesays.com\/it\/wp-json\/wp\/v2\/media\/650144"}],"wp:attachment":[{"href":"https:\/\/www.europesays.com\/it\/wp-json\/wp\/v2\/media?parent=650143"}],"wp:term":[{"taxonomy":"category","embeddable":true,"href":"https:\/\/www.europesays.com\/it\/wp-json\/wp\/v2\/categories?post=650143"},{"taxonomy":"post_tag","embeddable":true,"href":"https:\/\/www.europesays.com\/it\/wp-json\/wp\/v2\/tags?post=650143"}],"curies":[{"name":"wp","href":"https:\/\/api.w.org\/{rel}","templated":true}]}}