{"id":650145,"date":"2026-08-26T09:14:17","date_gmt":"2026-08-26T09:14:17","guid":{"rendered":"https:\/\/www.europesays.com\/it\/650145\/"},"modified":"2026-08-26T09:14:17","modified_gmt":"2026-08-26T09:14:17","slug":"oroscopo-la-luna-piena-dello-storione-in-pesci-porta-a-galla-emozioni-nascoste-e-ora-di-abbandonare-il-superfluo-ecco-chi-sale-e-chi-scende","status":"publish","type":"post","link":"https:\/\/www.europesays.com\/it\/650145\/","title":{"rendered":"Oroscopo, la Luna Piena (dello Storione) in Pesci porta a galla emozioni nascoste: \u00e8 ora di abbandonare il superfluo, ecco chi sale e chi scende"},"content":{"rendered":"<p>La <a href=\"https:\/\/www.leggo.it\/t\/luna-piena\" style=\"font-weight: bold;\" rel=\"nofollow noopener\" target=\"_blank\">Luna Piena<\/a> in <strong><a href=\"https:\/\/www.leggo.it\/t\/pesci\" rel=\"nofollow noopener\" target=\"_blank\">Pesci<\/a> <\/strong>di venerd\u00ec 28 agosto<strong> 2026<\/strong>, conosciuta come \u201c<strong>Luna dello Storione<\/strong>\u201d, \u00e8 in opposizione al <strong><a href=\"https:\/\/www.leggo.it\/t\/sole\" rel=\"nofollow noopener\" target=\"_blank\">Sole<\/a><\/strong> in <strong><a href=\"https:\/\/www.leggo.it\/t\/vergine\" rel=\"nofollow noopener\" target=\"_blank\">Vergine<\/a> <\/strong>e coincide con un&#8217;eclissi lunare parziale. Si apre una fase di profonda trasformazione interiore. Le emozioni nascoste vengono a galla, situazioni e dinamiche poco chiare mostrano le loro crepe. Le stelle invitano ad affrontare il presente con maggiore consapevolezza. L&#8217;eclissi amplifica la necessit\u00e0 di abbandonare il superfluo e di concentrarsi su ci\u00f2 che conta davvero. Sar\u00e0 un momento intenso, in cui intuizione e lucidit\u00e0 si incontrano e le incertezze si dissipano.<\/p>\n<p> <strong>La Luna Piena in Pesci<\/strong>  <\/p>\n<p>Le emozioni indicheranno con chiarezza la direzione da seguire. I rapporti che si reggono sulla forza dell&#8217;abitudine potrebbero sgretolarsi, mentre nuovi legami nascono grazie all&#8217;autenticit\u00e0.<\/p>\n","protected":false},"excerpt":{"rendered":"La Luna Piena in Pesci di venerd\u00ec 28 agosto 2026, conosciuta come \u201cLuna dello Storione\u201d, \u00e8 in opposizione&hellip;\n","protected":false},"author":3,"featured_media":650146,"comment_status":"","ping_status":"","sticky":false,"template":"","format":"standard","meta":{"footnotes":"","_share_on_mastodon":"0"},"categories":[6],"tags":[14,8,1537,90,89,31846,358715,7,15,82,9,83,10,2660,11464,358716,13,11,80,84,12,81,85],"class_list":["post-650145","post","type-post","status-publish","format-standard","has-post-thumbnail","category-ultime-notizie","tag-cronaca","tag-headlines","tag-it","tag-italia","tag-italy","tag-luna-piena","tag-luna-piena-dello-storione","tag-news","tag-notizie","tag-notizie-di-cronaca","tag-notizie-principali","tag-notiziedicronaca","tag-notizieprincipali","tag-oroscopo","tag-pesci","tag-storione","tag-titoli","tag-ultime-notizie","tag-ultime-notizie-di-cronaca","tag-ultime-notizie-e-news-di-oggi","tag-ultimenotizie","tag-ultimenotiziedicronaca","tag-ultimenotizieenewsdioggi"],"share_on_mastodon":{"url":"https:\/\/pubeurope.com\/@it\/117161050886908946","error":""},"_links":{"self":[{"href":"https:\/\/www.europesays.com\/it\/wp-json\/wp\/v2\/posts\/650145","targetHints":{"allow":["GET"]}}],"collection":[{"href":"https:\/\/www.europesays.com\/it\/wp-json\/wp\/v2\/posts"}],"about":[{"href":"https:\/\/www.europesays.com\/it\/wp-json\/wp\/v2\/types\/post"}],"author":[{"embeddable":true,"href":"https:\/\/www.europesays.com\/it\/wp-json\/wp\/v2\/users\/3"}],"replies":[{"embeddable":true,"href":"https:\/\/www.europesays.com\/it\/wp-json\/wp\/v2\/comments?post=650145"}],"version-history":[{"count":0,"href":"https:\/\/www.europesays.com\/it\/wp-json\/wp\/v2\/posts\/650145\/revisions"}],"wp:featuredmedia":[{"embeddable":true,"href":"https:\/\/www.europesays.com\/it\/wp-json\/wp\/v2\/media\/650146"}],"wp:attachment":[{"href":"https:\/\/www.europesays.com\/it\/wp-json\/wp\/v2\/media?parent=650145"}],"wp:term":[{"taxonomy":"category","embeddable":true,"href":"https:\/\/www.europesays.com\/it\/wp-json\/wp\/v2\/categories?post=650145"},{"taxonomy":"post_tag","embeddable":true,"href":"https:\/\/www.europesays.com\/it\/wp-json\/wp\/v2\/tags?post=650145"}],"curies":[{"name":"wp","href":"https:\/\/api.w.org\/{rel}","templated":true}]}}