{"id":650201,"date":"2026-08-26T10:05:14","date_gmt":"2026-08-26T10:05:14","guid":{"rendered":"https:\/\/www.europesays.com\/it\/650201\/"},"modified":"2026-08-26T10:05:14","modified_gmt":"2026-08-26T10:05:14","slug":"ryanair-la-promo-del-15-svela-3-citta-europee-da-visitare-in-autunno","status":"publish","type":"post","link":"https:\/\/www.europesays.com\/it\/650201\/","title":{"rendered":"Ryanair, la promo del 15% svela 3 citt\u00e0 europee da visitare in autunno"},"content":{"rendered":"<p>Una nuova <strong>promo flash Ryanair<\/strong> accende i riflettori sui voli low cost di fine estate e inizio autunno. L\u2019offerta \u201cPrenota ora\u201d prevede un <strong>15% di sconto<\/strong> sui voli acquistati <strong>entro il 28 agosto<\/strong> 2026 per viaggiare dal 01 settembre al 31 ottobre 2026. Tra le tantissime combinazioni da tenere d\u2019occhio ci sono <strong>tre rotte<\/strong>, che abbiamo selezionato, e che permettono di raggiungere alcune citt\u00e0 europee perfette per un weekend, con tariffe particolarmente interessanti.<\/p>\n<p>\t\tDa Bologna a Cracovia<\/p>\n<p><a href=\"https:\/\/siviaggia.it\/destinazioni\/europa\/polonia\/cracovia\/\" rel=\"nofollow noopener\" target=\"_blank\">Cracovia<\/a> \u00e8 una delle citt\u00e0 pi\u00f9 affascinanti della <strong>Polonia<\/strong>, ma oltre alla celebre <strong>Piazza del Mercato<\/strong>, la piazza medievale pi\u00f9 grande d&#8217;Europa, e al <strong>Castello del Wawel<\/strong> esiste un volto pi\u00f9 discreto, ideale per chi ama viaggiare lontano dai percorsi pi\u00f9 famosi.<\/p>\n<p>Nel quartiere di <strong>Kazimierz<\/strong>, per esempio, vale la pena osservare i silenziosi cortili interni delle vecchie case, spesso nascosti dietro portoni storici e passaggi che raccontano la storia del <strong>distretto ebraico<\/strong>. La zona \u00e8 anche interessante per la<strong> street art<\/strong>, con murales che compaiono tra via J\u00f3zefa e via Nowa e nell&#8217;area di Zab\u0142ocie.<\/p>\n<p>Un\u2019altra idea \u00e8 spingersi verso il quartiere <strong>Podg\u00f3rze<\/strong>, dove si trova il piccolo Forte di San Benedetto, uno dei luoghi meno conosciuti della citt\u00e0. Per una pausa insolita si pu\u00f2 invece raggiungere <strong>Nowa Huta<\/strong>, quartiere nato come citt\u00e0 industriale autonoma nel 1949 e caratterizzato da grandi viali alberati e architetture monumentali.<\/p>\n<p>Per la tratta <strong>Bologna-Cracovia<\/strong> del 17 settembre, la tariffa con Ryanair parte <strong>da \u20ac28<\/strong>.<\/p>\n<p>Da Milano a Bratislava<\/p>\n<p>Piccola, elegante e facilmente visitabile a piedi, <a href=\"https:\/\/siviaggia.it\/destinazioni\/europa\/slovacchia\/bratislava\/\" rel=\"nofollow noopener\" target=\"_blank\">Bratislava<\/a> in <strong>Slovacchia<\/strong> sorprende soprattutto quando si esce dal centro storico pi\u00f9 fotografato.<\/p>\n<p>Tra le tappe meno note c\u2019\u00e8 la <strong>collina del Calvario<\/strong>, sopra la stazione ferroviaria: una breve passeggiata conduce a un punto panoramico tranquillo, circondato dal verde. Per vivere la citt\u00e0 come un local, bisogna raggiungere <strong>Horsk\u00fd Park<\/strong>, dove l\u2019antica casa del guardiacaccia Hor\u00e1re\u0148 \u00e8 diventata uno spazio frequentato dagli abitanti con caff\u00e8, area creativa e giochi.<\/p>\n<p>Per chi cerca invece un angolo naturale, il <strong>Giardino Botanico<\/strong> dell\u2019Universit\u00e0 Comenius custodisce rose, un giardino giapponese e specie provenienti dall\u2019Australia. La citt\u00e0 offre inoltre <strong>mercati<\/strong>, come quello di Mileti\u010dova e quello Vecchio, e <strong>spazi urbani<\/strong> frequentati soprattutto dalla popolazione locale (il Sad Janka Kr\u00e1\u013ea \u00e8 il parco pubblico pi\u00f9 antico d&#8217;Europa), perfetti per vivere un\u2019atmosfera meno turistica.<\/p>\n<p>Per la tratta <strong>Milano Malpensa-Bratislava<\/strong> del 17 ottobre, il prezzo indicato parte <strong>da \u20ac23<\/strong>.<\/p>\n<p>Da Genova a Bucarest<\/p>\n<p><a href=\"https:\/\/siviaggia.it\/destinazioni\/europa\/romania\/bucarest\/\" rel=\"nofollow noopener\" target=\"_blank\">Bucarest<\/a> in <strong>Romania<\/strong> \u00e8 una citt\u00e0 piena di contrasti, dove palazzi monumentali e architetture moderne convivono con angoli sorprendenti. Per scoprirne un lato meno conosciuto si pu\u00f2 partire dalla strada <strong>Xenofon<\/strong>, una particolare strada composta interamente da circa <strong>70 gradini<\/strong> vicino al Parco Carol.<\/p>\n<p>Un\u2019esperienza ancora pi\u00f9 insolita porta al <strong>Cimitero Bellu<\/strong>, considerato una sorta di museo all\u2019aperto grazie alle elaborate opere funerarie e alle tombe di importanti scrittori, artisti e personaggi della storia rumena.<\/p>\n<p>Per una pausa nella natura, invece, c\u2019\u00e8 il <strong>Parco Naturale V\u0103c\u0103re\u0219ti<\/strong>, una vera oasi naturalistica, chiamato anche &#8220;Delta d&#8217;asfalto&#8221; o &#8220;Delta urbana&#8221;, dove osservare uccelli (aironi, cormorani) e altre specie selvatiche senza lasciare la citt\u00e0.<\/p>\n<p>Per la tratta <strong>Genova-Bucarest<\/strong> del 20 settembre, la tariffa del volo Ryanair parte <strong>da \u20ac30<\/strong>.<\/p>\n","protected":false},"excerpt":{"rendered":"Una nuova promo flash Ryanair accende i riflettori sui voli low cost di fine estate e inizio autunno.&hellip;\n","protected":false},"author":3,"featured_media":650202,"comment_status":"","ping_status":"","sticky":false,"template":"","format":"standard","meta":{"footnotes":"","_share_on_mastodon":"0"},"categories":[172],"tags":[178,5854,177,5856,183,1537,90,89,5857,15,6276,106],"class_list":["post-650201","post","type-post","status-publish","format-standard","has-post-thumbnail","category-affari","tag-affari","tag-autunno","tag-business","tag-citta-darte","tag-compagnie-aeree","tag-it","tag-italia","tag-italy","tag-itinerari-culturali","tag-notizie","tag-viaggi-avventura","tag-weekend"],"share_on_mastodon":{"url":"https:\/\/pubeurope.com\/@it\/117161251752887950","error":""},"_links":{"self":[{"href":"https:\/\/www.europesays.com\/it\/wp-json\/wp\/v2\/posts\/650201","targetHints":{"allow":["GET"]}}],"collection":[{"href":"https:\/\/www.europesays.com\/it\/wp-json\/wp\/v2\/posts"}],"about":[{"href":"https:\/\/www.europesays.com\/it\/wp-json\/wp\/v2\/types\/post"}],"author":[{"embeddable":true,"href":"https:\/\/www.europesays.com\/it\/wp-json\/wp\/v2\/users\/3"}],"replies":[{"embeddable":true,"href":"https:\/\/www.europesays.com\/it\/wp-json\/wp\/v2\/comments?post=650201"}],"version-history":[{"count":0,"href":"https:\/\/www.europesays.com\/it\/wp-json\/wp\/v2\/posts\/650201\/revisions"}],"wp:featuredmedia":[{"embeddable":true,"href":"https:\/\/www.europesays.com\/it\/wp-json\/wp\/v2\/media\/650202"}],"wp:attachment":[{"href":"https:\/\/www.europesays.com\/it\/wp-json\/wp\/v2\/media?parent=650201"}],"wp:term":[{"taxonomy":"category","embeddable":true,"href":"https:\/\/www.europesays.com\/it\/wp-json\/wp\/v2\/categories?post=650201"},{"taxonomy":"post_tag","embeddable":true,"href":"https:\/\/www.europesays.com\/it\/wp-json\/wp\/v2\/tags?post=650201"}],"curies":[{"name":"wp","href":"https:\/\/api.w.org\/{rel}","templated":true}]}}