{"id":650205,"date":"2026-08-26T10:07:16","date_gmt":"2026-08-26T10:07:16","guid":{"rendered":"https:\/\/www.europesays.com\/it\/650205\/"},"modified":"2026-08-26T10:07:16","modified_gmt":"2026-08-26T10:07:16","slug":"impatto-fatale-nel-salento-morta-coppia-di-napoletani-chi-erano-dario-serra-e-giovanna-serpi","status":"publish","type":"post","link":"https:\/\/www.europesays.com\/it\/650205\/","title":{"rendered":"Impatto fatale nel Salento, morta coppia di napoletani: chi erano Dario Serra e Giovanna Serpi"},"content":{"rendered":"<p><strong>Dario e Giovanna <\/strong>avevano davanti a s\u00e9 ancora giorni di vacanza. Avevano scelto il Salento per regalarsi un\u2019estate insieme, in una delle terre pi\u00f9 amate d\u2019Italia, tra il mare di <a href=\"https:\/\/www.ilmattino.it\/t\/porto-cesareo\" rel=\"nofollow noopener\" target=\"_blank\">Porto Cesareo<\/a>, le spiagge dorate, l\u2019acqua cristallina e quei sapori che sembrano raccontare la <a href=\"https:\/\/www.ilmattino.it\/t\/puglia\" rel=\"nofollow noopener\" target=\"_blank\">Puglia<\/a> prima ancora delle sue parole. Invece quella vacanza si \u00e8 trasformata in una tragedia. <strong>Dario Serra, 51 anni, originario di Gragnano, e Giovanna Serpi, 47 anni, originaria di Somma Vesuviana,<\/strong> entrambi residenti a <a href=\"https:\/\/www.ilmattino.it\/t\/nocera-superiore\" rel=\"nofollow noopener\" target=\"_blank\">Nocera Superiore<\/a>, sono morti nella notte tra luned\u00ec e marted\u00ec scorso <strong>lungo la Strada Provinciale 17, tra Salice Salentino e Veglie, nel Leccese<\/strong>. Erano a bordo della loro <a href=\"https:\/\/www.ilmattino.it\/t\/fiat-panda\" rel=\"nofollow noopener\" target=\"_blank\">Fiat Panda<\/a> e viaggiavano in direzione di Porto Cesareo quando la loro auto si \u00e8 scontrata violentemente con una <strong>Mercedes Classe A<\/strong> proveniente dalla direzione opposta. Dopo l\u2019impatto la Panda si \u00e8 ribaltata, trasformandosi in una trappola di lamiere.  <\/p>\n<p><p>APPROFONDIMENTI<\/p>\n<p>       <a href=\"https:\/\/www.ilmattino.it\/primopiano\/cronaca\/incidente_auto_salento_muoiono_coniugi_campani_ultime_notizie_oggi-9724666.html\" title=\"Incidente tra due auto in Salento, muoiono coniugi campani di 51 e 47 anni: arrestato conducente, positivo a droga\" rel=\"nofollow noopener\" target=\"_blank\"><img loading=\"lazy\" decoding=\"async\" src=\"https:\/\/www.europesays.com\/it\/wp-content\/uploads\/2026\/08\/9724666_25141443_foto_combo.jpg\" title=\"Incidente tra due auto in Salento, muoiono coniugi campani di 51 e 47 anni: arrestato conducente, positivo a droga\" width=\"264\" height=\"144\"\/><\/a>          <\/p>\n<p>L\u2019allarme  <\/p>\n<p>L\u2019allarme \u00e8 scattato poco dopo l\u2019una. Sul posto sono arrivati i vigili del fuoco e i soccorritori del 118. Per raggiungere Dario e Giovanna \u00e8 stato necessario lavorare tra le lamiere contorte dell\u2019abitacolo. Per Dario non c\u2019era gi\u00e0 pi\u00f9 nulla da fare, il suo cuore si \u00e8 fermato sul colpo. Quello di Giovanna invece, ha continuato a battere. Ma \u00e8 morta dopo qualche minuto. Una morte insieme, come insieme avevano scelto di vivere. Le fotografie pubblicate sui social raccontano una coppia molto unita, sorrisi, viaggi, momenti condivisi. Immagini che oggi hanno assunto un significato straziante: quella che doveva essere l\u2019ennesima estate da ricordare \u00e8 diventata l\u2019ultima pagina della loro storia.  <\/p>\n<p><a class=\"link_item\" data-linked_from=\"9725142\" href=\"https:\/\/www.ilmattino.it\/napoli\/area_metropolitana\/giancarlo_palomba_il_ricordo_dei_familiari_un_vuoto_incolmabile-9724996.html\" rel=\"nofollow noopener\" target=\"_blank\">Giancarlo Palomba, il ricordo dei familiari: \u00abUn vuoto incolmabile\u00bb<\/a><\/p>\n<p>Le vittime  <\/p>\n<p>Dario e Giovanna erano entrambi originari della <strong>provincia di Napoli<\/strong>, ma da tempo vivevano a Nocera Superiore, nel Salernitano, dove si erano trasferiti per motivi professionali. Dario aveva studiato <strong>Economia e commercio alla Federico II di Napoli<\/strong> e lavorava come <strong>direttore di una catena di supermercati<\/strong>. Chi lo aveva conosciuto negli anni dell\u2019universit\u00e0 e della sua vita professionale lo ricorda come un uomo preparato, competente e soprattutto dal grande cuore. Giovanna era invece<strong> insegnante, <\/strong>come suo padre, figura molto conosciuta nel Vesuviano per l\u2019impegno dedicato ai giovani, al mondo della scuola e all\u2019impegno civico. A Somma Vesuviana la notizia ha provocato dolore e incredulit\u00e0. Una donna ricordata per il suo carattere solare, la gentilezza e la vitalit\u00e0, legata a una famiglia conosciuta e stimata dalla comunit\u00e0. Non appena saputo della tragedia, i familiari della coppia sono volati in Puglia, sui luoghi dell\u2019incidente, per seguire da vicino le indagini e attendere di poter riportare a casa Dario e Giovanna.  <\/p>\n<p>L&#8217;indagato  <\/p>\n<p>L\u2019altro conducente, un 41enne di <strong>San Pietro Vernotico,<\/strong> \u00e8 rimasto ferito nello scontro ed \u00e8 stato trasportato in codice rosso all\u2019<strong>ospedale Vito Fazzi di Lecce<\/strong>. Gli accertamenti tossicologici e alcolemici, secondo quanto riferito dalle autorit\u00e0, hanno dato esito positivo alla presenza di cannabinoidi e cocaina e hanno evidenziato anche l\u2019assunzione di alcol. L\u2019uomo \u00e8 stato arrestato con l\u2019accusa di omicidio stradale ed \u00e8 piantonato nel reparto di Chirurgia dell\u2019ospedale leccese. Saranno ora i carabinieri della <strong>Compagnia di Campi Salentina e della Stazione di Salice Salentino <\/strong>a ricostruire con precisione la dinamica dell\u2019incidente e ad accertare tutte le responsabilit\u00e0. Le due vetture sono state sottoposte agli accertamenti necessari. Resta, intanto, la parte pi\u00f9 difficile da raccontare. Dario e Giovanna erano partiti per una vacanza. La loro ultima fotografia insieme non sar\u00e0 pi\u00f9 soltanto il ricordo di una vacanza. Sar\u00e0 il ricordo di una vita condivisa fino all\u2019ultimo viaggio. <\/p>\n","protected":false},"excerpt":{"rendered":"Dario e Giovanna avevano davanti a s\u00e9 ancora giorni di vacanza. Avevano scelto il Salento per regalarsi un\u2019estate&hellip;\n","protected":false},"author":3,"featured_media":650206,"comment_status":"","ping_status":"","sticky":false,"template":"","format":"standard","meta":{"footnotes":"","_share_on_mastodon":"0"},"categories":[79],"tags":[14,93,94,358738,358739,298,1537,90,89,7,15,358740,3121,11,84,91,12,85,92],"class_list":["post-650205","post","type-post","status-publish","format-standard","has-post-thumbnail","category-italia","tag-cronaca","tag-cronaca-italiana","tag-cronacaitaliana","tag-darios-erra","tag-giovanna-serpi","tag-incidente","tag-it","tag-italia","tag-italy","tag-news","tag-notizie","tag-portocesareo","tag-salento","tag-ultime-notizie","tag-ultime-notizie-e-news-di-oggi","tag-ultime-notizie-italia","tag-ultimenotizie","tag-ultimenotizieenewsdioggi","tag-ultimenotizieitalia"],"share_on_mastodon":{"url":"https:\/\/pubeurope.com\/@it\/117161260483255571","error":""},"_links":{"self":[{"href":"https:\/\/www.europesays.com\/it\/wp-json\/wp\/v2\/posts\/650205","targetHints":{"allow":["GET"]}}],"collection":[{"href":"https:\/\/www.europesays.com\/it\/wp-json\/wp\/v2\/posts"}],"about":[{"href":"https:\/\/www.europesays.com\/it\/wp-json\/wp\/v2\/types\/post"}],"author":[{"embeddable":true,"href":"https:\/\/www.europesays.com\/it\/wp-json\/wp\/v2\/users\/3"}],"replies":[{"embeddable":true,"href":"https:\/\/www.europesays.com\/it\/wp-json\/wp\/v2\/comments?post=650205"}],"version-history":[{"count":0,"href":"https:\/\/www.europesays.com\/it\/wp-json\/wp\/v2\/posts\/650205\/revisions"}],"wp:featuredmedia":[{"embeddable":true,"href":"https:\/\/www.europesays.com\/it\/wp-json\/wp\/v2\/media\/650206"}],"wp:attachment":[{"href":"https:\/\/www.europesays.com\/it\/wp-json\/wp\/v2\/media?parent=650205"}],"wp:term":[{"taxonomy":"category","embeddable":true,"href":"https:\/\/www.europesays.com\/it\/wp-json\/wp\/v2\/categories?post=650205"},{"taxonomy":"post_tag","embeddable":true,"href":"https:\/\/www.europesays.com\/it\/wp-json\/wp\/v2\/tags?post=650205"}],"curies":[{"name":"wp","href":"https:\/\/api.w.org\/{rel}","templated":true}]}}