{"id":650213,"date":"2026-08-26T10:17:18","date_gmt":"2026-08-26T10:17:18","guid":{"rendered":"https:\/\/www.europesays.com\/it\/650213\/"},"modified":"2026-08-26T10:17:18","modified_gmt":"2026-08-26T10:17:18","slug":"jovanotti-in-bici-verso-palermo-150-chilometri-da-capo-dorlando-che-figata","status":"publish","type":"post","link":"https:\/\/www.europesays.com\/it\/650213\/","title":{"rendered":"Jovanotti in bici verso Palermo, 150 chilometri da Capo d&#8217;Orlando: &#8220;Che figata&#8221;"},"content":{"rendered":"<p>Centocinquanta chilometri da Capo d&#8217;Orlando a Palermo, ancora una volta in sella alla sua bicicletta. Jovanotti ha ripreso questa mattina il suo viaggio verso il capoluogo siciliano, dove sabato 29 e domenica 30 agosto sar\u00e0 protagonista del Jova Summer Party all&#8217;ippodromo La Favorita. Una tappa che fa parte del suo \u201cJova Giro\u201d, con cui sta portando lo spirito del tour sulle strade e che lo stesso Lorenzo Cherubini ha indicato sui social come la pi\u00f9 impegnativa del percorso: &#8220;Domani, ragazzi, \u00e8 la pi\u00f9 lunga di tutte. E poi arriviamo a Palermo&#8221;, ha raccontato sui social alla vigilia della partenza. &#8220;Centocinquanta chilometri sono tanti. Partiamo presto. Prestissimo. Dritti verso Palermo&#8221;. \u00a0<\/p>\n<p>Il cantautore romano era arrivato ieri a Capo d&#8217;Orlando dopo avere attraversato una lunga parte della costa tirrenica messinese. Sbarcato in traghetto a Messina, proveniente dalla Calabria, dove si era esibito a Catanzaro, aveva iniziato a pedalare verso ovest attraversando diversi centri della provincia. Tra le tappe anche Milazzo, dove Jovanotti si \u00e8 fermato per una granita ai gelsi, prima di riprendere la strada passando da Barcellona Pozzo di Gotto, Terme Vigliatore, Oliveri e Tindari e proseguendo poi verso Patti, Gioiosa Marea, Piraino e Brolo fino a raggiungere Capo d&#8217;Orlando.\u00a0<\/p>\n<p><a href=\"https:\/\/www.palermotoday.it\/eventi\/concerti\/concerto-jovanotti-ippodromo-favorita-29-agosto-2026.html\" rel=\"nofollow noopener\" target=\"_blank\">Jovanotti torna dopo 8 anni, Palermo \u00e8 l&#8217;unica tappa siciliana<\/a><\/p>\n<p>Un percorso affrontato a ritmo sostenuto. &#8220;Oggi \u00e8 stato bello, abbiamo fatto 40 di media. Siamo andati a palla proprio. Un bel po&#8217; di salite&#8221;, ha detto Jovanotti facendo il bilancio della giornata. E anche la strada verso Palermo non sar\u00e0 completamente pianeggiante: &#8220;Anche domani stessa salita, 1100 metri. Per\u00f2 tutti diluiti in 150 chilometri. Tutta cos\u00ec domani. Su e gi\u00f9, su e gi\u00f9, su e gi\u00f9. Bene. Figata&#8221;.\u00a0<\/p>\n<blockquote class=\"instagram-media\" style=\"background-color:#FFF;border-radius:3px;border-width:0;box-shadow:0 0 1px 0 rgba(0,0,0,0.5),0 1px 10px 0 rgba(0,0,0,0.15);margin:1px;max-width:540px;min-width:326px;padding:0;width:calc(100% - 2px);\" data-instgrm-captioned=\"\" data-instgrm-permalink=\"https:\/\/www.instagram.com\/reel\/DcfQysoMNj6\/?utm_source=ig_embed&amp;utm_campaign=loading\" data-instgrm-version=\"14\"\/>\n<p>\u00a0<\/p>\n<p>A Capo d&#8217;Orlando l&#8217;arrivo dell&#8217;artista non \u00e8 di certo passato inosservato. Diversi fan lo hanno atteso per salutarlo, strappargli un selfie o addirittura regalargli un ritratto, mentre sui social Jovanotti ha continuato a documentare il suo viaggio siciliano sulle due ruote. Intorno alle 11 ha fatto sapere di aver raggiunto Cefal\u00f9 dove \u00e8 stato accolto con una limonata fresca. L&#8217;obiettivo adesso \u00e8 Palermo. Una volta raggiunta la citt\u00e0, per il cantante inizier\u00e0 una breve fase di riposo prima di tornare sul palco: \u201cMancano gli ultimi 80 chilometri. Poi due giorni per recuperare e due Jova Summer\u201d.\u00a0<\/p>\n<p>      <script async src=\"\/\/www.instagram.com\/embed.js\"><\/script><\/p>\n","protected":false},"excerpt":{"rendered":"Centocinquanta chilometri da Capo d&#8217;Orlando a Palermo, ancora una volta in sella alla sua bicicletta. Jovanotti ha ripreso&hellip;\n","protected":false},"author":3,"featured_media":650214,"comment_status":"","ping_status":"","sticky":false,"template":"","format":"standard","meta":{"footnotes":"","_share_on_mastodon":"0"},"categories":[1456],"tags":[1824,2943,1825,626,11423,1537,90,89,2816,245,244],"class_list":["post-650213","post","type-post","status-publish","format-standard","has-post-thumbnail","category-ciclismo","tag-ciclismo","tag-concerti","tag-cycling","tag-eventi","tag-ippodromo","tag-it","tag-italia","tag-italy","tag-jovanotti","tag-sport","tag-sports"],"share_on_mastodon":{"url":"https:\/\/pubeurope.com\/@it\/117161298892819086","error":""},"_links":{"self":[{"href":"https:\/\/www.europesays.com\/it\/wp-json\/wp\/v2\/posts\/650213","targetHints":{"allow":["GET"]}}],"collection":[{"href":"https:\/\/www.europesays.com\/it\/wp-json\/wp\/v2\/posts"}],"about":[{"href":"https:\/\/www.europesays.com\/it\/wp-json\/wp\/v2\/types\/post"}],"author":[{"embeddable":true,"href":"https:\/\/www.europesays.com\/it\/wp-json\/wp\/v2\/users\/3"}],"replies":[{"embeddable":true,"href":"https:\/\/www.europesays.com\/it\/wp-json\/wp\/v2\/comments?post=650213"}],"version-history":[{"count":0,"href":"https:\/\/www.europesays.com\/it\/wp-json\/wp\/v2\/posts\/650213\/revisions"}],"wp:featuredmedia":[{"embeddable":true,"href":"https:\/\/www.europesays.com\/it\/wp-json\/wp\/v2\/media\/650214"}],"wp:attachment":[{"href":"https:\/\/www.europesays.com\/it\/wp-json\/wp\/v2\/media?parent=650213"}],"wp:term":[{"taxonomy":"category","embeddable":true,"href":"https:\/\/www.europesays.com\/it\/wp-json\/wp\/v2\/categories?post=650213"},{"taxonomy":"post_tag","embeddable":true,"href":"https:\/\/www.europesays.com\/it\/wp-json\/wp\/v2\/tags?post=650213"}],"curies":[{"name":"wp","href":"https:\/\/api.w.org\/{rel}","templated":true}]}}