{"id":650283,"date":"2026-08-26T11:11:13","date_gmt":"2026-08-26T11:11:13","guid":{"rendered":"https:\/\/www.europesays.com\/it\/650283\/"},"modified":"2026-08-26T11:11:13","modified_gmt":"2026-08-26T11:11:13","slug":"letape-mondovi-un-viaggio-sui-pedali-tra-paesaggi-borghi-tradizioni-e-luoghi-simbolo","status":"publish","type":"post","link":"https:\/\/www.europesays.com\/it\/650283\/","title":{"rendered":"L\u2019\u00c9tape Mondov\u00ec: un viaggio sui pedali tra paesaggi, borghi, tradizioni e luoghi simbolo"},"content":{"rendered":"<p>Non solo una sfida sportiva, ma un vero e proprio viaggio attraverso alcuni dei paesaggi pi\u00f9 suggestivi del Piemonte e della Granda. L\u2019\u00c9tape Mondov\u00ec by Tour de France, in programma il <strong>20 settembre 2026<\/strong>, si prepara a raccontare il territorio monregalese attraverso un percorso che unisce ciclismo, natura, borghi, cultura, enogastronomia e grandi salite.<\/p>\n<p>La prima novit\u00e0 sar\u00e0 gi\u00e0 visibile dalla partenza. La <strong>griglia sar\u00e0 infatti posizionata circa 200 metri pi\u00f9 a monte rispetto alla scorsa edizione<\/strong>, occupando tutto Corso Statuto, dalla Fontana dei Bambini fino all\u2019altezza del Comune. \u00abUna scelta che permetter\u00e0 di creare una scenografia ancora pi\u00f9 spettacolare, con il cuore di Mondov\u00ec trasformato nel grande palcoscenico di partenza della manifestazione\u00bb sottolineano gli organizzatori.<\/p>\n<p>Dopo i primi chilometri, il percorso lascer\u00e0 progressivamente la citt\u00e0 per affrontare la salita verso <strong>Briaglia<\/strong>, porta d\u2019ingresso alla Langa Monregalese. Qui il paesaggio cambier\u00e0 rapidamente, tra i vigneti di Dolcetto e i noccioleti, attraversando Pascomonti, Bastia, Cigli\u00e8 e Clavesana, fino alla nuova salita dello <strong>Sbaranzo<\/strong>, una delle novit\u00e0 del tracciato 2026.<\/p>\n<p>Dopo circa 35 chilometri di gara, il percorso si ricongiunger\u00e0 con quello gi\u00e0 conosciuto nella passata edizione, conducendo i partecipanti verso <strong>Murazzano<\/strong>, dove si apriranno le porte dell\u2019Alta Langa. Un territorio che sar\u00e0 protagonista con i suoi colori, i suoi profumi e i suoi sapori, prima del passaggio a <strong>Torresina<\/strong>, lungo quella strada immersa nella vegetazione e nella natura che sembra un vero e proprio \u201cpiccolo Fiandre\u201d. Da qui il tracciato scender\u00e0 verso Igliano e Castellino Tanaro, fino a <strong>Niella Tanaro<\/strong>, patria del pane e della tradizione dei fornai.<\/p>\n<p>La successiva salita verso <strong>San Grato<\/strong>, seguita dalla svolta a sinistra in direzione Briaglia, condurr\u00e0 i ciclisti verso <strong>Vicoforte<\/strong>. Dopo circa un chilometro di discesa arriver\u00e0 uno dei momenti pi\u00f9 emozionanti dell\u2019intero percorso: l\u2019ingresso davanti al <strong>Santuario Regina Montis Regalis<\/strong>, uno dei luoghi pi\u00f9 affascinanti e solenni del Piemonte.<\/p>\n<p>Arte, fede e storia si fondono qui sotto la <strong>cupola ellittica pi\u00f9 grande del mondo<\/strong>, regalando ai partecipanti un&#8217;emozione che va oltre la competizione. Il passaggio davanti al Santuario sar\u00e0 uno dei punti pi\u00f9 spettacolari e riconoscibili di L\u2019\u00c9tape Mondov\u00ec, capace di raccontare in pochi istanti l&#8217;identit\u00e0 e la bellezza del territorio.<\/p>\n<p>Dopo la circumnavigazione della <strong>\u201cPalazzata\u201d<\/strong>, il percorso affronter\u00e0 una nuova risalita di circa 1,2 chilometri, con 50 metri di dislivello positivo, riportando il gruppo sul tracciato delle Moline. La strada seguir\u00e0 quindi la <strong>Valle Corsaglia fino a Straluzzo<\/strong>, dove i veri grimpeur saranno chiamati a dare il meglio per conquistare la prestigiosa <strong>maglia a pois<\/strong>, simbolo della classifica degli scalatori.<\/p>\n<p>Da qui il percorso raggiunger\u00e0 <strong>Frabosa Soprana<\/strong>, sfiorando le pendici del Monte Moro, per poi scendere verso <strong>Frabosa Sottana<\/strong>, cuore del comprensorio sciistico Mondol\u00e9 Ski. Un tratto che ancora una volta dimostra come L\u2019\u00c9tape Mondov\u00ec sia capace di attraversare in un&#8217;unica giornata ambienti e paesaggi profondamente diversi, dalla Langa alla montagna.<\/p>\n<p>Negli ultimi chilometri sar\u00e0 invece la velocit\u00e0 a diventare protagonista. Una lunga volata di circa <strong>2,5 chilometri tra i Gosi e Monastero di Vasco<\/strong> offrir\u00e0 ai velocisti l&#8217;occasione di contendersi la prestigiosa <strong>maglia verde<\/strong>. Il passaggio sulla <strong>via Vecchia di Frabosa<\/strong> e successivamente nel <strong>Borgato<\/strong> far\u00e0 da preludio al gran finale. La strada torner\u00e0 a salire verso <strong>Mondov\u00ec Piazza<\/strong>, accompagnando i ciclisti verso uno degli arrivi pi\u00f9 suggestivi dell&#8217;intero calendario granfondistico: quello in <strong>Piazza Maggiore<\/strong>, nel cuore storico della citt\u00e0.<\/p>\n<p><img loading=\"lazy\" decoding=\"async\" src=\"https:\/\/www.europesays.com\/it\/wp-content\/uploads\/2026\/08\/etape_2-1787731830055.webp\" alt=\"\" width=\"1200\" height=\"675\" caption=\"false\"\/><\/p>\n<p>\u00abL\u2019\u00c9tape Mondov\u00ec si conferma cos\u00ec una manifestazione capace di trasformare il percorso in un racconto del territorio: dalle colline del Dolcetto ai noccioleti, dall&#8217;Alta Langa alla Valle Corsaglia, dai borghi alle montagne, fino ai monumenti e alle piazze storiche di Mondov\u00ec. Un viaggio nel Piemonte pi\u00f9 autentico, da vivere in bicicletta e attraverso la grande esperienza internazionale di <strong>L\u2019\u00c9tape by Tour de France\u00bb<\/strong>.<\/p>\n<p><strong>Le iscrizioni a L\u2019\u00c9tape Mondov\u00ec sono ancora aperte:<\/strong> la quota \u00e8 di <strong>75 euro per la Granfondo<\/strong>, mentre la <strong>cicloturistica \u00e8 disponibile a 25 euro<\/strong>.<\/p>\n<p>Per maggiori informazioni:\u00a0<a href=\"https:\/\/us.list-manage.com\/OhRaH1vEDr_?e=1900e766b1&amp;c2id=058b84d7356453eea166edfdde1440c1\" rel=\"nofollow noopener\" target=\"_blank\">www.letapemondovi.it<\/a><\/p>\n","protected":false},"excerpt":{"rendered":"Non solo una sfida sportiva, ma un vero e proprio viaggio attraverso alcuni dei paesaggi pi\u00f9 suggestivi del&hellip;\n","protected":false},"author":3,"featured_media":650284,"comment_status":"","ping_status":"","sticky":false,"template":"","format":"standard","meta":{"footnotes":"","_share_on_mastodon":"0"},"categories":[1456],"tags":[1824,1825,335164,1537,90,89,191992,358761,165261,3010,358762,154712,2059,358763,245,244,1826],"class_list":["post-650283","post","type-post","status-publish","format-standard","has-post-thumbnail","category-ciclismo","tag-ciclismo","tag-cycling","tag-dolcetto","tag-it","tag-italia","tag-italy","tag-letape-mondovi","tag-langa-monregalese","tag-mondole-ski","tag-mondovi","tag-noccioleti","tag-piazza-maggiore","tag-piemonte","tag-santuario-regina-montis-regalis","tag-sport","tag-sports","tag-tour-de-france"],"share_on_mastodon":{"url":"https:\/\/pubeurope.com\/@it\/117161511697214728","error":""},"_links":{"self":[{"href":"https:\/\/www.europesays.com\/it\/wp-json\/wp\/v2\/posts\/650283","targetHints":{"allow":["GET"]}}],"collection":[{"href":"https:\/\/www.europesays.com\/it\/wp-json\/wp\/v2\/posts"}],"about":[{"href":"https:\/\/www.europesays.com\/it\/wp-json\/wp\/v2\/types\/post"}],"author":[{"embeddable":true,"href":"https:\/\/www.europesays.com\/it\/wp-json\/wp\/v2\/users\/3"}],"replies":[{"embeddable":true,"href":"https:\/\/www.europesays.com\/it\/wp-json\/wp\/v2\/comments?post=650283"}],"version-history":[{"count":0,"href":"https:\/\/www.europesays.com\/it\/wp-json\/wp\/v2\/posts\/650283\/revisions"}],"wp:featuredmedia":[{"embeddable":true,"href":"https:\/\/www.europesays.com\/it\/wp-json\/wp\/v2\/media\/650284"}],"wp:attachment":[{"href":"https:\/\/www.europesays.com\/it\/wp-json\/wp\/v2\/media?parent=650283"}],"wp:term":[{"taxonomy":"category","embeddable":true,"href":"https:\/\/www.europesays.com\/it\/wp-json\/wp\/v2\/categories?post=650283"},{"taxonomy":"post_tag","embeddable":true,"href":"https:\/\/www.europesays.com\/it\/wp-json\/wp\/v2\/tags?post=650283"}],"curies":[{"name":"wp","href":"https:\/\/api.w.org\/{rel}","templated":true}]}}