{"id":650334,"date":"2026-08-26T11:50:13","date_gmt":"2026-08-26T11:50:13","guid":{"rendered":"https:\/\/www.europesays.com\/it\/650334\/"},"modified":"2026-08-26T11:50:13","modified_gmt":"2026-08-26T11:50:13","slug":"legionella-insidia-vera-da-gennaio-19-infettati","status":"publish","type":"post","link":"https:\/\/www.europesays.com\/it\/650334\/","title":{"rendered":"Legionella insidia vera, da gennaio 19 infettati"},"content":{"rendered":"<p>CREMONA &#8211; <strong>Dal primo gennaio<\/strong> i casi confermati di infezione da <strong>legionella<\/strong> registrati da <strong>Ats Val Padana<\/strong> nella nostra provincia sono stati <strong>19<\/strong>. Numero identifico nel periodo compreso tra <strong>gennaio e fine luglio 2025<\/strong>. Se dunque non si registra una crescita degli episodi nonostante il caldo intenso di quest\u2019estate, va detto che il cosiddetto <strong>batterio killer<\/strong> resta evidentemente un <strong>pericolo concreto<\/strong>. Talvolta da <strong>importazione<\/strong>, perch\u00e9 tra quanti hanno contratto l\u2019infezione c\u2019\u00e8 anche chi era di ritorno da luoghi di villeggiatura.<\/p>\n<p><img decoding=\"async\" src=\"https:\/\/www.europesays.com\/it\/wp-content\/uploads\/2026\/08\/2608-CremoCro04_A0fdsfds,ph01-1787726357853.webp\" alt=\"\" width=\"770\" caption=\"false\"\/><\/p>\n<p>In attesa di un report pi\u00f9 dettagliato sui casi locali, il <strong>bollettino epidemiologico nazionale<\/strong> dell\u2019<strong>Istituto superiore della sanit\u00e0<\/strong> \u00e8 fermo al <strong>2024<\/strong> \u2013 quello sul <strong>2025<\/strong> dovrebbe uscire entro la fine dell\u2019estate \u2013 e mostra un\u2019impennata rispetto agli anni precedenti: se nel <strong>2022<\/strong> le infezioni in Italia erano state <strong>3.111<\/strong> e nel <strong>2023<\/strong> erano salite a <strong>3.911<\/strong>, nel <strong>2024<\/strong> si \u00e8 arrivati addirittura a <strong>4.627<\/strong>. <strong>Circa l\u201980%<\/strong> di questi casi \u00e8 suddiviso tra <strong>Lombardia, Piemonte, Veneto, Emilia-Romagna, Toscana e Lazio<\/strong>. Anche nel 2025 uno dei focolai principali registrati \u00e8 stato in <strong>Lombardia<\/strong>: <strong>12 infezioni<\/strong>, con un <strong>decesso<\/strong>, tra settembre e novembre a <strong>Milano nel quartiere San Siro-Rizzoli<\/strong>.<\/p>\n<p>Quest\u2019estate, invece, l\u2019ultimo <strong>decesso<\/strong> \u00e8 di pochi giorni fa: una <strong>91enne ad Arezzo<\/strong>, che potrebbe avere contratto l\u2019infezione in una <strong>rsa<\/strong>. Per informare, ma soprattutto per prevenire la diffusione del batterio, <strong>Ats Val Padana<\/strong> ha creato una sezione web ad hoc (<strong>https:\/\/www.ats-valpadana.it\/legionella-pneumophila<\/strong>) dove viene spiegato come ci si contagia e cosa fare per contrastare la diffusione. Fra le altre cose viene precisato che la <strong>legionella<\/strong> \u00ab<strong>si moltiplica in ambienti acquatici tra i 20 e i 50 gradi<\/strong>\u00bb, mentre al di sotto dei <strong>20 gradi<\/strong> non cresce.<\/p>\n<p><img decoding=\"async\" src=\"https:\/\/www.europesays.com\/it\/wp-content\/uploads\/2026\/08\/2608-CremoCro04_A0fdsfds,ph02-1787726378672.webp\" alt=\"\" width=\"660\" caption=\"false\"\/><\/p>\n<p>\u00ab<strong>Pu\u00f2 colpire le vie respiratorie<\/strong> provocando un\u2019<strong>infezione polmonare potenzialmente grave<\/strong> se le condizioni di salute sono gi\u00e0 precarie\u00bb, viene puntualizzato. Come ben spiegato in un video informativo pubblicato sui canali di Ats \u00e8 fondamentale <strong>pulire bene i rubinetti e le guarnizioni<\/strong>, <strong>lasciare scorrere l\u2019acqua<\/strong>, specialmente quando non viene utilizzata da un po\u2019, in particolare il <strong>rompigetto delle docce<\/strong>; per quanto riguarda i <strong>condizionatori<\/strong>, vanno <strong>puliti i filtri<\/strong> ed effettuate le <strong>manutenzioni<\/strong>.<\/p>\n<p>Naturalmente l\u2019<strong>acqua potabile cremonese \u00e8 sicura e controllata<\/strong>, come pi\u00f9 volte precisato anche da Padania Acque, il problema pu\u00f2 verificarsi per\u00f2 nelle <strong>tubature e nei rubinetti di casa<\/strong>, specialmente quelli meno utilizzati. Anche per questo <strong>Avr e Aqua Italia<\/strong>, associazioni federate <strong>Anima Confindustria<\/strong>, rinnovano l\u2019invito agli <strong>amministratori di condominio<\/strong> e ai cittadini a non abbassare la guardia, promuovendo una <strong>corretta gestione degli impianti idrici<\/strong>, elemento fondamentale per <strong>ridurre il rischio<\/strong>.<\/p>\n<p>    <a href=\"https:\/\/www.laprovinciacr.it\/news\/cronaca\/571046\/legionella-killer-condannata-a-6-mesi-la-titolare-della-locanda-omicidio-colposo.html?utm_source=VCMS_correlati\" class=\"vc_cont_image\" rel=\"nofollow noopener\" target=\"_blank\"><img decoding=\"async\" class=\"vc_image\" src=\"https:\/\/www.laprovinciacr.it\/resizer\/150\/-1\/true\/1360687068587.jpg--legionella_killer__condannata_a_6_mesi_la_titolare_della_locanda__omicidio_colposo.jpg\"\/><\/a><\/p>\n","protected":false},"excerpt":{"rendered":"CREMONA &#8211; Dal primo gennaio i casi confermati di infezione da legionella registrati da Ats Val Padana nella&hellip;\n","protected":false},"author":3,"featured_media":650335,"comment_status":"","ping_status":"","sticky":false,"template":"","format":"standard","meta":{"footnotes":"","_share_on_mastodon":"0"},"categories":[175],"tags":[28834,5665,16213,239,1537,90,89,5188,330996,5762,191103,2059,240,11922,108],"class_list":["post-650334","post","type-post","status-publish","format-standard","has-post-thumbnail","category-salute","tag-ats-val-padana","tag-cremona","tag-emilia-romagna","tag-health","tag-it","tag-italia","tag-italy","tag-lazio","tag-legionella-pneumophila","tag-lombardia","tag-padania-acque","tag-piemonte","tag-salute","tag-toscana","tag-veneto"],"share_on_mastodon":{"url":"https:\/\/pubeurope.com\/@it\/117161666131272392","error":""},"_links":{"self":[{"href":"https:\/\/www.europesays.com\/it\/wp-json\/wp\/v2\/posts\/650334","targetHints":{"allow":["GET"]}}],"collection":[{"href":"https:\/\/www.europesays.com\/it\/wp-json\/wp\/v2\/posts"}],"about":[{"href":"https:\/\/www.europesays.com\/it\/wp-json\/wp\/v2\/types\/post"}],"author":[{"embeddable":true,"href":"https:\/\/www.europesays.com\/it\/wp-json\/wp\/v2\/users\/3"}],"replies":[{"embeddable":true,"href":"https:\/\/www.europesays.com\/it\/wp-json\/wp\/v2\/comments?post=650334"}],"version-history":[{"count":0,"href":"https:\/\/www.europesays.com\/it\/wp-json\/wp\/v2\/posts\/650334\/revisions"}],"wp:featuredmedia":[{"embeddable":true,"href":"https:\/\/www.europesays.com\/it\/wp-json\/wp\/v2\/media\/650335"}],"wp:attachment":[{"href":"https:\/\/www.europesays.com\/it\/wp-json\/wp\/v2\/media?parent=650334"}],"wp:term":[{"taxonomy":"category","embeddable":true,"href":"https:\/\/www.europesays.com\/it\/wp-json\/wp\/v2\/categories?post=650334"},{"taxonomy":"post_tag","embeddable":true,"href":"https:\/\/www.europesays.com\/it\/wp-json\/wp\/v2\/tags?post=650334"}],"curies":[{"name":"wp","href":"https:\/\/api.w.org\/{rel}","templated":true}]}}