{"id":650510,"date":"2026-08-26T14:20:17","date_gmt":"2026-08-26T14:20:17","guid":{"rendered":"https:\/\/www.europesays.com\/it\/650510\/"},"modified":"2026-08-26T14:20:17","modified_gmt":"2026-08-26T14:20:17","slug":"trieste-ospitera-la-eurovelo-conference-2027","status":"publish","type":"post","link":"https:\/\/www.europesays.com\/it\/650510\/","title":{"rendered":"Trieste ospiter\u00e0 la EuroVelo Conference 2027"},"content":{"rendered":"<p>   Indietro Impegno per l&#8217;accessibilit\u00e0 di mediaimmagine s.r.l. Presso <strong>mediaimmagine s.r.l.<\/strong>, ci impegniamo a rendere la nostra presenza digitale il pi\u00f9 accessibile e inclusiva possibile per tutti gli utenti, comprese le persone con disabilit\u00e0. Il nostro obiettivo \u00e8 migliorare l&#8217;usabilit\u00e0 di <strong>https:\/\/trieste.news<\/strong> e supportare un&#8217;esperienza pi\u00f9 accessibile per tutti, indipendentemente dalle capacit\u00e0 o dalle tecnologie utilizzate.Il nostro approccio all&#8217;accessibilit\u00e0 Cerchiamo di allinearci alle Linee guida per l&#8217;accessibilit\u00e0 dei contenuti web (WCAG), che definiscono standard riconosciuti a livello internazionale per l&#8217;accessibilit\u00e0 digitale. Sebbene non sia sempre possibile garantire la piena conformit\u00e0, ci impegniamo ad apportare miglioramenti quando possibile e a rivedere regolarmente gli aspetti legati all&#8217;accessibilit\u00e0 del nostro sito. L&#8217;accessibilit\u00e0 \u00e8 un processo continuo, e ci impegniamo a migliorare l&#8217;esperienza nel tempo, man mano che evolvono tecnologie, standard ed esigenze degli utenti.Funzionalit\u00e0 di accessibilit\u00e0 Per supportare l&#8217;accessibilit\u00e0, <strong>https:\/\/trieste.news<\/strong> pu\u00f2 utilizzare strumenti come la barra di accessibilit\u00e0 OneTap. Questa interfaccia offre una serie di funzionalit\u00e0 utili, tra cui:<\/p>\n<ul>\n<li>Dimensioni del testo e impostazioni di contrasto regolabili<\/li>\n<li>Evidenziazione di collegamenti e testi per una migliore visibilit\u00e0<\/li>\n<li>Navigazione completa da tastiera dell&#8217;interfaccia<\/li>\n<li>Avvio rapido tramite scorciatoia da tastiera: <strong>Alt + .<\/strong> (Windows) o <strong>\u2318 + .<\/strong> (Mac)<\/li>\n<\/ul>\n<p> <strong>Si prega di notare quanto segue:<\/strong><\/p>\n<ul>\n<li>La disponibilit\u00e0 e l&#8217;efficacia di queste funzionalit\u00e0 dipendono dalla configurazione del sito e dalla sua manutenzione continua.<\/li>\n<li>Nonostante i nostri sforzi per garantire l\u2019accessibilit\u00e0, non possiamo assicurare che tutte le parti di <strong>https:\/\/trieste.news<\/strong> siano sempre completamente accessibili. Alcuni contenuti potrebbero essere forniti da terze parti o influenzati da limitazioni tecniche al di fuori del nostro controllo.<\/li>\n<\/ul>\n<p>Feedback e contatti Accogliamo con piacere i vostri feedback. Se riscontrate barriere all&#8217;accessibilit\u00e0 o avete suggerimenti per miglioramenti, vi preghiamo di contattarci: Email: <strong><a href=\"https:\/\/www.triesteallnews.it\/cdn-cgi\/l\/email-protection\" class=\"__cf_email__\" data-cfemail=\"fe988c91908a919898979d9bbe939b9a979f9793939f9997909bd0978a\" rel=\"nofollow noopener\" target=\"_blank\">[email\u00a0protected]<\/a><\/strong> Siamo impegnati a esaminare tutte le richieste e a rispondere entro 3\u20135 giorni lavorativi. Se avete bisogno di assistenza per accedere a qualsiasi parte di questo sito web, saremo lieti di fornirla tramite canali alternativi su richiesta. <strong>Ultimo aggiornamento:<\/strong> 22 giugno 2026<\/p>\n","protected":false},"excerpt":{"rendered":"Indietro Impegno per l&#8217;accessibilit\u00e0 di mediaimmagine s.r.l. Presso mediaimmagine s.r.l., ci impegniamo a rendere la nostra presenza digitale&hellip;\n","protected":false},"author":3,"featured_media":650511,"comment_status":"","ping_status":"","sticky":false,"template":"","format":"standard","meta":{"footnotes":"","_share_on_mastodon":"0"},"categories":[1456],"tags":[1824,38876,877,321549,1825,358840,358841,1537,90,89,11899,245,244,6687],"class_list":["post-650510","post","type-post","status-publish","format-standard","has-post-thumbnail","category-ciclismo","tag-ciclismo","tag-cicloturismo","tag-conferenza","tag-cristina-amirante","tag-cycling","tag-cyros","tag-eurovelo","tag-it","tag-italia","tag-italy","tag-mobilita-sostenibile","tag-sport","tag-sports","tag-trieste"],"share_on_mastodon":{"url":"https:\/\/pubeurope.com\/@it\/117162254363834178","error":""},"_links":{"self":[{"href":"https:\/\/www.europesays.com\/it\/wp-json\/wp\/v2\/posts\/650510","targetHints":{"allow":["GET"]}}],"collection":[{"href":"https:\/\/www.europesays.com\/it\/wp-json\/wp\/v2\/posts"}],"about":[{"href":"https:\/\/www.europesays.com\/it\/wp-json\/wp\/v2\/types\/post"}],"author":[{"embeddable":true,"href":"https:\/\/www.europesays.com\/it\/wp-json\/wp\/v2\/users\/3"}],"replies":[{"embeddable":true,"href":"https:\/\/www.europesays.com\/it\/wp-json\/wp\/v2\/comments?post=650510"}],"version-history":[{"count":0,"href":"https:\/\/www.europesays.com\/it\/wp-json\/wp\/v2\/posts\/650510\/revisions"}],"wp:featuredmedia":[{"embeddable":true,"href":"https:\/\/www.europesays.com\/it\/wp-json\/wp\/v2\/media\/650511"}],"wp:attachment":[{"href":"https:\/\/www.europesays.com\/it\/wp-json\/wp\/v2\/media?parent=650510"}],"wp:term":[{"taxonomy":"category","embeddable":true,"href":"https:\/\/www.europesays.com\/it\/wp-json\/wp\/v2\/categories?post=650510"},{"taxonomy":"post_tag","embeddable":true,"href":"https:\/\/www.europesays.com\/it\/wp-json\/wp\/v2\/tags?post=650510"}],"curies":[{"name":"wp","href":"https:\/\/api.w.org\/{rel}","templated":true}]}}