{"id":650539,"date":"2026-08-26T14:44:15","date_gmt":"2026-08-26T14:44:15","guid":{"rendered":"https:\/\/www.europesays.com\/it\/650539\/"},"modified":"2026-08-26T14:44:15","modified_gmt":"2026-08-26T14:44:15","slug":"cmb-imoco-center-domenica-speciale-con-padel-volley-e-moda","status":"publish","type":"post","link":"https:\/\/www.europesays.com\/it\/650539\/","title":{"rendered":"CMB Imoco Center, domenica speciale con padel, volley e moda"},"content":{"rendered":"<p>Sar\u00e0 una domenica all\u2019insegna dello sport, dello spettacolo e della moda quella in programma al CMB Imoco Center di Villorba, che si prepara a chiudere con una grande giornata il pi\u00f9 importante torneo nazionale FITP mai ospitato dal circolo adiacente al Palaverde.<\/p>\n<p>Dal 26 al 30 agosto il CMB Imoco Center ospita l\u2019Open 10.000 by Heroe\u2019s, torneo FITP maschile e femminile che ha fatto registrare nelle iscrizioni numeri da record. Tra questi spicca il dato delle 62 donne iscritte, il numero pi\u00f9 alto mai raggiunto nella storia del Center, mentre i partecipanti uomini sono 112, tutti top player nazionali: nei nomi di prima fascia da tenere d\u2019occhio Riccardo Sinicropi, Nicol\u00f2 Turchetti, il padovano Edoardo Sardella, Mauro Agustin Salandro, Emiliano Martin Iriart, Alberto Bagarello e Alessandro Ferrero. Tra le donne di prima fascia giocheranno Letizia Dell\u2019Agnese, Antonella Cavicchi, Francesca Scrinzi e Camilla Ronchini. Ci sar\u00e0 anche un&#8217;agguerrita rappresentanza dei giocatori di &#8220;casa&#8221;, presenti in tabellone anche i maestri del Padel Club X4 Riccardo Menon e Beatrice Varini, che prenderanno parte alla competizione. Montepremi di 10mila euro, ingresso gratuito e finali dalle ore 16.<\/p>\n<p>La giornata di domenica sar\u00e0 dedicata alle finali del torneo, in programma nell\u2019arena del CMB Imoco Center. L\u2019accesso sar\u00e0 libero per il pubblico, che potr\u00e0 assistere dal vivo alle sfide decisive dell\u2019Open 10.000 by Heroe\u2019s. Per chi non potr\u00e0 essere presente, le finali saranno inoltre trasmesse in diretta sul canale YouTube di CMB Imoco Center, permettendo cos\u00ec a tutti gli appassionati di seguire l\u2019atto conclusivo della manifestazione, che inizier\u00e0 intorno alle ore 16. Al termine delle finali e della premiazione, la giornata proseguir\u00e0 con un appuntamento ormai diventato una tradizione del CMB Imoco Center: la sfilata di moda by Eligere di Merrebel, in programma dalle ore 18.<br \/>Eligere di Merrebel \u00e8 il brand e nome d\u2019arte di Merrebel Gifty Ackah, stilista africana, consulente d\u2019immagine, insegnante di portamento e organizzatrice di eventi. La sua realt\u00e0 unisce moda, immagine e spettacolo e porter\u00e0 per il terzo anno consecutivo sulla passerella del CMB Imoco Center una proposta all\u2019insegna di eleganza e stile. Protagoniste speciali della sfilata anche le Panterine della Prosecco DOC A. Carraro Imoco Volley. Le giovani giallobl\u00f9 aggregate alla prima squadra per la preparazione estiva vestiranno i panni di modelle per una sera. Un appuntamento che preceder\u00e0 la loro partenza per il ritiro di Alleghe assieme a staff e &#8220;seniores&#8221; della prima squadra.<\/p>\n<p><strong>Il commento<\/strong><\/p>\n<p>\u00abRinnoviamo con grande orgoglio uno degli appuntamenti pi\u00f9 attesi dell\u2019anno: la sfilata di Eligere di Merrebel, abbinata al prestigioso Open 10.000 by Heroe\u2019s, rappresenta per il terzo anno consecutivo un connubio vincente tra sport, moda e spettacolo, elementi che caratterizzano sempre pi\u00f9 l\u2019identit\u00e0 del CMB Imoco Center &#8211; conclude il direttore Matteo Bianchin -. Nella stessa giornata il pubblico potr\u00e0 vivere da una parte tutta la qualit\u00e0 e le emozioni del padel italiano di alto livello e, dall\u2019altra, apprezzare l\u2019eleganza e la raffinatezza di un brand che ha scelto ancora una volta il nostro centro come palcoscenico. Portare al CMB Imoco Center non soltanto gli sportivi, ma un pubblico sempre pi\u00f9 ampio, creando occasioni di incontro, condivisione e spettacolo, \u00e8 da sempre uno dei nostri obiettivi. Grazie al prezioso sostegno dei nostri sponsor e al lavoro di tutta la squadra, possiamo dire con soddisfazione di aver centrato ancora una volta il punto\u00bb.<\/p>\n","protected":false},"excerpt":{"rendered":"Sar\u00e0 una domenica all\u2019insegna dello sport, dello spettacolo e della moda quella in programma al CMB Imoco Center&hellip;\n","protected":false},"author":3,"featured_media":650540,"comment_status":"","ping_status":"","sticky":false,"template":"","format":"standard","meta":{"footnotes":"","_share_on_mastodon":"0"},"categories":[1474],"tags":[358851,626,1537,90,89,3112,49367,245,244,1869,106],"class_list":["post-650539","post","type-post","status-publish","format-standard","has-post-thumbnail","category-volley","tag-cmb-imoco-center","tag-eventi","tag-it","tag-italia","tag-italy","tag-moda","tag-sfilate","tag-sport","tag-sports","tag-volley","tag-weekend"],"share_on_mastodon":{"url":"https:\/\/pubeurope.com\/@it\/117162349020211631","error":""},"_links":{"self":[{"href":"https:\/\/www.europesays.com\/it\/wp-json\/wp\/v2\/posts\/650539","targetHints":{"allow":["GET"]}}],"collection":[{"href":"https:\/\/www.europesays.com\/it\/wp-json\/wp\/v2\/posts"}],"about":[{"href":"https:\/\/www.europesays.com\/it\/wp-json\/wp\/v2\/types\/post"}],"author":[{"embeddable":true,"href":"https:\/\/www.europesays.com\/it\/wp-json\/wp\/v2\/users\/3"}],"replies":[{"embeddable":true,"href":"https:\/\/www.europesays.com\/it\/wp-json\/wp\/v2\/comments?post=650539"}],"version-history":[{"count":0,"href":"https:\/\/www.europesays.com\/it\/wp-json\/wp\/v2\/posts\/650539\/revisions"}],"wp:featuredmedia":[{"embeddable":true,"href":"https:\/\/www.europesays.com\/it\/wp-json\/wp\/v2\/media\/650540"}],"wp:attachment":[{"href":"https:\/\/www.europesays.com\/it\/wp-json\/wp\/v2\/media?parent=650539"}],"wp:term":[{"taxonomy":"category","embeddable":true,"href":"https:\/\/www.europesays.com\/it\/wp-json\/wp\/v2\/categories?post=650539"},{"taxonomy":"post_tag","embeddable":true,"href":"https:\/\/www.europesays.com\/it\/wp-json\/wp\/v2\/tags?post=650539"}],"curies":[{"name":"wp","href":"https:\/\/api.w.org\/{rel}","templated":true}]}}