{"id":650621,"date":"2026-08-26T15:47:14","date_gmt":"2026-08-26T15:47:14","guid":{"rendered":"https:\/\/www.europesays.com\/it\/650621\/"},"modified":"2026-08-26T15:47:14","modified_gmt":"2026-08-26T15:47:14","slug":"la-statua-di-tiziano-restituita-al-cuore-del-suo-paese-natale","status":"publish","type":"post","link":"https:\/\/www.europesays.com\/it\/650621\/","title":{"rendered":"La statua di Tiziano restituita al cuore del suo paese natale"},"content":{"rendered":"<p><a href=\"https:\/\/www.ilgazzettino.it\/t\/pieve-di-cadore\" rel=\"nofollow noopener\" target=\"_blank\">PIEVE DI CADORE<\/a> &#8211; Da luned\u00ec, smontata l&#8217;impalcatura che ha permesso i lavori e che per alcuni mesi ha nascosto il simbolo della piazza principale di Pieve di Cadore, la <a href=\"https:\/\/www.ilgazzettino.it\/t\/statua\" rel=\"nofollow noopener\" target=\"_blank\">statua<\/a> di <a href=\"https:\/\/www.ilgazzettino.it\/t\/tiziano\" rel=\"nofollow noopener\" target=\"_blank\">Tiziano<\/a> domina la scena in tutto il suo rinnovato, pardon, <a href=\"https:\/\/www.ilgazzettino.it\/t\/restauro\" rel=\"nofollow noopener\" target=\"_blank\">restaurato<\/a>\u00a0splendore. \u00c8 grande l&#8217;ammirazione della gente che ritrova il &#8220;compaesano&#8221; tornato a dominare il cuore del suo paese natale. Ancora qualche giorno per le rifiniture di alcune parti del basamento e tutto sar\u00e0 pronto per l&#8217;inaugurazione. Come hanno spiegato dal Comune: \u00abPer la ditta Altinate Snc si \u00e8 trattato di un lavoro soddisfacente e molto complesso, che avrebbe potuto essere svolto soltanto nelle settimane pi\u00f9 calde dell&#8217;anno, in quanto i prodotti di pulizia e protezione del bronzo agiscono efficacemente a temperature minime elevate. \u00c8 il primo restauro completo della statua da quando \u00e8 stata inaugurata per la prima volta il 5 settembre del 1880. Proprio in onore di quella giornata, a cui avevano partecipato cadorini di ogni paese, abbiamo deciso che l&#8217;inaugurazione del restauro avverr\u00e0 il sabato 5 settembre 2026\u00bb. Intervento importante possibile grazie al sostegno di CortinaBanca, &#8220;che vogliamo ringraziare da subito per avere reso possibile questo restauro in un anno simbolico come quello dei 450 della morte dell&#8217;artista&#8221; dice la sindaca Sindi Manushi.<\/p>\n<p>L&#8217;opera di dal zotto<\/p>\n<p>Pieve ha dedicato la statua in bronzo, su un piedistallo ottagonale nella piazza che del celebre pittore porta il nome: Tiziano. \u00c8 opera dello scultore veneziano Antonio Dal Zotto, misura 285 centimetri e poggia su un basamento in pietra. Pieve e il Cadore intero presenziarono all&#8217;inaugurazione nel 1880 e in quest&#8217;estate di eventi che celebrano il cadorino pi\u00f9 celebre al mondo si attende la giornata pi\u00f9 ricca di appuntamenti.<\/p>\n<p>Il programma<\/p>\n<p>La giornata commemorativa per il 450\u00b0 anniversario della morte di Tiziano Vecellio \u00e8 domani, 27 agosto. Si inizier\u00e0 alle 11 nella Casa di Tiziano l&#8217;Oratore con &#8220;La vita di Tiziano&#8221;, un monologo di Antonio Chiades con accompagnamento musicale di Lorenzo Tonon. Dalle 14 alle 19 nel Palazzo della Magnifica Comunit\u00e0 l&#8217;esposizione filatelico-numismatica e medaglistica a tema tizianesco a cura di Floriano Cian: ci sar\u00e0 anche l&#8217;attivazione del servizio filatelico temporaneo con bollo speciale effettuato da Poste Italiane (presentazione alle 16.30 sempre nel palazzo della Magnifica Comunit\u00e0, un&#8217;occasione unica per gli appassionati e i collezionisti). Alle 17 la degustazione del gelato artigianale Rosso Tiziano, del maestro gelatiere Fausto Bortolot, negli spazi esterni della Casa Natale. Al Cosmo alle 18.30 &#8220;Mentre Venezia muore: l&#8217;ultimo voto di Tiziano. La piet\u00e0 e la peste del 1576&#8221;, prima assoluta della lettura scenica di e con Matteo Melchiorre e le azioni musicali di Nelso Salton (contrabbasso) e Tommaso Sogne (percussioni). Chiusura affidata alla musica con il &#8220;Requiem per Tiziano&#8221;, protagonista l&#8217;Ensemble Odhecaton diretto da Paolo Da Col in Arcidiaconale.<\/p>\n<p>Nuovo record<\/p>\n<p>La mostra &#8220;Tiziano e il Paesaggio&#8221; rester\u00e0 aperta per l&#8217;occasione con orario continuato dalle ore 10 alle 21. L&#8217;esposizione continua a richiamare visitatori, sono stati superati 6 mila ingressi ieri sera (200 nella giornata), un risultato importante per una realt\u00e0 della periferia alpina che conferma e amplia il successo della mostra invernale. Migliaia di persone sono entrate nelle sale del Palazzo della Magnifica Comunit\u00e0 di Cadore per scoprire le opere, approfondire il rapporto tra Tiziano e il paesaggio e conoscere pi\u00f9 da vicino l&#8217;eredit\u00e0 del Maestro. A staccare il biglietto numero 5 mila la settimana passata era stata Claudia Serantoni, arrivata da Mestre: alla visitatrice la Magnifica Comunit\u00e0 di Cadore ha regalato il catalogo della mostra &#8220;Tiziano e il Paesaggio&#8221;.<br \/>&#13;<br \/>\n\u00a0<\/p>\n","protected":false},"excerpt":{"rendered":"PIEVE DI CADORE &#8211; Da luned\u00ec, smontata l&#8217;impalcatura che ha permesso i lavori e che per alcuni mesi&hellip;\n","protected":false},"author":3,"featured_media":650622,"comment_status":"","ping_status":"","sticky":false,"template":"","format":"standard","meta":{"footnotes":"","_share_on_mastodon":"0"},"categories":[1446],"tags":[1615,1613,1614,1611,1610,1612,203,204,1537,90,89,356416,38149,7452,60417],"class_list":["post-650621","post","type-post","status-publish","format-standard","has-post-thumbnail","category-arte-e-design","tag-arte","tag-arte-e-design","tag-arteedesign","tag-arts","tag-arts-and-design","tag-design","tag-entertainment","tag-intrattenimento","tag-it","tag-italia","tag-italy","tag-pieve-di-cadore","tag-restauro","tag-statua","tag-tiziano"],"share_on_mastodon":{"url":"https:\/\/pubeurope.com\/@it\/117162596496744525","error":""},"_links":{"self":[{"href":"https:\/\/www.europesays.com\/it\/wp-json\/wp\/v2\/posts\/650621","targetHints":{"allow":["GET"]}}],"collection":[{"href":"https:\/\/www.europesays.com\/it\/wp-json\/wp\/v2\/posts"}],"about":[{"href":"https:\/\/www.europesays.com\/it\/wp-json\/wp\/v2\/types\/post"}],"author":[{"embeddable":true,"href":"https:\/\/www.europesays.com\/it\/wp-json\/wp\/v2\/users\/3"}],"replies":[{"embeddable":true,"href":"https:\/\/www.europesays.com\/it\/wp-json\/wp\/v2\/comments?post=650621"}],"version-history":[{"count":0,"href":"https:\/\/www.europesays.com\/it\/wp-json\/wp\/v2\/posts\/650621\/revisions"}],"wp:featuredmedia":[{"embeddable":true,"href":"https:\/\/www.europesays.com\/it\/wp-json\/wp\/v2\/media\/650622"}],"wp:attachment":[{"href":"https:\/\/www.europesays.com\/it\/wp-json\/wp\/v2\/media?parent=650621"}],"wp:term":[{"taxonomy":"category","embeddable":true,"href":"https:\/\/www.europesays.com\/it\/wp-json\/wp\/v2\/categories?post=650621"},{"taxonomy":"post_tag","embeddable":true,"href":"https:\/\/www.europesays.com\/it\/wp-json\/wp\/v2\/tags?post=650621"}],"curies":[{"name":"wp","href":"https:\/\/api.w.org\/{rel}","templated":true}]}}