{"id":650639,"date":"2026-08-26T15:58:17","date_gmt":"2026-08-26T15:58:17","guid":{"rendered":"https:\/\/www.europesays.com\/it\/650639\/"},"modified":"2026-08-26T15:58:17","modified_gmt":"2026-08-26T15:58:17","slug":"plastica-e-emergenza-nelle-marche-presto-non-sapremo-piu-dove-metterla-raccolta-differenziata-a-rischio","status":"publish","type":"post","link":"https:\/\/www.europesays.com\/it\/650639\/","title":{"rendered":"Plastica, \u00e8 emergenza nelle Marche: \u00abPresto non sapremo pi\u00f9 dove metterla\u00bb. Raccolta differenziata a rischio"},"content":{"rendered":"<p>ANCONA &#8211; Emergenza plastica, a rischio la raccolta differenziata. Se non si prenderanno provvedimenti nel breve periodo il sistema andr\u00e0 in tilt. \u00c8 sostanzialmente questo il tenore dell\u2019allarme lanciato da due province marchigiane: quella di Pesaro con Marche Multiservizi (che gi\u00e0 deve gestire la crisi idrica dovuta alle continue rotture dell\u2019acquedotto) e quella di Macerata con il Cosmari. <\/p>\n<p><p>APPROFONDIMENTI<\/p>\n<\/p>\n<p><img decoding=\"async\" alt=\"\" class=\"wnv-lazy\" src=\"https:\/\/www.europesays.com\/it\/wp-content\/uploads\/2026\/08\/discarica_25221703.jpg\"\/><\/p>\n<p>La crisi  <\/p>\n<p>Anche la nostra regione dunque entra a pieno titolo nella crisi nazionale, dovuta al fatto che Corepla (Consorzio nazionale per la raccolta, il riciclo e il recupero degli Imballaggi in plastica) non riesce a pi\u00f9 a ritirare integralmente la plastica stoccata dai Comuni. In pratica, non sappiamo pi\u00f9 dove stoccare tutto il materiale raccolto.<\/p>\n<p>E questo perch\u00e9 la domanda di plastica riciclata \u00e8 crollata, a favore di quella vergine. Una crisi che nella nostra regione si inserisce in un sistema di discariche gi\u00e0 al limite: con capacit\u00e0 residue di abbancamento ridotte ai minimi termini un po\u2019 ovunque, salvo qualche rara eccezione, tamponata con ampliamenti e sormonti. In pratica, un\u2019emergenza nell\u2019emergenza. \u00abSi rappresenta &#8211; si legge nell\u2019ultima lettera inviata da Marche Multiservizi alla Regione, dopo quelle di maggio &#8211; il concreto e imminente rischio di blocco dell&#8217;accettazione della plastica da raccolta differenziata\u00bb. E ancora, in maniera pi\u00f9 esplicita: \u00abIn assenza di soluzioni tempestive, potremmo essere costretti, ai sindaci di limitare il servizio di raccolta differenziata degli imballaggi in plastica sul territorio\u00bb.  <\/p>\n<p>L\u2019allarme  <\/p>\n<p>Le conseguenze di un simile scenario? \u00abRipercussioni sotto il profilo e del decoro urbano &#8211; scrive ancora Marche Multiservizi &#8211; con possibile accumulo incontrollato di rifiuti presso le utenze e sulle aree pubbliche, incremento dei rischi connessi alla proliferazione di agenti infestanti e potenziale compromissione delle condizioni di salubrit\u00e0 dell&#8217;ambiente urbano\u00bb. E qui l\u2019emergenza si trasforma in beffa, perch\u00e9 la plastica da entrata si trasformer\u00e0 inevitabilmente in costo. Un\u2019economia circolare al rovescio.<\/p>\n<p>\u00abOrmai &#8211; spiega Luca Ceriscioli, presidente di Marche Multiservizi &#8211; siamo inevitabilmente in una fase di spreco. Perch\u00e9 per evitare di smettere di raccoglierla, che sarebbe lo scenario peggiore, o portiamo la plastica nelle discariche, oppure dovremmo trovare un accordo con le altre regioni per portarla nei termovalorizzatori. E qui dovrebbe entrare in campo la Regione\u00bb. E quindi, visto lo stato di saturazione delle nostre discariche, la via sembra quasi segnata. \u00abIl problema \u00e8 che ci sono stati mesi e mesi di inerzia &#8211; aggiunge Ceriscioli &#8211; e si \u00e8 continuato con la raccolta come niente fosse. Oltretutto non si \u00e8 pensato neanche a politiche di pi\u00f9 ampio respiro. La questione di fondo \u00e8 trovare il modo perch\u00e9 la plastica riciclata sia pi\u00f9 competitiva rispetto a quella vergine\u00bb. E per la provincia di Macerata, se vogliamo, la situazione \u00e8 ancora peggiore perch\u00e9 la discarica di Cingoli \u00e8 ormai ridotta all\u2019osso. <\/p>\n<p>Le tempistiche  <\/p>\n<p>Mentre per quella nuova \u00e8 piena bagarre, dopo che l\u2019Ata ha approvato la nuova classifica dei siti idonei. \u00abLe nostre capacit\u00e0 si stanno esaurendo &#8211; sottolinea Brigitte Pellei, direttrice del Cosmari &#8211; e se continua cos\u00ec ci sar\u00e0 un problema di stoccaggio della plastica. Aspettiamo agosto che storicamente \u00e8 il periodo pi\u00f9 critico, poi vedremo le prime settimane di settembre. \u00c8 chiaro che se continua cos\u00ec vanno trovate delle soluzioni, perch\u00e9 non ci sar\u00e0 proprio pi\u00f9 lo spazio fisico dove stoccarla. Penso entro un paio di mesi, quindi serve un impegno congiunto di tutte le parti in causa, a partire ovviamente da noi gestori\u00bb. Il tempo stringe, la plastica si accumula. Bisogna fare presto. <\/p>\n","protected":false},"excerpt":{"rendered":"ANCONA &#8211; Emergenza plastica, a rischio la raccolta differenziata. Se non si prenderanno provvedimenti nel breve periodo il&hellip;\n","protected":false},"author":3,"featured_media":650640,"comment_status":"","ping_status":"","sticky":false,"template":"","format":"standard","meta":{"footnotes":"","_share_on_mastodon":"0"},"categories":[79],"tags":[14,93,94,450,1537,90,89,2993,7,15,21561,49946,11,84,91,12,85,92],"class_list":["post-650639","post","type-post","status-publish","format-standard","has-post-thumbnail","category-italia","tag-cronaca","tag-cronaca-italiana","tag-cronacaitaliana","tag-emergenza","tag-it","tag-italia","tag-italy","tag-marche","tag-news","tag-notizie","tag-plastica","tag-raccolta-differenziata","tag-ultime-notizie","tag-ultime-notizie-e-news-di-oggi","tag-ultime-notizie-italia","tag-ultimenotizie","tag-ultimenotizieenewsdioggi","tag-ultimenotizieitalia"],"share_on_mastodon":{"url":"https:\/\/pubeurope.com\/@it\/117162640927018611","error":""},"_links":{"self":[{"href":"https:\/\/www.europesays.com\/it\/wp-json\/wp\/v2\/posts\/650639","targetHints":{"allow":["GET"]}}],"collection":[{"href":"https:\/\/www.europesays.com\/it\/wp-json\/wp\/v2\/posts"}],"about":[{"href":"https:\/\/www.europesays.com\/it\/wp-json\/wp\/v2\/types\/post"}],"author":[{"embeddable":true,"href":"https:\/\/www.europesays.com\/it\/wp-json\/wp\/v2\/users\/3"}],"replies":[{"embeddable":true,"href":"https:\/\/www.europesays.com\/it\/wp-json\/wp\/v2\/comments?post=650639"}],"version-history":[{"count":0,"href":"https:\/\/www.europesays.com\/it\/wp-json\/wp\/v2\/posts\/650639\/revisions"}],"wp:featuredmedia":[{"embeddable":true,"href":"https:\/\/www.europesays.com\/it\/wp-json\/wp\/v2\/media\/650640"}],"wp:attachment":[{"href":"https:\/\/www.europesays.com\/it\/wp-json\/wp\/v2\/media?parent=650639"}],"wp:term":[{"taxonomy":"category","embeddable":true,"href":"https:\/\/www.europesays.com\/it\/wp-json\/wp\/v2\/categories?post=650639"},{"taxonomy":"post_tag","embeddable":true,"href":"https:\/\/www.europesays.com\/it\/wp-json\/wp\/v2\/tags?post=650639"}],"curies":[{"name":"wp","href":"https:\/\/api.w.org\/{rel}","templated":true}]}}