{"id":650642,"date":"2026-08-26T16:07:18","date_gmt":"2026-08-26T16:07:18","guid":{"rendered":"https:\/\/www.europesays.com\/it\/650642\/"},"modified":"2026-08-26T16:07:18","modified_gmt":"2026-08-26T16:07:18","slug":"federer-verso-gli-us-open-2026-se-novak-gioca-ancora-e-perche-sa-di-poter-vincere","status":"publish","type":"post","link":"https:\/\/www.europesays.com\/it\/650642\/","title":{"rendered":"Federer verso gli Us Open 2026: \u201cSe Novak gioca ancora \u00e8 perch\u00e9 sa di poter vincere\u201d"},"content":{"rendered":"<p>New York, 25 agosto 2026 \u2013 Lo <strong>US Open<\/strong> \u00e8 gi\u00e0 iniziato con le qualificazioni, ancora pochi giorni e si scoprir\u00e0 il tabellone completo e, sui campi di Flushing Meadows, a New York, si sfideranno i migliori tennisti del mondo. Tutti tranne <strong>Jannik Sinner<\/strong>, che pochi giorni fa ha annunciato che non avrebbe partecipato a causa di un problema al ginocchio. Un&#8217;assenza dolorosa per l&#8217;altoatesino, che aveva detto di essere \u201ctriste e deluso\u201d per la mancata partecipazione all&#8217;ultimo torneo del Grande Slam. Ci vorr\u00e0 ancora del tempo prima che rientri in campo e questa mattina \u00e8 stato avvistato al J Medical di Torino per fare ulteriori controlli e capire meglio come procedere. L&#8217;italiano era sicuramente il candidato principale per la vittoria finale, sia per il recente successo a <strong>Wimbledon<\/strong>, in cui aveva scacciato via tutte le critiche successive all&#8217;eliminazione al secondo turno al Roland Garros, sia per il divario che c&#8217;\u00e8 con gli avversari. Da <strong>Zverev <\/strong>in gi\u00f9, in questo momento, \u00e8 difficile pensare ad un tennista che possa infastidire Jannik, anche perch\u00e9 <strong>Carlos Alcaraz<\/strong> (che torner\u00e0 dopo aver saltato gli ultimi due slam per un problema al polso) non \u00e8 ancora al top della forma e dovr\u00e0 gestirsi.<\/p>\n<p> <img alt=\"Roger Federer (Roman Pilipey\/EPA)\" loading=\"lazy\" width=\"3072\" height=\"2048\" decoding=\"async\" data-nimg=\"1\" style=\"color:transparent;max-width:100%;height:auto\"   src=\"https:\/\/www.europesays.com\/it\/wp-content\/uploads\/2026\/08\/roger-federer-roman-pilipey-epa.webp\"\/><\/p>\n<p>Roger Federer (Roman Pilipey\/EPA)<\/p>\n<p> Per questo, ecco che si presenta la seconda grande occasione dell&#8217;anno per <strong>Sascha<\/strong><strong> Zverev<\/strong>: in questo momento \u00e8 lui il favorito per la vittoria finale. Nell&#8217;unico torneo in cui non ha dovuto affrontare Sinner e Alcaraz \u00e8 riuscito a giocarsi al meglio le sue carte, vincendo in finale contro <strong>Cobolli<\/strong>. Ora, con lo spagnolo lontano dalla forma migliore e con Sinner che guarder\u00e0 le partite da casa, deve approfittarne. Attenzione per\u00f2, perch\u00e9 c&#8217;\u00e8 pure\u00a0<strong>Novak Djokovic<\/strong>, sempre a caccia dello slam numero 25. A Wimbledon \u00e8 uscito in semifinale contro Sinner, dopo aver eliminato Auger Aliassime in una battaglia di oltre cinque ore, ma adesso c&#8217;\u00e8 una nuova possibilit\u00e0. Si torna a New York, luogo dell&#8217;ultima vittoria di uno slam: era il 2023, in finale insieme a lui c&#8217;era <strong>Daniil Medvedev.<\/strong> Tra gli addetti ai lavori, l&#8217;impressione \u00e8 che il serbo sia un po&#8217; sottovalutato, quasi come se tutti stessero dando per scontato che non riuscir\u00e0 a vincere. Un grandissimo errore secondo Roger Federer, che in conferenza stampa ha parlato proprio del suo ex rivale: \u201cOgni volta che Nole partecipa a un torneo ha sempre la possibilit\u00e0 di vincerlo, specialmente se si parla di uno slam. Io so bene di cosa \u00e8 capace, l&#8217;ho visto all&#8217;opera pi\u00f9 di una volta: se continua a giocare \u00e8 perch\u00e9 sa che pu\u00f2 vincere ancora\u201d.<\/p>\n","protected":false},"excerpt":{"rendered":"New York, 25 agosto 2026 \u2013 Lo US Open \u00e8 gi\u00e0 iniziato con le qualificazioni, ancora pochi giorni&hellip;\n","protected":false},"author":3,"featured_media":650643,"comment_status":"","ping_status":"","sticky":false,"template":"","format":"standard","meta":{"footnotes":"","_share_on_mastodon":"0"},"categories":[1457],"tags":[19877,5360,1537,90,89,27588,2006,14594,1380,6193,245,244,1273,7379,4968],"class_list":["post-650642","post","type-post","status-publish","format-standard","has-post-thumbnail","category-tennis","tag-federer","tag-gioca","tag-it","tag-italia","tag-italy","tag-novak","tag-open","tag-perche","tag-poter","tag-sa","tag-sport","tag-sports","tag-tennis","tag-us","tag-vincere"],"share_on_mastodon":{"url":"https:\/\/pubeurope.com\/@it\/117162675999217203","error":""},"_links":{"self":[{"href":"https:\/\/www.europesays.com\/it\/wp-json\/wp\/v2\/posts\/650642","targetHints":{"allow":["GET"]}}],"collection":[{"href":"https:\/\/www.europesays.com\/it\/wp-json\/wp\/v2\/posts"}],"about":[{"href":"https:\/\/www.europesays.com\/it\/wp-json\/wp\/v2\/types\/post"}],"author":[{"embeddable":true,"href":"https:\/\/www.europesays.com\/it\/wp-json\/wp\/v2\/users\/3"}],"replies":[{"embeddable":true,"href":"https:\/\/www.europesays.com\/it\/wp-json\/wp\/v2\/comments?post=650642"}],"version-history":[{"count":0,"href":"https:\/\/www.europesays.com\/it\/wp-json\/wp\/v2\/posts\/650642\/revisions"}],"wp:featuredmedia":[{"embeddable":true,"href":"https:\/\/www.europesays.com\/it\/wp-json\/wp\/v2\/media\/650643"}],"wp:attachment":[{"href":"https:\/\/www.europesays.com\/it\/wp-json\/wp\/v2\/media?parent=650642"}],"wp:term":[{"taxonomy":"category","embeddable":true,"href":"https:\/\/www.europesays.com\/it\/wp-json\/wp\/v2\/categories?post=650642"},{"taxonomy":"post_tag","embeddable":true,"href":"https:\/\/www.europesays.com\/it\/wp-json\/wp\/v2\/tags?post=650642"}],"curies":[{"name":"wp","href":"https:\/\/api.w.org\/{rel}","templated":true}]}}