{"id":650803,"date":"2026-08-26T18:22:19","date_gmt":"2026-08-26T18:22:19","guid":{"rendered":"https:\/\/www.europesays.com\/it\/650803\/"},"modified":"2026-08-26T18:22:19","modified_gmt":"2026-08-26T18:22:19","slug":"tennis-pochi-giorni-al-via-del-campionato-italiano-under-14-al-tc-mestre","status":"publish","type":"post","link":"https:\/\/www.europesays.com\/it\/650803\/","title":{"rendered":"Tennis, pochi giorni al via del campionato italiano under 14 al Tc Mestre"},"content":{"rendered":"<p>\u00c8 tutto pronto al Tc Mestre di via Olimpia per il via del campionato italiano under 14 femminile. Si parte venerd\u00ec 28 agosto con le qualificazioni, a cui parteciperanno 58 atlete: le migliori otto entreranno a far parte del tabellone principale.<\/p>\n<p><a href=\"https:\/\/whatsapp.com\/channel\/0029VaDSWgR1Hsq4uWb1mS0I\" target=\"_blank\" rel=\"nofollow noopener\"><strong>Clicca qui per iscriverti al canale WhatsApp di VeneziaToday<\/strong><\/a><\/p>\n<p>La competizione, affidata al veronese giudice arbitro Antonio Donato Boccardi, coadiuvato dalla padovana Giulia Schiavon, entrer\u00e0 nel clou luned\u00ec 31 con il main draw a 64 giocatrici. Confermata la presenza dell\u2019intera nazionale italiana: Olivia Serena Conticello, Giulia Luchetti e Giorgia Lanza che agli inizi di agosto si \u00e8 laureata campionessa del mondo.<\/p>\n<p>Nel corso della settimana, spazio a una serata dedicata alle giocatrici e ai loro tecnici (luned\u00ec 31) e alla serata di gala curata da Pop Bistrot (3 settembre), che vedr\u00e0 la partecipazione di sponsor, stampa, autorit\u00e0 politiche, sportive e del mondo imprenditoriale. Le ultime tre giornate di gara saranno riprese e prodotte dal canale tematico della Fitp Supertennis.<\/p>\n<p>La campionessa italiana si aggiudicher\u00e0 anche la targa del Memorial Renzo Rizzo, indimenticato presidente del Tennis Club Mestre e promotore di importanti eventi, tra cui la finale di zona europea di Coppa Davis tra l&#8217;Italia di Panatta, Barazzutti, Bertolucci e Zugarelli e la Romania di Nastase e Tiriac, oltre a diverse tappe del Grand Prix.<\/p>\n","protected":false},"excerpt":{"rendered":"\u00c8 tutto pronto al Tc Mestre di via Olimpia per il via del campionato italiano under 14 femminile.&hellip;\n","protected":false},"author":3,"featured_media":650804,"comment_status":"","ping_status":"","sticky":false,"template":"","format":"standard","meta":{"footnotes":"","_share_on_mastodon":"0"},"categories":[1457],"tags":[1537,90,89,5389,245,244,1273,1995],"class_list":["post-650803","post","type-post","status-publish","format-standard","has-post-thumbnail","category-tennis","tag-it","tag-italia","tag-italy","tag-risultati","tag-sport","tag-sports","tag-tennis","tag-tornei"],"share_on_mastodon":{"url":"https:\/\/pubeurope.com\/@it\/117163205930497006","error":""},"_links":{"self":[{"href":"https:\/\/www.europesays.com\/it\/wp-json\/wp\/v2\/posts\/650803","targetHints":{"allow":["GET"]}}],"collection":[{"href":"https:\/\/www.europesays.com\/it\/wp-json\/wp\/v2\/posts"}],"about":[{"href":"https:\/\/www.europesays.com\/it\/wp-json\/wp\/v2\/types\/post"}],"author":[{"embeddable":true,"href":"https:\/\/www.europesays.com\/it\/wp-json\/wp\/v2\/users\/3"}],"replies":[{"embeddable":true,"href":"https:\/\/www.europesays.com\/it\/wp-json\/wp\/v2\/comments?post=650803"}],"version-history":[{"count":0,"href":"https:\/\/www.europesays.com\/it\/wp-json\/wp\/v2\/posts\/650803\/revisions"}],"wp:featuredmedia":[{"embeddable":true,"href":"https:\/\/www.europesays.com\/it\/wp-json\/wp\/v2\/media\/650804"}],"wp:attachment":[{"href":"https:\/\/www.europesays.com\/it\/wp-json\/wp\/v2\/media?parent=650803"}],"wp:term":[{"taxonomy":"category","embeddable":true,"href":"https:\/\/www.europesays.com\/it\/wp-json\/wp\/v2\/categories?post=650803"},{"taxonomy":"post_tag","embeddable":true,"href":"https:\/\/www.europesays.com\/it\/wp-json\/wp\/v2\/tags?post=650803"}],"curies":[{"name":"wp","href":"https:\/\/api.w.org\/{rel}","templated":true}]}}