{"id":650835,"date":"2026-08-26T18:50:20","date_gmt":"2026-08-26T18:50:20","guid":{"rendered":"https:\/\/www.europesays.com\/it\/650835\/"},"modified":"2026-08-26T18:50:20","modified_gmt":"2026-08-26T18:50:20","slug":"cinquantanni-per-il-gran-premio-carnaghese-pedali-e-risottata-per-tutti","status":"publish","type":"post","link":"https:\/\/www.europesays.com\/it\/650835\/","title":{"rendered":"Cinquant&#8217;anni per il Gran Premio Carnaghese, pedali e risottata per tutti"},"content":{"rendered":"<p>\t\t\t\t\t\t\t\t\t\t\t\t\t\t\t\t\t\t\t\t\t\t\t\t\t\t\t\t\t<img decoding=\"async\" loading=\"lazy\" fetchpriority=\"low\" width=\"610\" height=\"431\" src=\"https:\/\/www.europesays.com\/it\/wp-content\/uploads\/2026\/08\/generico-24-aug-2026-2152381.610x431.jpg\" alt=\"Generico 24 Aug 2026\"\/>\t\t\t\t\t\t\t\t\t\t\t\t\t\t\t\t\t\t\t<\/p>\n<p>Cinquant\u2019anni di ciclismo, passione e organizzazione, da celebrare insieme alla citt\u00e0 con una giornata che unisce sport e festa. La<strong> Societ\u00e0 Ciclistica Carnaghese<\/strong> si prepara a vivere <strong>sabato 29 agosto una delle edizioni pi\u00f9 significative del Gran Premio Industria Commercio Artigianato Carnaghese \u2013 Trofeo Pino Introzz<\/strong>i: quella che coincide con il cinquantesimo anniversario di fondazione del sodalizio. La gara \u00e8 invece alla sua 54esima edizione, le prime quattro sono state infatti organizzate da un\u2019altra societ\u00e0.<\/p>\n<p>La 54esima edizione della storica corsa per Elite e Under 23 \u00e8 stata dunque presentata al Centro Congressi Ville Ponti di Varese nella mattina di mercoled\u00ec 26 agosto. Ma accanto alla parte agonistica, quest\u2019anno avr\u00e0 un ruolo centrale proprio la festa per il mezzo secolo di attivit\u00e0 della societ\u00e0, da sempre impegnata nell\u2019organizzazione di eventi ciclistici.<\/p>\n<p>\u00abQuest\u2019anno la Ciclistica compie il suo cinquantesimo anniversario \u2013<strong> spiega il presidente Emilio Bea \u2013<\/strong> ed \u00e8 per questo che organizzeremo una festa alla partenza del Gran Premio di sabato 29 agosto.<strong> Ci sar\u00e0 una risottata aperta a tutti: vogliamo festeggiare insieme agli sportivi del ciclismo,<\/strong> ma anche con chi non segue abitualmente questo sport e vorr\u00e0 comunque essere con noi in questa occasione\u00bb.<\/p>\n<p><strong>\u201cLa Risottata del 50\u00b0\u201d prender\u00e0 il via dalle 13 all\u2019Oratorio di Carnago<\/strong> e sar\u00e0 aperta a tutti, diventando uno dei momenti simbolici della giornata. Sempre all\u2019oratorio, alle 11, \u00e8 in programma l\u2019incontro \u201cIl miele \u2013 un valido integratore naturale per la corretta alimentazione dell\u2019atleta\u201d, con gli interventi della dottoressa Flavia Guariento e del dottor Michele Ciccolella.<\/p>\n<p>Sul piano sportivo, <strong>il Gran Premio conferma invece il proprio profilo nazionale e internazionale. Saranno trenta le squadre al via, con 180 corridori,<\/strong> tra le migliori formazioni italiane e diversi team stranieri. \u00abAbbiamo sette squadre straniere \u2013 sottolinea Vea \u2013 con tre formazioni svizzere, il Monaco di Montecarlo, una squadra spagnola, la nazionale dell\u2019Ucraina e una squadra inglese, oltre alle altre italiane. In tutto avremo 30 squadre con 180 partenti\u00bb.<\/p>\n<p>La gara scatter\u00e0 alle 13 e si correr\u00e0 sul tradizionale Circuito del Seprio: 170 chilometri complessivi, articolati in dieci giri. Il percorso toccher\u00e0 <strong>Carnago, Solbiate Arno, Caronno Varesino, localit\u00e0 Respiro, Gornate Olona, Torba e Castelseprio, con i Gran Premi della Montagna a Solbiate Arno e Castelseprio<\/strong>. L\u2019arrivo in via Castiglioni a Carnago \u00e8 previsto intorno alle 17.<\/p>\n<p>Al termine della corsa, nel centro di Carnago, spazio alle premiazioni e ai riconoscimenti speciali. Tra questi il premio dedicato allo storico dirigente Mario Vezzaro, destinato al direttore sportivo del vincitore, e il Gran Premio della Montagna intitolato al generale Enrico Galvaligi, giunto alla trentesima edizione. Alla presentazione di Ville Ponti hanno partecipato anche il P<strong>residente Coni di Varese Valter Sinapi e il vicesindaco di Carnago Carlo Carabelli.<\/strong><\/p>\n<p>La corsa potr\u00e0 essere seguita in diretta dalle 13 su Radio.Discount e in streaming su Tuttobiciweb dalle 15.45. Per la Carnaghese sar\u00e0 dunque una giornata con un doppio significato: la continuit\u00e0 di una gara arrivata alla 54esima edizione e il traguardo dei 50 anni di una societ\u00e0 che vuole celebrare la propria storia non soltanto con il ciclismo, ma anche attorno a un piatto di risotto, insieme a tutta la comunit\u00e0.<\/p>\n","protected":false},"excerpt":{"rendered":"Cinquant\u2019anni di ciclismo, passione e organizzazione, da celebrare insieme alla citt\u00e0 con una giornata che unisce sport e&hellip;\n","protected":false},"author":3,"featured_media":650836,"comment_status":"","ping_status":"","sticky":false,"template":"","format":"standard","meta":{"footnotes":"","_share_on_mastodon":"0"},"categories":[1456],"tags":[1824,1825,1537,90,89,54943,245,244,106],"class_list":["post-650835","post","type-post","status-publish","format-standard","has-post-thumbnail","category-ciclismo","tag-ciclismo","tag-cycling","tag-it","tag-italia","tag-italy","tag-societa-ciclistica-carnaghese","tag-sport","tag-sports","tag-weekend"],"share_on_mastodon":{"url":"https:\/\/pubeurope.com\/@it\/117163317047407634","error":""},"_links":{"self":[{"href":"https:\/\/www.europesays.com\/it\/wp-json\/wp\/v2\/posts\/650835","targetHints":{"allow":["GET"]}}],"collection":[{"href":"https:\/\/www.europesays.com\/it\/wp-json\/wp\/v2\/posts"}],"about":[{"href":"https:\/\/www.europesays.com\/it\/wp-json\/wp\/v2\/types\/post"}],"author":[{"embeddable":true,"href":"https:\/\/www.europesays.com\/it\/wp-json\/wp\/v2\/users\/3"}],"replies":[{"embeddable":true,"href":"https:\/\/www.europesays.com\/it\/wp-json\/wp\/v2\/comments?post=650835"}],"version-history":[{"count":0,"href":"https:\/\/www.europesays.com\/it\/wp-json\/wp\/v2\/posts\/650835\/revisions"}],"wp:featuredmedia":[{"embeddable":true,"href":"https:\/\/www.europesays.com\/it\/wp-json\/wp\/v2\/media\/650836"}],"wp:attachment":[{"href":"https:\/\/www.europesays.com\/it\/wp-json\/wp\/v2\/media?parent=650835"}],"wp:term":[{"taxonomy":"category","embeddable":true,"href":"https:\/\/www.europesays.com\/it\/wp-json\/wp\/v2\/categories?post=650835"},{"taxonomy":"post_tag","embeddable":true,"href":"https:\/\/www.europesays.com\/it\/wp-json\/wp\/v2\/tags?post=650835"}],"curies":[{"name":"wp","href":"https:\/\/api.w.org\/{rel}","templated":true}]}}