{"id":650850,"date":"2026-08-26T19:01:14","date_gmt":"2026-08-26T19:01:14","guid":{"rendered":"https:\/\/www.europesays.com\/it\/650850\/"},"modified":"2026-08-26T19:01:14","modified_gmt":"2026-08-26T19:01:14","slug":"calciomercato-2026-ultime-news-di-oggi-in-diretta-live-57","status":"publish","type":"post","link":"https:\/\/www.europesays.com\/it\/650850\/","title":{"rendered":"Calciomercato 2026, ultime news di oggi in diretta live"},"content":{"rendered":"<p>\\n  <\/p>\n<li><a href=\"\\&quot;https:\/\/sport.sky.it\/calciomercato\/2026\/08\/26\/leao-galatasaray-calciomercato-milan-news\\&quot;\" data-intcmp=\"\\&quot;skysport_liveblog_interlink_text\\&quot;\">Milan, intesa di massima con il Galatasaray per la cessione di Leao<\/a><\/li>\n<p>\\n  <\/p>\n<li><a href=\"\\&quot;https:\/\/sport.sky.it\/calciomercato\/2026\/08\/26\/atalanta-ahanor-chelsea-calciomercato-news\\&quot;\" data-intcmp=\"\\&quot;skysport_liveblog_interlink_text\\&quot;\">Chelsea in pressing su Ahanor dell&#8217;Atalanta<\/a><\/li>\n<p>\\n  <\/p>\n<li>Juventus, ultimi dettagli per Miretti al Besiktas<\/li>\n<p>\\n  <\/p>\n<li><a href=\"\\&quot;https:\/\/video.sky.it\/sport\/calciomercato\/serie-a\/video\/pinamonti-lazio-formello-video-1120027\\&quot;\" data-intcmp-qp=\"\\&quot;skysport_liveblog_interlink_text\\&quot;\">Lazio, Pinamonti \u00e8 arrivato a Formello<\/a><\/li>\n<p>\\n  <\/p>\n<li><a href=\"\\&quot;https:\/\/sport.sky.it\/calciomercato\/2026\/08\/26\/roma-morato-calciomercato-news\\&quot;\" data-intcmp=\"\\&quot;skysport_liveblog_interlink_text\\&quot;\">Roma, idea Morato se parte Ziolkowski<\/a><\/li>\n<p>\\n  <\/p>\n<li><a href=\"\\&quot;https:\/\/sport.sky.it\/calciomercato\/2026\/08\/26\/kean-fiorentina-como-calciomercato-news\\&quot;\" data-intcmp=\"\\&quot;skysport_liveblog_interlink_text\\&quot;\">Kean ha scelto di non allenarsi in gruppo: multato dal club\u00a0<\/a><\/li>\n<p>\\n  <\/p>\n<li><a href=\"\\&quot;https:\/\/sport.sky.it\/calciomercato\/2026\/08\/26\/juventus-kessie-roma-calciomercato-news\\&quot;\" data-intcmp=\"\\&quot;skysport_liveblog_interlink_text\\&quot;\">Duello di mercato tra Juventus e Roma per Kessi\u00e8<\/a><\/li>\n<p>\\n  <\/p>\n<li><a href=\"\\&quot;https:\/\/sport.sky.it\/calciomercato\/calciomercato-serie-a-estate-2026-acquisti-ufficiali\\&quot;\" data-intcmp=\"\\&quot;skysport_liveblog_interlink_text\\&quot;\">Serie A, gli acquisti ufficiali<\/a><\/li>\n<p>\\n  <\/p>\n<li><a href=\"\\&quot;https:\/\/sport.sky.it\/calciomercato\/tabellone\\&quot;\" data-intcmp=\"\\&quot;skysport_liveblog_interlink_text\\&quot;\">Tabellone mercato Serie A<\/a><\/li>\n<p>\\n  <\/p>\n<li><a href=\"\\&quot;https:\/\/sport.sky.it\/calciomercato\/calciomercato-serie-b-estate-2026-acquisti-ufficiali\\&quot;\" data-intcmp=\"\\&quot;skysport_liveblog_interlink_text\\&quot;\">Serie B: la gallery con tutti gli affari dell&#8217;estate<\/a><\/li>\n<p>\\n  <\/p>\n<li><a href=\"\\&quot;https:\/\/sport.sky.it\/calciomercato\/calciomercato-serie-b-estate-2026-acquisti-ufficiali#00\\&quot;\" data-intcmp=\"\\&quot;skysport_liveblog_interlink_text\\&quot;\">Le trattative concluse in Serie B<\/a><\/li>\n<p>\\n  <\/p>\n<li><a href=\"\\&quot;https:\/\/sport.sky.it\/calciomercato\/calciomercato-2026-acquisti-ufficiali-estero-estate\\&quot;\" data-intcmp=\"\\&quot;skysport_liveblog_interlink_text\\&quot;\">Tutti i colpi di mercato all&#8217;estero<\/a><\/li>\n<p>\\n&#8221;,&#8221;postId&#8221;:&#8221;2cc80b9c-1d6f-4560-bba2-6e2f2d21b4e1&#8243;,&#8221;postLink&#8221;:{&#8220;title&#8221;:&#8221;&#8221;,&#8221;url&#8221;:&#8221;&#8221;,&#8221;imageSrc&#8221;:&#8221;&#8221;}}],&#8221;posts&#8221;:[{&#8220;timestamp&#8221;:&#8221;2026-08-26T19:00:00.217Z&#8221;,&#8221;timestampUtcIt&#8221;:&#8221;2026-08-26T21:00:00+0200&#8243;,&#8221;altBackground&#8221;:false,&#8221;title&#8221;:&#8221;Sassuolo, definito lo scambio Esposito-Ciervo col Cagliari&#8221;,&#8221;content&#8221;:&#8221;<\/p>\n<p>Accordo finale tra Sassuolo e Cagliari per uno scambio di attaccanti. <strong>Atteso domani a Sassuolo Sebastiano Esposito per le visite mediche col club neroverde<\/strong>: operazione in prestito con diritto di riscatto e percentuale sulla futura rivendita qualora superiore ai 10 milioni di euro<strong>. In rossobl\u00f9 \u00a0l&#8217;esterno d&#8217;attacco Riccardo Ciervo<\/strong>: prestito con diritto di riscatto a 3 milioni di euro.\u00a0<\/p>\n<p>&#8220;,&#8221;postId&#8221;:&#8221;32dde41e-8f4a-40f7-86e8-a9fb8f1e0c43&#8243;,&#8221;postLink&#8221;:{&#8220;title&#8221;:&#8221;&#8221;,&#8221;url&#8221;:&#8221;&#8221;,&#8221;imageSrc&#8221;:&#8221;&#8221;}},{&#8220;timestamp&#8221;:&#8221;2026-08-26T18:36:14.193Z&#8221;,&#8221;timestampUtcIt&#8221;:&#8221;2026-08-26T20:36:14+0200&#8243;,&#8221;altBackground&#8221;:false,&#8221;title&#8221;:&#8221;Milan, intesa di massima con il Galatasaray per la cessione di Leao&#8221;,&#8221;content&#8221;:&#8221;<\/p>\n<p>Trovata l\u2019intesa di massima tra il <strong>Milan <\/strong>e il <strong>Galatasaray <\/strong>per la cessione di <strong>Rafa Leao<\/strong>. Oggi l\u2019incontro decisivo per un\u2019operazione intorno ai <strong>45 milioni pi\u00f9 bonus:<\/strong> si lavora in queste ore per sistemare gli ultimi dettagli. Il club turco adesso dovr\u00e0 trovare l&#8217;accordo con il giocatore.\u00a0<\/p>\n<p>&#8220;,&#8221;postId&#8221;:&#8221;1af21b41-9cc5-4e5c-b1e5-def476e7ef23&#8243;,&#8221;postLink&#8221;:{&#8220;title&#8221;:&#8221;Leao-Galatasaray, acoordo di massima col Milan a 45 milioni di euro pi\u00f9 bonus&#8221;,&#8221;url&#8221;:&#8221;https:\/\/sport.sky.it\/calciomercato\/2026\/08\/26\/leao-galatasaray-calciomercato-milan-news&#8221;,&#8221;imageSrc&#8221;:&#8221;https:\/\/sport.sky.it\/assets\/images\/7c14aaee2f242a04b710419c9b9ac07af2ca7ffc\/skysport\/it\/calcio\/calciomercato\/2026\/08\/26\/leao-galatasaray-calciomercato-milan-news\/leao_milan_getty.jpg?im=Resize,width=1218&#8243;}},{&#8220;timestamp&#8221;:&#8221;2026-08-26T18:15:00.385Z&#8221;,&#8221;timestampUtcIt&#8221;:&#8221;2026-08-26T20:15:00+0200&#8243;,&#8221;altBackground&#8221;:false,&#8221;title&#8221;:&#8221;Nottingham, prima offerta per Dod\u00f4&#8221;,&#8221;content&#8221;:&#8221;<\/p>\n<p>Il Nottingham Forest ha presentato una prima offerta per Dod\u00f4 della Fiorentina. La proposta degli inglesi \u00e8 pari a 7 milioni di euro, cifra ritenuta insufficiente dalla Viola.\u00a0<\/p>\n<p>&#8220;,&#8221;postId&#8221;:&#8221;200b5bbb-28ca-4436-a4e9-42e1d9583c86&#8243;,&#8221;postLink&#8221;:{&#8220;title&#8221;:&#8221;&#8221;,&#8221;url&#8221;:&#8221;&#8221;,&#8221;imageSrc&#8221;:&#8221;&#8221;}},{&#8220;timestamp&#8221;:&#8221;2026-08-26T17:55:00.516Z&#8221;,&#8221;timestampUtcIt&#8221;:&#8221;2026-08-26T19:55:00+0200&#8243;,&#8221;altBackground&#8221;:false,&#8221;title&#8221;:&#8221;Roma, contatti per Morato&#8221;,&#8221;content&#8221;:&#8221;<\/p>\n<p>Come raccontato, nelle ultime ore <strong>la Roma ha mostrato interesse per Morato, difensore di propriet\u00e0 del Nottingham Forest<\/strong>. I giallorossi hanno avviato i contatti con il club inglese, nel tentativo di trovare un&#8217;intesa per un prestito con diritto di riscatto che diventa obbligo condizionato. Al momento per\u00f2 il club inglese non apre a questo tipo di formula.<\/p>\n<p>&#8220;,&#8221;postId&#8221;:&#8221;8546c01b-33e4-4650-ad28-253f6b31b675&#8243;,&#8221;postLink&#8221;:{&#8220;title&#8221;:&#8221;&#8221;,&#8221;url&#8221;:&#8221;&#8221;,&#8221;imageSrc&#8221;:&#8221;&#8221;}},{&#8220;timestamp&#8221;:&#8221;2026-08-26T17:35:00.593Z&#8221;,&#8221;timestampUtcIt&#8221;:&#8221;2026-08-26T19:35:00+0200&#8243;,&#8221;altBackground&#8221;:false,&#8221;title&#8221;:&#8221;Il Galatasaray insiste per Rafa Leao&#8221;,&#8221;content&#8221;:&#8221;<\/p>\n<p><strong>Pressing continuo del Galatasaray per Rafa Leao<\/strong>. In giornata, nuovo incontro tra un intermediario del club turco ha incontrato il Milan. <strong>Il Galatasaray sta spingendo in queste ore, modificando la sua offerta <\/strong>per provare ad avvicinarsi il pi\u00f9 possibile alle richieste rossonere per il portoghese, che chiede 50 milioni pi\u00f9 bonus.<\/p>\n<p>&#8220;,&#8221;postId&#8221;:&#8221;6d4e444b-4394-4367-bd6a-3afe6cd1efd0&#8243;,&#8221;postLink&#8221;:{&#8220;title&#8221;:&#8221;Leao, il Galatasaray insiste: nuovo incontro col Milan &#8220;,&#8221;url&#8221;:&#8221;https:\/\/sport.sky.it\/calciomercato\/2026\/08\/26\/leao-galatasaray-calciomercato-milan-news&#8221;,&#8221;imageSrc&#8221;:&#8221;https:\/\/sport.sky.it\/assets\/images\/7c14aaee2f242a04b710419c9b9ac07af2ca7ffc\/skysport\/it\/calcio\/calciomercato\/2026\/08\/26\/leao-galatasaray-calciomercato-milan-news\/leao_milan_getty.jpg?im=Resize,width=1218&#8243;}},{&#8220;timestamp&#8221;:&#8221;2026-08-26T17:23:00.026Z&#8221;,&#8221;timestampUtcIt&#8221;:&#8221;2026-08-26T19:23:00+0200&#8243;,&#8221;altBackground&#8221;:false,&#8221;title&#8221;:&#8221;Chelsea, trattativa con l&#8217;Atalanta per Ahanor&#8221;,&#8221;content&#8221;:&#8221;<\/p>\n<p><strong>Forte interesse del Chelsea per il difensore dell&#8217;Atalanta Honest Ahanor<\/strong>. Dialoghi in corso tra i due club, con gli inglesi pronti a mettere sul piatto un&#8217;offerta superiore ai 40 milioni di euro.\u00a0<\/p>\n<p>&#8220;,&#8221;postId&#8221;:&#8221;c8592834-8ff6-41b3-b2a4-8d3616fd6b8e&#8221;,&#8221;postLink&#8221;:{&#8220;title&#8221;:&#8221;&#8221;,&#8221;url&#8221;:&#8221;&#8221;,&#8221;imageSrc&#8221;:&#8221;&#8221;}},{&#8220;timestamp&#8221;:&#8221;2026-08-26T17:20:00.466Z&#8221;,&#8221;timestampUtcIt&#8221;:&#8221;2026-08-26T19:20:00+0200&#8243;,&#8221;altBackground&#8221;:false,&#8221;title&#8221;:&#8221;Udinese, domani le visite di Mrozek&#8221;,&#8221;content&#8221;:&#8221;<\/p>\n<p>L&#8217;<strong>Udinese<\/strong> ha chiuso un&#8217;operazione in entrata per la porta: <strong>dal Lech Poznan \u00e8 in arrivo il portiere Bartosz Mrozek<\/strong>, 26 anni, nazionalit\u00e0 polacca. Sosterr\u00e0 domani le visite mediche coi bianconeri.\u00a0<\/p>\n<p>&#8220;,&#8221;postId&#8221;:&#8221;9a93b4b3-fea9-4144-8937-c5f31bfbdc66&#8243;,&#8221;postLink&#8221;:{&#8220;title&#8221;:&#8221;&#8221;,&#8221;url&#8221;:&#8221;&#8221;,&#8221;imageSrc&#8221;:&#8221;&#8221;}},{&#8220;timestamp&#8221;:&#8221;2026-08-26T16:40:00.482Z&#8221;,&#8221;timestampUtcIt&#8221;:&#8221;2026-08-26T18:40:00+0200&#8243;,&#8221;altBackground&#8221;:false,&#8221;title&#8221;:&#8221;Juventus, Miretti domani in Turchia&#8221;,&#8221;content&#8221;:&#8221;<\/p>\n<p>Ormai ai dettagli la trattativa che porter\u00e0 <strong>Fabio Miretti al Besiktas<\/strong>. Le parti stanno completando la compilazione dei documenti e procedendo all&#8217;organizzazione delle visite mediche. Il centrocampista \u00e8 atteso domani in Turchia.\u00a0<\/p>\n<p>&#8220;,&#8221;postId&#8221;:&#8221;446c5bc5-496f-4ba0-8989-afb606e1d4eb&#8221;,&#8221;postLink&#8221;:{&#8220;title&#8221;:&#8221;&#8221;,&#8221;url&#8221;:&#8221;&#8221;,&#8221;imageSrc&#8221;:&#8221;&#8221;}},{&#8220;timestamp&#8221;:&#8221;2026-08-26T16:16:44.922Z&#8221;,&#8221;timestampUtcIt&#8221;:&#8221;2026-08-26T18:16:44+0200&#8243;,&#8221;video&#8221;:{&#8220;videoId&#8221;:&#8221;1120027&#8243;,&#8221;videoDescription&#8221;:&#8221;Immagini di Davide Balestra&#8221;,&#8221;videoPageUrl&#8221;:&#8221;https:\/\/video.sky.it\/sport\/calciomercato\/serie-a\/video\/pinamonti-lazio-formello-video-1120027&#8243;},&#8221;altBackground&#8221;:true,&#8221;title&#8221;:&#8221;Lazio, Pinamonti \u00e8 arrivato a Formello&#8221;,&#8221;content&#8221;:&#8221;<\/p>\n<p><strong>Andrea Pinamonti \u00e8 pronto a cominciare la sua nuova avventura con la Lazio<\/strong>: l&#8217;attaccante \u00e8 arrivato al centro sportivo di Formello, dove sosterr\u00e0 le visite mediche.\u00a0<\/p>\n<p>&#8220;,&#8221;postId&#8221;:&#8221;214f44f1-129d-4834-849f-3047ab0fda9d&#8221;,&#8221;postLink&#8221;:{&#8220;title&#8221;:&#8221;&#8221;,&#8221;url&#8221;:&#8221;&#8221;,&#8221;imageSrc&#8221;:&#8221;&#8221;}},{&#8220;timestamp&#8221;:&#8221;2026-08-26T16:00:00.973Z&#8221;,&#8221;timestampUtcIt&#8221;:&#8221;2026-08-26T18:00:00+0200&#8243;,&#8221;altBackground&#8221;:false,&#8221;title&#8221;:&#8221;Cagliari, definita l&#8217;uscita di Mutandwa&#8221;,&#8221;content&#8221;:&#8221;<\/p>\n<p><strong>Kingstone Mutandwa<\/strong>, attaccante 23enne <strong>di propriet\u00e0 del Cagliari, si trasferir\u00e0 al Rizespor.<\/strong> Il centravanti nato in Zambia si unir\u00e0 al club turco in prestito oneroso a 500 mila euro con possibilit\u00e0 di riscatto a 3 milioni.\u00a0<\/p>\n<p>&#8220;,&#8221;postId&#8221;:&#8221;934ed054-d58b-46ad-8811-3fcd6d984bb5&#8243;,&#8221;postLink&#8221;:{&#8220;title&#8221;:&#8221;&#8221;,&#8221;url&#8221;:&#8221;&#8221;,&#8221;imageSrc&#8221;:&#8221;&#8221;}},{&#8220;timestamp&#8221;:&#8221;2026-08-26T15:45:00.612Z&#8221;,&#8221;timestampUtcIt&#8221;:&#8221;2026-08-26T17:45:00+0200&#8243;,&#8221;altBackground&#8221;:false,&#8221;title&#8221;:&#8221;Mantova, accordo per il ritorno di Kouda&#8221;,&#8221;content&#8221;:&#8221;<\/p>\n<p>Dopo il prestito nella seconda met\u00e0 della scorsa stagione<strong>, il centrocampista Rachid Kouda si prepara a vestire di nuovo la maglia del Mantova<\/strong>. I lombardi hanno raggiunto un <strong>accordo con il Parma<\/strong> sulla base di un prestito con diritto di riscatto e possibilit\u00e0 di controriscatto.\u00a0<\/p>\n<p>&#8220;,&#8221;postId&#8221;:&#8221;e9ddd87e-8624-498f-a402-3d4134df097a&#8221;,&#8221;postLink&#8221;:{&#8220;title&#8221;:&#8221;&#8221;,&#8221;url&#8221;:&#8221;&#8221;,&#8221;imageSrc&#8221;:&#8221;&#8221;}},{&#8220;timestamp&#8221;:&#8221;2026-08-26T15:30:00.364Z&#8221;,&#8221;timestampUtcIt&#8221;:&#8221;2026-08-26T17:30:00+0200&#8243;,&#8221;altBackground&#8221;:false,&#8221;title&#8221;:&#8221;Ascoli, c&#8217;\u00e8 la firma di Brunori&#8221;,&#8221;content&#8221;:&#8221;<\/p>\n<p>Adesso \u00e8 ufficiale: <strong>Matteo Brunori \u00e8 un nuovo giocatore dell&#8217;Ascoli<\/strong>. L&#8217;attaccante classe 1994 si trasferisce dal Palermo in prestito con diritto di riscatto. Come comunicato dal club bianconero, Brunori indosser\u00e0 la maglia numero 99.\u00a0<\/p>\n<p>&#8220;,&#8221;postId&#8221;:&#8221;0973ab72-c783-4ec4-8106-81bdbf4dd622&#8243;,&#8221;postLink&#8221;:{&#8220;title&#8221;:&#8221;Matteo Brunori \u00e8 un nuovo giocatore dell&#8217;Ascoli&#8221;,&#8221;url&#8221;:&#8221;https:\/\/sport.sky.it\/calciomercato\/calciomercato-serie-b-estate-2026-acquisti-ufficiali&#8221;,&#8221;imageSrc&#8221;:&#8221;https:\/\/sport.sky.it\/assets\/images\/ba91be4abae58672b2133b4d22b2ab2383014e51\/skysport\/it\/calcio\/calciomercato\/calciomercato-serie-b-estate-2026-acquisti-ufficiali\/brunori_Ascoli_1.jpg?im=Resize,width=1218&#8243;}},{&#8220;timestamp&#8221;:&#8221;2026-08-26T15:12:33.927Z&#8221;,&#8221;timestampUtcIt&#8221;:&#8221;2026-08-26T17:12:33+0200&#8243;,&#8221;altBackground&#8221;:false,&#8221;title&#8221;:&#8221;Inter, in chiusura il trasferimento di Asllani&#8221;,&#8221;content&#8221;:&#8221;<\/p>\n<p><strong>L&#8217;Al Jazira, club di prima divisione degli Emirati Arabi Uniti, ha trovato l&#8217;intesa con l&#8217;Inter per il trasferimento di Kristjan Asllani.<\/strong> Il club ha formalizzato anche la sua proposta di ingaggio al calciatore: la chiusura \u00e8 attesa nelle prossime ore. L&#8217;accordo tra club <strong>prevede un prestito oneroso da 2 milioni di euro con obbligo di riscatto fissato a 4,5 milioni<\/strong> al raggiungimento di un certo numero di presenze.\u00a0<\/p>\n<p>&#8220;,&#8221;postId&#8221;:&#8221;933b68f1-ab3f-4a03-890e-4e861b4b2d06&#8243;,&#8221;postLink&#8221;:{&#8220;title&#8221;:&#8221;&#8221;,&#8221;url&#8221;:&#8221;&#8221;,&#8221;imageSrc&#8221;:&#8221;&#8221;}},{&#8220;timestamp&#8221;:&#8221;2026-08-26T14:54:47.763Z&#8221;,&#8221;timestampUtcIt&#8221;:&#8221;2026-08-26T16:54:47+0200&#8243;,&#8221;video&#8221;:{&#8220;videoId&#8221;:&#8221;1120020&#8243;,&#8221;videoPageUrl&#8221;:&#8221;https:\/\/video.sky.it\/sport\/calciomercato\/serie-a\/video\/frosinone-birligea-visite-mediche-video-1120020&#8243;},&#8221;altBackground&#8221;:true,&#8221;title&#8221;:&#8221;Frosinone, visite mediche per Birligea&#8221;,&#8221;content&#8221;:&#8221;<\/p>\n<p>Altra operazione in entrata per il <strong>Frosinone<\/strong>:<strong> l&#8217;attaccante Daniel Birligea<\/strong>, arrivato dai romeni del FCSB, ha sostenuto le visite mediche a Villa Stuart.<\/p>\n<p>&#8220;,&#8221;postId&#8221;:&#8221;b755576f-e0f9-417a-8b67-38cddd8d7983&#8243;,&#8221;postLink&#8221;:{&#8220;title&#8221;:&#8221;&#8221;,&#8221;url&#8221;:&#8221;&#8221;,&#8221;imageSrc&#8221;:&#8221;&#8221;}},{&#8220;timestamp&#8221;:&#8221;2026-08-26T14:30:00.795Z&#8221;,&#8221;timestampUtcIt&#8221;:&#8221;2026-08-26T16:30:00+0200&#8243;,&#8221;altBackground&#8221;:false,&#8221;title&#8221;:&#8221;Catania, ufficiale l&#8217;arrivo di Torrasi&#8221;,&#8221;content&#8221;:&#8221;<\/p>\n<p>Il <strong>Catania <\/strong>rende noto l&#8217;acquisto, a titolo definitivo<strong> dalla Juve Stabia<\/strong>, del centrocampista <strong>Emanuele Torrasi<\/strong>. Il 27enne si lega al club rossazzurro con un contratto biennale.\u00a0<\/p>\n<p>&#8220;,&#8221;postId&#8221;:&#8221;4e0ad544-ebbe-4318-b3d3-5ec04a1bdbf0&#8243;,&#8221;postLink&#8221;:{&#8220;title&#8221;:&#8221;&#8221;,&#8221;url&#8221;:&#8221;&#8221;,&#8221;imageSrc&#8221;:&#8221;&#8221;}},{&#8220;timestamp&#8221;:&#8221;2026-08-26T14:09:16.218Z&#8221;,&#8221;timestampUtcIt&#8221;:&#8221;2026-08-26T16:09:16+0200&#8243;,&#8221;altBackground&#8221;:false,&#8221;title&#8221;:&#8221;Sampdoria, fatta per Makoumbou&#8221;,&#8221;content&#8221;:&#8221;<\/p>\n<p><strong>La Sampdoria ha trovato l&#8217;intesa finale con i turchi del Samsunspor per il centrocampista Antoine Makoumbou<\/strong>. Il mediano classe 1998 torner\u00e0 a giocare in Italia dopo una sola stagione all&#8217;estero. Nel pomeriggio l&#8217;attaccante ha sostenuto le visite mediche a Genova, a breve la firma.\u00a0<\/p>\n<p>&#8220;,&#8221;postId&#8221;:&#8221;4f308257-9d18-41d8-9dd2-d5919ef5d2b9&#8243;,&#8221;postLink&#8221;:{&#8220;title&#8221;:&#8221;&#8221;,&#8221;url&#8221;:&#8221;&#8221;,&#8221;imageSrc&#8221;:&#8221;&#8221;}},{&#8220;timestamp&#8221;:&#8221;2026-08-26T13:45:00.211Z&#8221;,&#8221;timestampUtcIt&#8221;:&#8221;2026-08-26T15:45:00+0200&#8243;,&#8221;altBackground&#8221;:false,&#8221;title&#8221;:&#8221;Juve Stabia, non solo Di Nardo: tentativo per Sibilli&#8221;,&#8221;content&#8221;:&#8221;<\/p>\n<p>Giornata di visite mediche per <strong>Antonio Di Nardo: sar\u00e0 un nuovo attaccante della Juve Stabia<\/strong>, lasciando il Pescara dopo una sola stagione. I giallobl\u00f9 potrebbero non fermarsi qui nel mercato in entrata: possibile un <strong>tentativo per il trequartista Giuseppe Sibilli<\/strong>.\u00a0<\/p>\n<p>&#8220;,&#8221;postId&#8221;:&#8221;ec07a327-9ea9-40a7-89a9-d5875f66f9aa&#8221;,&#8221;postLink&#8221;:{&#8220;title&#8221;:&#8221;&#8221;,&#8221;url&#8221;:&#8221;&#8221;,&#8221;imageSrc&#8221;:&#8221;&#8221;}},{&#8220;timestamp&#8221;:&#8221;2026-08-26T13:30:18.378Z&#8221;,&#8221;timestampUtcIt&#8221;:&#8221;2026-08-26T15:30:18+0200&#8243;,&#8221;altBackground&#8221;:false,&#8221;title&#8221;:&#8221;Empoli, in arrivo Corrado&#8221;,&#8221;content&#8221;:&#8221;<\/p>\n<p>Frosinone ed Empoli hanno trovato l&#8217;intesa definitiva per l&#8217;arrivo in Toscana di <strong>Niccol\u00f2 Corrado<\/strong>. L&#8217;esterno sinistro, classe 2000, sar\u00e0 un nuovo giocatore dell&#8217;<strong>Empoli<\/strong>.\u00a0<\/p>\n<p>&#8220;,&#8221;postId&#8221;:&#8221;b856944d-7a02-4dfe-a0dc-d7a499551105&#8243;,&#8221;postLink&#8221;:{&#8220;title&#8221;:&#8221;&#8221;,&#8221;url&#8221;:&#8221;&#8221;,&#8221;imageSrc&#8221;:&#8221;&#8221;}},{&#8220;timestamp&#8221;:&#8221;2026-08-26T13:05:15.713Z&#8221;,&#8221;timestampUtcIt&#8221;:&#8221;2026-08-26T15:05:15+0200&#8243;,&#8221;altBackground&#8221;:false,&#8221;title&#8221;:&#8221;Pisa, Meister verso il Derby County&#8221;,&#8221;content&#8221;:&#8221;<\/p>\n<p><strong>Henrik Meister \u00e8 in procinto di lasciare il Pisa<\/strong>. L&#8217;attaccante danese <strong>\u00e8 molto vicino al Derby County<\/strong>, club di seconda divisione inglese: operazione in prestito oneroso, con diritto di riscatto fissato a 8,5 milioni di euro e alta percentuale da riconoscere ai nerazzurri in caso di futura rivendita.\u00a0<\/p>\n<p>&#8220;,&#8221;postId&#8221;:&#8221;6d56f597-5ab3-4f73-9701-6317aae72eb3&#8243;,&#8221;postLink&#8221;:{&#8220;title&#8221;:&#8221;&#8221;,&#8221;url&#8221;:&#8221;&#8221;,&#8221;imageSrc&#8221;:&#8221;&#8221;}},{&#8220;timestamp&#8221;:&#8221;2026-08-26T12:45:00.000Z&#8221;,&#8221;timestampUtcIt&#8221;:&#8221;2026-08-26T14:45:00+0200&#8243;,&#8221;altBackground&#8221;:false,&#8221;title&#8221;:&#8221;Baleba al Manchester United: \u00e8 in top 10 degli acquisti pi\u00f9 costosi dell&#8217;estate&#8221;,&#8221;content&#8221;:&#8221;<\/p>\n<p>Dopo Andrey Santos e Youri Tielemans, il Manchester <strong>United<\/strong> ha ufficializzato il suo nuovo centrocampista, acquistato per <strong>quasi 75 milioni di euro dal Brighton.<\/strong><\/p>\n<p>&#8220;,&#8221;postId&#8221;:&#8221;7cf05d38-dbb7-448e-a5fb-0d18cdbd2b1b&#8221;,&#8221;postLink&#8221;:{&#8220;title&#8221;:&#8221;Gli acquisti pi\u00f9 costosi dell&#8217;estate (finora). CLASSIFICA&#8221;,&#8221;url&#8221;:&#8221;https:\/\/sport.sky.it\/calciomercato\/calciomercato-2026-acquisti-piu-costosi-sessione-estiva-classifica&#8221;,&#8221;imageSrc&#8221;:&#8221;https:\/\/sport.sky.it\/assets\/images\/5cfdaae4d81a96eb136b5fe5f16901aab7630e50\/skysport\/it\/calcio\/calciomercato\/calciomercato-2026-acquisti-piu-costosi-sessione-estiva-classifica\/cover_estate_2026_acquisti_costosi_3.jpg?im=Resize,width=1218&#8243;}},{&#8220;timestamp&#8221;:&#8221;2026-08-26T12:30:00.308Z&#8221;,&#8221;timestampUtcIt&#8221;:&#8221;2026-08-26T14:30:00+0200&#8243;,&#8221;video&#8221;:{&#8220;videoId&#8221;:&#8221;1119955&#8243;,&#8221;videoPageUrl&#8221;:&#8221;https:\/\/video.sky.it\/sport\/calciomercato\/serie-a\/video\/como-morata-leganes-calciomercato-news-1119955&#8243;},&#8221;altBackground&#8221;:true,&#8221;title&#8221;:&#8221;Legan\u00e9s, interesse per Morata&#8221;,&#8221;content&#8221;:&#8221;<\/p>\n<p><strong>Il Legan\u00e9s, squadra di seconda divisione spagnola, \u00e8 interessato ad Alvaro Morata<\/strong>. L&#8217;attaccante \u00e8 in uscita dal Como ma il nodo principale riguarda l\u2019ingaggio. Dialoghi in corso tra i due club: al momento, l&#8217;operazione pu\u00f2 concretizzarsi qualora il Como contribuisca allo stipendio del giocatore.<\/p>\n<p>&#8220;,&#8221;postId&#8221;:&#8221;c4572ad0-878a-4590-8e90-fdd09eab0cd2&#8243;,&#8221;postLink&#8221;:{&#8220;title&#8221;:&#8221;&#8221;,&#8221;url&#8221;:&#8221;&#8221;,&#8221;imageSrc&#8221;:&#8221;&#8221;}},{&#8220;timestamp&#8221;:&#8221;2026-08-26T12:15:00.628Z&#8221;,&#8221;timestampUtcIt&#8221;:&#8221;2026-08-26T14:15:00+0200&#8243;,&#8221;altBackground&#8221;:false,&#8221;title&#8221;:&#8221;Fiorentina, multa per Kean&#8221;,&#8221;content&#8221;:&#8221;<\/p>\n<p>Moise Kean ha scelto di saltare l&#8217;allenamento del mattino con la Fiorentina:<strong> una scelta non concordata col club, che ha deciso di multare il calciatore<\/strong>. <strong>L&#8217;attaccante \u00e8 stato riconvocato per una seduta individuale nel pomeriggio: <\/strong>in caso di ulteriore assenza, sar\u00e0 nuovamente multato<strong>.<\/strong> La Fiorentina non intende cedere il giocatore se non dopo aver trovato un sostituto all&#8217;altezza.<\/p>\n<p>&#8220;,&#8221;postId&#8221;:&#8221;46924c7e-1922-4e36-9ace-525ccc241eb1&#8243;,&#8221;postLink&#8221;:{&#8220;title&#8221;:&#8221;La Fiorentina multa Kean, lui spinge per il Como&#8221;,&#8221;url&#8221;:&#8221;https:\/\/sport.sky.it\/calciomercato\/2026\/08\/26\/kean-fiorentina-como-calciomercato-news&#8221;,&#8221;imageSrc&#8221;:&#8221;https:\/\/sport.sky.it\/assets\/images\/f987b749d138386935bdd82d2f4a488cafbde314\/skysport\/it\/calcio\/serie-a\/partite\/2026\/giornata-1\/roma-fiorentina\/live\/content\/kean_moise_getty.jpg?im=Resize,width=1218&#8243;}},{&#8220;timestamp&#8221;:&#8221;2026-08-26T11:55:00.000Z&#8221;,&#8221;timestampUtcIt&#8221;:&#8221;2026-08-26T13:55:00+0200&#8243;,&#8221;altBackground&#8221;:false,&#8221;title&#8221;:&#8221;Roma, idea Morato se parte Zi\u00f3\u0142kowski&#8221;,&#8221;content&#8221;:&#8221;<\/p>\n<p><strong>Jan Ziolkowski <\/strong>\u00e8 un obiettivo del Monza: <strong>il difensore ha aperto al possibile trasferimento <\/strong>in prestito con diritto di riscatto. In caso di uscita del polacco, come riporta Sky Uk, la Roma ha individuato <strong>un possibile sostituto in Morato, centrale brasiliano, 25enne di propriet\u00e0 del Nottingham Forest.<\/strong> I giallorossi sono interessati ad un&#8217;operazione in prestito.<\/p>\n<p>&#8220;,&#8221;postId&#8221;:&#8221;33a4f9f8-3b1d-43f5-9a28-44723f1114ed&#8221;,&#8221;postLink&#8221;:{&#8220;title&#8221;:&#8221;La Roma pensa a un nuovo difensore dal Nottingham Forest&#8221;,&#8221;url&#8221;:&#8221;https:\/\/sport.sky.it\/calciomercato\/2026\/08\/26\/roma-morato-calciomercato-news&#8221;,&#8221;imageSrc&#8221;:&#8221;https:\/\/sport.sky.it\/assets\/images\/8dc4a6494850c64be81e2a52ae7e828ea84e365e\/skysport\/it\/calcio\/calciomercato\/2026\/08\/26\/roma-morato-calciomercato-news\/morato_nottingham_ipa.jpg?im=Resize,width=1218&#8243;}},{&#8220;timestamp&#8221;:&#8221;2026-08-26T11:42:20.164Z&#8221;,&#8221;timestampUtcIt&#8221;:&#8221;2026-08-26T13:42:20+0200&#8243;,&#8221;altBackground&#8221;:false,&#8221;title&#8221;:&#8221;Milan, Leao sul mercato ma torna ad allenarsi in gruppo&#8221;,&#8221;content&#8221;:&#8221;<\/p>\n<p>Nella mattinata di oggi, <strong>Rafa Leao \u00e8 tornato ad allenarsi in gruppo a Milanello, per la prima volta dallo stop del 14 agosto<\/strong>. <strong>Sul portoghese continua ad insistere il Galatasaray<\/strong>, anche nelle ultime ore. Al momento, la proposta dei turchi arriva a 45 milioni di euro bonus inclusi, non ancora sufficiente per le richieste del Milan. Resta prioritario trovare l&#8217;intesa tra club, poi il Galatasaray dovrebbe trovare quella con il calciatore, su cui resta vigile dalla Premier League anche l&#8217;Aston Villa, la cui prima proposta \u00e8 stata giudicata troppo bassa.<\/p>\n<p>&#8220;,&#8221;postId&#8221;:&#8221;7c252e56-dda4-43df-ad67-7f5498405512&#8243;,&#8221;postLink&#8221;:{&#8220;title&#8221;:&#8221;&#8221;,&#8221;url&#8221;:&#8221;&#8221;,&#8221;imageSrc&#8221;:&#8221;&#8221;}},{&#8220;timestamp&#8221;:&#8221;2026-08-26T11:30:00.027Z&#8221;,&#8221;timestampUtcIt&#8221;:&#8221;2026-08-26T13:30:00+0200&#8243;,&#8221;altBackground&#8221;:false,&#8221;title&#8221;:&#8221;E c&#8217;\u00e8 il rinnovo di Giacomo Cal\u00f2&#8221;,&#8221;content&#8221;:&#8221;<\/p>\n<p>Ultimi giorni di mercato molto intensi in casa Frosinone. Oltre al mercato in entrata e in uscita, <strong>il club giallobl\u00f9 ha raggiunto l&#8217;intesa definitiva per il prolungamento del contratto di Giacomo Cal\u00f2, <\/strong>calciatore centrale nel progetto del club, che ha scelto di blindarlo. Il mediano ha firmato un rinnovo &#8211; con relativo adeguamento dell&#8217;ingaggio &#8211; fino al 2029: attesa solo l&#8217;ufficialit\u00e0.\u00a0<\/p>\n<p>&#8220;,&#8221;postId&#8221;:&#8221;2f6672ba-28c9-4bde-8bd3-3ff518061d57&#8243;,&#8221;postLink&#8221;:{&#8220;title&#8221;:&#8221;&#8221;,&#8221;url&#8221;:&#8221;&#8221;,&#8221;imageSrc&#8221;:&#8221;&#8221;}},{&#8220;timestamp&#8221;:&#8221;2026-08-26T11:15:00.676Z&#8221;,&#8221;timestampUtcIt&#8221;:&#8221;2026-08-26T13:15:00+0200&#8243;,&#8221;altBackground&#8221;:false,&#8221;title&#8221;:&#8221;Frosinone, ufficiale Tchato&#8221;,&#8221;content&#8221;:&#8221;<\/p>\n<p>Con una nota ufficiale, <strong>il Frosinone<\/strong> comunica l&#8217;acquisto a titolo definitivo del difensore<strong> Enzo Tchato<\/strong>, trasferitosi <strong>dal Montpellier<\/strong>. Il terzino destro ha firmato un <strong>contratto quadriennale.\u00a0<\/strong>Nella stessa casella, <strong>saluta Jeremy Oyono: \u00e8 un nuovo giocatore dello Spezia<\/strong>, operazione in prestito con obbligo condizionato.\u00a0<\/p>\n<p>&#8220;,&#8221;postId&#8221;:&#8221;17aae806-1201-423c-a67d-5784666e1b05&#8243;,&#8221;postLink&#8221;:{&#8220;title&#8221;:&#8221;&#8221;,&#8221;url&#8221;:&#8221;&#8221;,&#8221;imageSrc&#8221;:&#8221;&#8221;}},{&#8220;timestamp&#8221;:&#8221;2026-08-26T11:00:00.770Z&#8221;,&#8221;timestampUtcIt&#8221;:&#8221;2026-08-26T13:00:00+0200&#8243;,&#8221;altBackground&#8221;:false,&#8221;title&#8221;:&#8221;Lazio, Artistico vicino al Padova&#8221;,&#8221;content&#8221;:&#8221;<\/p>\n<p><strong>Gabriele Artistico<\/strong> pu\u00f2 lasciare la Lazio. L&#8217;attaccante<strong> \u00e8 molto vicino al Padova<\/strong>: operazione in chiusura per 3,5 milioni di euro.\u00a0<\/p>\n<p>&#8220;,&#8221;postId&#8221;:&#8221;54857737-131c-40c9-af1c-38a57438ce43&#8243;,&#8221;postLink&#8221;:{&#8220;title&#8221;:&#8221;&#8221;,&#8221;url&#8221;:&#8221;&#8221;,&#8221;imageSrc&#8221;:&#8221;&#8221;}},{&#8220;timestamp&#8221;:&#8221;2026-08-26T10:45:00.450Z&#8221;,&#8221;timestampUtcIt&#8221;:&#8221;2026-08-26T12:45:00+0200&#8243;,&#8221;altBackground&#8221;:false,&#8221;title&#8221;:&#8221;Carrarese in chiusura per Topalovic&#8221;,&#8221;content&#8221;:&#8221;<\/p>\n<p><strong>Luka Topalovic, centrocampista di propriet\u00e0 dell&#8217;Inter, \u00e8 molto vicino a vestire la maglia della Carrarese<\/strong>. L&#8217;operazione \u00e8 in via di definizione in queste ore sulla base di un prestito con diritto di riscatto. I nerazzurri manterranno a loro volta la possibilit\u00e0 di esercitare il controriscatto.\u00a0<\/p>\n<p>&#8220;,&#8221;postId&#8221;:&#8221;d1e7adb5-6336-4c5f-b768-a6e3da621491&#8243;,&#8221;postLink&#8221;:{&#8220;title&#8221;:&#8221;&#8221;,&#8221;url&#8221;:&#8221;&#8221;,&#8221;imageSrc&#8221;:&#8221;&#8221;}},{&#8220;timestamp&#8221;:&#8221;2026-08-26T10:30:00.000Z&#8221;,&#8221;timestampUtcIt&#8221;:&#8221;2026-08-26T12:30:00+0200&#8243;,&#8221;video&#8221;:{&#8220;videoId&#8221;:&#8221;1119952&#8243;,&#8221;videoPageUrl&#8221;:&#8221;https:\/\/video.sky.it\/sport\/calciomercato\/serie-a\/video\/inter-asllani-calciomercato-news-1119952&#8243;},&#8221;altBackground&#8221;:true,&#8221;title&#8221;:&#8221;Inter, trattativa avanzata con l&#8217;Al Jazira per Asllani: i dettagli&#8221;,&#8221;content&#8221;:&#8221;<\/p>\n<p><strong>Trattativa avanzata dell&#8217;Inter con l&#8217;Al Jazira per Asllani<\/strong>, non resta che trovare l&#8217;accordo lato giocatore. La formula prevede un <strong>prestito da 1,5 milioni e un diritto di riscatto fissato a 5 milioni<\/strong>, che potrebbe trasformarsi in obbligo al raggiungimento di un certo numero di presenze<\/p>\n<p>&#8220;,&#8221;postId&#8221;:&#8221;b0453be6-6765-4c20-92bc-e28f475db4ad&#8221;,&#8221;postLink&#8221;:{&#8220;title&#8221;:&#8221;&#8221;,&#8221;url&#8221;:&#8221;&#8221;,&#8221;imageSrc&#8221;:&#8221;&#8221;}},{&#8220;timestamp&#8221;:&#8221;2026-08-26T10:15:00.817Z&#8221;,&#8221;timestampUtcIt&#8221;:&#8221;2026-08-26T12:15:00+0200&#8243;,&#8221;altBackground&#8221;:false,&#8221;title&#8221;:&#8221;Duello di mercato tra Roma e Juventus per Kessi\u00e8&#8221;,&#8221;content&#8221;:&#8221;<\/p>\n<p><strong>Franck Kessi\u00e8 \u00e8 un nuovo nome per il centrocampo della Roma<\/strong>. I giallorossi, nella serata di ieri, hanno fatto la loro offerta all&#8217;agente del calciatore, nel tentativo di anticipare la Juventus. I bianconeri si erano gi\u00e0 mossi da tempo per l&#8217;ivoriano e, dato l&#8217;inserimento della Roma, ragionano in queste ore se accelerare nella trattativa, a prescindere dalle uscite nel reparto. <strong>La Juventus ha messo sul piatto un ingaggio biennale con possibile estensione per un terzo anno.<\/strong> I contatti proseguono: quella di oggi potrebbe essere una giornata importante per un eventuale ritorno in Serie A del centrocampista.<\/p>\n<p>&#8220;,&#8221;postId&#8221;:&#8221;42231e68-17ea-442b-ad2d-f7b12b7bb99e&#8221;,&#8221;postLink&#8221;:{&#8220;title&#8221;:&#8221;\u00c8 corsa a due tra Juventus e Roma per Kessie&#8221;,&#8221;url&#8221;:&#8221;https:\/\/sport.sky.it\/calciomercato\/2026\/08\/26\/juventus-kessie-roma-calciomercato-news&#8221;,&#8221;imageSrc&#8221;:&#8221;https:\/\/sport.sky.it\/assets\/images\/8f30096605d62fc42615736866111a805bf4b207\/skysport\/it\/calcio\/mondiali\/partite\/2026\/giornata-2\/germania-costa-davorio\/live\/content\/kessie_getty.jpg?im=Resize,width=1218&#8243;}},{&#8220;timestamp&#8221;:&#8221;2026-08-26T09:59:31.465Z&#8221;,&#8221;timestampUtcIt&#8221;:&#8221;2026-08-26T11:59:31+0200&#8243;,&#8221;video&#8221;:{&#8220;videoId&#8221;:&#8221;1119937&#8243;,&#8221;videoPageUrl&#8221;:&#8221;https:\/\/video.sky.it\/sport\/calciomercato\/serie-a\/video\/fiorentina-kean-como-calciomercato-news-1119937&#8243;},&#8221;altBackground&#8221;:true,&#8221;title&#8221;:&#8221;Fiorentina, Kean spinge per la sua cessione&#8221;,&#8221;content&#8221;:&#8221;<\/p>\n<p><strong>Moise Kean \u00e8 sempre pi\u00f9 lontano dalla Fiorentina<\/strong>. Il calciatore si \u00e8 presentato in ritardo all&#8217;allenamento del mattino e ha poi scelto di saltare la seduta.\u00a0Una decisione autonoma e non concordata con la societ\u00e0, con l&#8217;attaccante che adesso spinge per la sua cessione.<\/p>\n<p>&#8220;,&#8221;postId&#8221;:&#8221;bdac3439-ea2f-479c-b14f-ece819287671&#8243;,&#8221;postLink&#8221;:{&#8220;title&#8221;:&#8221;&#8221;,&#8221;url&#8221;:&#8221;&#8221;,&#8221;imageSrc&#8221;:&#8221;&#8221;}},{&#8220;timestamp&#8221;:&#8221;2026-08-26T09:45:00.384Z&#8221;,&#8221;timestampUtcIt&#8221;:&#8221;2026-08-26T11:45:00+0200&#8243;,&#8221;video&#8221;:{&#8220;videoId&#8221;:&#8221;1119948&#8243;,&#8221;videoPageUrl&#8221;:&#8221;https:\/\/video.sky.it\/sport\/calciomercato\/serie-a\/video\/lazio-ratkov-siviglia-calciomercato-news-1119948&#8243;},&#8221;altBackground&#8221;:true,&#8221;title&#8221;:&#8221;Siviglia, idea Ratkow della Lazio&#8221;,&#8221;content&#8221;:&#8221;<\/p>\n<p><strong>Dialoghi in corso tra Siviglia e Lazio per l&#8217;attaccante Petar Ratkow. <\/strong>I club ragionano sulla formula dopo che il giocatore classe 2003 ha aperto alla possibilit\u00e0 di un trasferimento in Spagna. Sempre nel reparto offensivo della Lazio, <strong>Gabriele Artistico piace in Serie B. <\/strong>Non \u00e8 da escludere che queste uscite, qualora si concretizzassero, possano sbloccare l&#8217;arrivo di un secondo innesto offensivo.<\/p>\n<p>&#8220;,&#8221;postId&#8221;:&#8221;82be7683-eb99-4baa-ac25-bbb06118117d&#8221;,&#8221;postLink&#8221;:{&#8220;title&#8221;:&#8221;&#8221;,&#8221;url&#8221;:&#8221;&#8221;,&#8221;imageSrc&#8221;:&#8221;&#8221;}},{&#8220;timestamp&#8221;:&#8221;2026-08-26T09:30:00.712Z&#8221;,&#8221;timestampUtcIt&#8221;:&#8221;2026-08-26T11:30:00+0200&#8243;,&#8221;altBackground&#8221;:false,&#8221;title&#8221;:&#8221;Como, ufficiale Kambwala&#8221;,&#8221;content&#8221;:&#8221;<\/p>\n<p><strong>Il difensore Willy Kambwala \u00e8 un nuovo giocatore del Como<\/strong>: lo annuncia il club tramite i propri canali ufficiali. Il centrale francese, \u00a0classe 2004, si trasferisce <strong>in prestito con diritto di riscatto dal Villareal<\/strong>.\u00a0<\/p>\n<p>&#8220;,&#8221;postId&#8221;:&#8221;93145ebe-f63a-48bb-a6ee-4c6b4989dc1b&#8221;,&#8221;postLink&#8221;:{&#8220;title&#8221;:&#8221;&#8221;,&#8221;url&#8221;:&#8221;&#8221;,&#8221;imageSrc&#8221;:&#8221;&#8221;}},{&#8220;timestamp&#8221;:&#8221;2026-08-26T09:20:00.000Z&#8221;,&#8221;timestampUtcIt&#8221;:&#8221;2026-08-26T11:20:00+0200&#8243;,&#8221;altBackground&#8221;:false,&#8221;title&#8221;:&#8221;Juventus, in chiusura Miretti al Besiktas&#8221;,&#8221;content&#8221;:&#8221;<\/p>\n<p>In chiusura il trasferimento di <strong>Fabio Miretti dalla Juventus <\/strong>al <strong>Besiktas. <\/strong>Accordo per il trasferimento del centrocampista in prestito con diritto di riscatto, che potrebbe cos\u00ec raggiungere Vincenzo Italiano in Turchia<\/p>\n<p>\\n&#8221;,&#8221;postId&#8221;:&#8221;782fa1c8-8a92-4109-a87f-ed4515dd7992&#8243;,&#8221;postLink&#8221;:{&#8220;title&#8221;:&#8221;&#8221;,&#8221;url&#8221;:&#8221;&#8221;,&#8221;imageSrc&#8221;:&#8221;&#8221;}},{&#8220;timestamp&#8221;:&#8221;2026-08-26T09:10:00.000Z&#8221;,&#8221;timestampUtcIt&#8221;:&#8221;2026-08-26T11:10:00+0200&#8243;,&#8221;altBackground&#8221;:false,&#8221;title&#8221;:&#8221;Cagliari, fatta per Prati al Racing Santander&#8221;,&#8221;content&#8221;:&#8221;<\/p>\n<p>Definita l&#8217;uscita di Matteo Prati dal Cagliari al <strong>Racing Santander.<\/strong> Prestito oneroso da 500 mila euro con diritto fissato a 4 milioni. <strong>Domani le visite mediche in Spagna.<\/strong><\/p>\n<p>&#8220;,&#8221;postId&#8221;:&#8221;bd1a4a0b-5f97-4009-bfd6-a77028d06b39&#8243;,&#8221;postLink&#8221;:{&#8220;title&#8221;:&#8221;&#8221;,&#8221;url&#8221;:&#8221;&#8221;,&#8221;imageSrc&#8221;:&#8221;&#8221;}},{&#8220;timestamp&#8221;:&#8221;2026-08-26T09:00:00.000Z&#8221;,&#8221;timestampUtcIt&#8221;:&#8221;2026-08-26T11:00:00+0200&#8243;,&#8221;altBackground&#8221;:false,&#8221;title&#8221;:&#8221;Inserimento del Bologna su Vargas del Siviglia&#8221;,&#8221;content&#8221;:&#8221;<\/p>\n<p>Il Bologna si \u00e8 inserito su <strong>Vargas<\/strong>, ala sinistra del <strong>Siviglia<\/strong>, sul quale c\u2019\u00e8 per\u00f2 gi\u00e0 una trattativa avanzata con l\u2019<strong>Olympiacos<\/strong>. Il giocatore pu\u00f2 diventare una soluzione legata alle uscite di <strong>Cambiaghi o Rowe, <\/strong>per cui il <strong>Bologna <\/strong>ha rifiutato un\u2019offerta da 35 milioni pi\u00f9 bonus dallAtalanta. Ancora non c\u2019\u00e8 stato nessun contatto tra i due club.<\/p>\n<p>\\n&#8221;,&#8221;postId&#8221;:&#8221;11099789-3853-44b4-a965-528d8f8b5452&#8243;,&#8221;postLink&#8221;:{&#8220;title&#8221;:&#8221;&#8221;,&#8221;url&#8221;:&#8221;&#8221;,&#8221;imageSrc&#8221;:&#8221;&#8221;}},{&#8220;timestamp&#8221;:&#8221;2026-08-26T08:50:00.000Z&#8221;,&#8221;timestampUtcIt&#8221;:&#8221;2026-08-26T10:50:00+0200&#8243;,&#8221;video&#8221;:{&#8220;videoId&#8221;:&#8221;1119904&#8243;,&#8221;videoPageUrl&#8221;:&#8221;https:\/\/video.sky.it\/sport\/calciomercato\/serie-a\/video\/calciomercato-milan-leao-aston-villa-galatasaray-news-1119904&#8243;},&#8221;altBackground&#8221;:true,&#8221;title&#8221;:&#8221;Leao, l&#8217;Aston Villa continua a trattare ma il Galatasaray non molla&#8221;,&#8221;content&#8221;:&#8221;<\/p>\n<p>Rafael <strong>Leao<\/strong> pu\u00f2 lasciare il <strong>Milan<\/strong> nel corso di questa sessione di calciomercato. L&#8217;<strong>Aston Villa <\/strong>\u00e8 in trattativa con il club rossonero per il cartellino dell&#8217;attaccante portoghese, ma il <strong>Galatasaray<\/strong> non molla e potrebbe fare una nuova offerta<\/p>\n<p>&#8220;,&#8221;postId&#8221;:&#8221;819043bb-7b2d-4eea-8edf-a5a983935854&#8243;,&#8221;postLink&#8221;:{&#8220;title&#8221;:&#8221;&#8221;,&#8221;url&#8221;:&#8221;&#8221;,&#8221;imageSrc&#8221;:&#8221;&#8221;}},{&#8220;timestamp&#8221;:&#8221;2026-08-26T08:40:00.000Z&#8221;,&#8221;timestampUtcIt&#8221;:&#8221;2026-08-26T10:40:00+0200&#8243;,&#8221;video&#8221;:{&#8220;videoId&#8221;:&#8221;1119901&#8243;,&#8221;videoPageUrl&#8221;:&#8221;https:\/\/video.sky.it\/sport\/calciomercato\/serie-a\/video\/calciomercato-roma-kessie-juventus-news-1119901&#8243;},&#8221;altBackground&#8221;:true,&#8221;title&#8221;:&#8221;Inserimento della Roma per Kessi\u00e9. La Juventus insiste ma deve prima vendere&#8221;,&#8221;content&#8221;:&#8221;<\/p>\n<p>Non solo la <strong>Juventus<\/strong>: anche la <strong>Roma<\/strong> si \u00e8 detta interessata a Franck <strong>Kessi\u00e9<\/strong> e si \u00e8 inserita nella trattativa. I bianconeri insistono ma dovrebbero prima completare altre uscite a centrocampo e questo pu\u00f2 favorire l&#8217;inserimento di altre squadre, come i giallorossi<\/p>\n<p>&#8220;,&#8221;postId&#8221;:&#8221;9bf35b55-9c4c-4c19-9107-b7b3f1942293&#8243;,&#8221;postLink&#8221;:{&#8220;title&#8221;:&#8221;&#8221;,&#8221;url&#8221;:&#8221;&#8221;,&#8221;imageSrc&#8221;:&#8221;&#8221;}},{&#8220;timestamp&#8221;:&#8221;2026-08-26T08:30:00.000Z&#8221;,&#8221;timestampUtcIt&#8221;:&#8221;2026-08-26T10:30:00+0200&#8243;,&#8221;altBackground&#8221;:false,&#8221;title&#8221;:&#8221;Il Sassuolo avanza per Esposito e Belghali: Pinamonti verso la Lazio&#8221;,&#8221;content&#8221;:&#8221;<\/p>\n<p><strong>I neroverdi stanno spingendo per definire lo scambio di prestiti con Ciervo che porterebbe Sebastiano Esposito in Emilia<\/strong>, oltre a trattare con il Verona per l&#8217;arrivo del difensore Rafik <strong>Belghali<\/strong>. Sul fronte uscite, il Sassuolo conta di chiudere proprio oggi la cessione di Andrea <strong>Pinamonti<\/strong>, pronto a trasferirsi alla <strong>Lazio<\/strong><\/p>\n<p>&#8220;,&#8221;postId&#8221;:&#8221;be18230d-5d33-48e7-8b9d-d07d08e9b3c0&#8243;,&#8221;postLink&#8221;:{&#8220;title&#8221;:&#8221;Sassuolo, in chiusura l&#8217;arrivo di Esposito e Belghali&#8221;,&#8221;url&#8221;:&#8221;https:\/\/sport.sky.it\/calciomercato\/2026\/08\/25\/sassuolo-esposito-belghali-calciomercato-news&#8221;,&#8221;imageSrc&#8221;:&#8221;https:\/\/sport.sky.it\/assets\/images\/20b0f0a1339392595dff5f3b0574dc953a42fc54\/skysport\/it\/calcio\/calciomercato\/2026\/08\/25\/sassuolo-esposito-belghali-calciomercato-news\/esposito_belghali_combo.jpg?im=Resize,width=1218&#8243;}},{&#8220;timestamp&#8221;:&#8221;2026-08-26T08:20:00.000Z&#8221;,&#8221;timestampUtcIt&#8221;:&#8221;2026-08-26T10:20:00+0200&#8243;,&#8221;altBackground&#8221;:false,&#8221;title&#8221;:&#8221;Como-Kean, nuova offerta da 35+5 milioni: si attende la risposta della Fiorentina&#8221;,&#8221;content&#8221;:&#8221;<\/p>\n<p>Il <strong>Como <\/strong>ha fatto una nuova offerta alla Fiorentina per il cartellino di Moise <strong>Kean<\/strong>. Operazione da <strong>35 milioni di euro pi\u00f9 5 di bonus<\/strong>. La squadra di Fabregas si aspetta una risposta entro 48 ore, ma il club viola non ha ancora dato l&#8217;ok al trasferimento perch\u00e9 prima vuole trovare un sostituto all&#8217;altezza<\/p>\n<p>&#8220;,&#8221;postId&#8221;:&#8221;955846a0-58d5-46ed-be4d-0f6ddd2075ab&#8221;,&#8221;postLink&#8221;:{&#8220;title&#8221;:&#8221;&#8221;,&#8221;url&#8221;:&#8221;&#8221;,&#8221;imageSrc&#8221;:&#8221;&#8221;}},{&#8220;timestamp&#8221;:&#8221;2026-08-26T08:10:00.000Z&#8221;,&#8221;timestampUtcIt&#8221;:&#8221;2026-08-26T10:10:00+0200&#8243;,&#8221;altBackground&#8221;:false,&#8221;title&#8221;:&#8221;Milan, in lista Alvyn Sanches per il ruolo di trequartista: piace ad Amorim&#8221;,&#8221;content&#8221;:&#8221;<\/p>\n<p>Nella lista del Milan c&#8217;\u00e8 anche <strong>Alvyn Sanches<\/strong>, trequartista classe 2003 dello <strong>Young Boys<\/strong>. Seguito da tempo dall&#8217;area scouting rossonera, il talento svizzero \u00e8 considerato un profilo perfetto per le idee tattiche di <strong>Ruben Amorim<\/strong><\/p>\n<p>&#8220;,&#8221;postId&#8221;:&#8221;baf21f26-12b6-43b6-be73-21e53a35881f&#8221;,&#8221;postLink&#8221;:{&#8220;title&#8221;:&#8221;&#8221;,&#8221;url&#8221;:&#8221;&#8221;,&#8221;imageSrc&#8221;:&#8221;&#8221;}},{&#8220;timestamp&#8221;:&#8221;2026-08-26T08:00:00.000Z&#8221;,&#8221;timestampUtcIt&#8221;:&#8221;2026-08-26T10:00:00+0200&#8243;,&#8221;altBackground&#8221;:false,&#8221;title&#8221;:&#8221;Perin saluta la Juventus: \\&#8221;Rester\u00e0 per sempre dentro di me\\&#8221;. Lo aspetta il Palermo&#8221;,&#8221;content&#8221;:&#8221;<\/p>\n<p>Mattia Perin saluta la Juventus prima del trasferimento al Palermo. \u00c8 fatta per il passaggio a titolo definitivo del portiere, pronto a firmare un contratto di tre anni con i rosanero. Sui social il classe 1992 ha affidato a un lungo messaggio il suo addio al club bianconero, dove era arrivato nel 2018: \\&#8221;Non so cosa rester\u00e0 di me nella storia della Juventus. Ma dentro di me la Juventus rester\u00e0 per sempre\\&#8221;<\/p>\n<p>&#8220;,&#8221;social&#8221;:{&#8220;socialType&#8221;:&#8221;instagram&#8221;,&#8221;src&#8221;:&#8221;https:\/\/www.instagram.com\/p\/Dcd-st2MoKQ\/?utm_source=ig_embed&amp;utm_campaign=loading&#8221;,&#8221;cookieAllowed&#8221;:true},&#8221;postId&#8221;:&#8221;99c253d6-8272-45c5-a8a1-742f0a50df3b&#8221;,&#8221;postLink&#8221;:{&#8220;title&#8221;:&#8221;&#8221;,&#8221;url&#8221;:&#8221;&#8221;,&#8221;imageSrc&#8221;:&#8221;&#8221;}},{&#8220;timestamp&#8221;:&#8221;2026-08-26T07:50:00.000Z&#8221;,&#8221;timestampUtcIt&#8221;:&#8221;2026-08-26T09:50:00+0200&#8243;,&#8221;altBackground&#8221;:false,&#8221;title&#8221;:&#8221;Calciomercato Serie B, gli acquisti ufficiali dell&#8217;estate 2026&#8243;,&#8221;content&#8221;:&#8221;<\/p>\n<p>Tutti gli acquisti ufficiali in Serie B<\/p>\n<p>&#8220;,&#8221;postId&#8221;:&#8221;57ce93fd-2b19-4a08-9188-1f1f745dd1d4&#8243;,&#8221;postLink&#8221;:{&#8220;title&#8221;:&#8221;Dalla Vecchia al Cesena in prestito dal Torino&#8221;,&#8221;url&#8221;:&#8221;https:\/\/sport.sky.it\/calciomercato\/calciomercato-serie-b-estate-2026-acquisti-ufficiali&#8221;,&#8221;imageSrc&#8221;:&#8221;https:\/\/sport.sky.it\/assets\/images\/cd3ac55b6853fc0e715c2f8f7cc32404db92af04\/skysport\/it\/calcio\/calciomercato\/calciomercato-serie-b-estate-2026-acquisti-ufficiali\/dallavecchia_jpg.jpg?im=Resize,width=1218&#8243;}},{&#8220;timestamp&#8221;:&#8221;2026-08-26T07:36:00.245Z&#8221;,&#8221;timestampUtcIt&#8221;:&#8221;2026-08-26T09:36:00+0200&#8243;,&#8221;altBackground&#8221;:false,&#8221;title&#8221;:&#8221;Ufficiale, Perin \u00e8 del Palermo&#8221;,&#8221;postId&#8221;:&#8221;7755fa02-6aab-4204-af8c-6a59574c9479&#8243;,&#8221;postLink&#8221;:{&#8220;title&#8221;:&#8221;Mattia Perin \u00e8 un nuovo giocatore del Palermo&#8221;,&#8221;url&#8221;:&#8221;https:\/\/sport.sky.it\/calciomercato\/calciomercato-serie-b-estate-2026-acquisti-ufficiali&#8221;,&#8221;imageSrc&#8221;:&#8221;https:\/\/sport.sky.it\/assets\/images\/c6f76120ef2c7128bedd297549d5890bd41ec167\/skysport\/it\/calcio\/calciomercato\/calciomercato-serie-b-estate-2026-acquisti-ufficiali\/perin_palermo.jpg?im=Resize,width=1218&#8243;}},{&#8220;timestamp&#8221;:&#8221;2026-08-26T07:30:00.000Z&#8221;,&#8221;timestampUtcIt&#8221;:&#8221;2026-08-26T09:30:00+0200&#8243;,&#8221;altBackground&#8221;:false,&#8221;title&#8221;:&#8221;Nkunku al Lipsia e Di Gregorio al Bournemouth&#8221;,&#8221;content&#8221;:&#8221;<\/p>\n<p>In uscita, invece, <strong>Di Gregorio<\/strong> \u00e8 ufficialmente un nuovo giocatore del <strong>Bournemouth<\/strong>, mentre <strong>Nkunku<\/strong> \u00e8 tornato al <strong>Lipsia<\/strong><\/p>\n<p>&#8220;,&#8221;postId&#8221;:&#8221;5d07e213-3149-42d9-8696-6478bb481a41&#8243;,&#8221;postLink&#8221;:{&#8220;title&#8221;:&#8221;Calciomercato Milan, ufficiale Nkunku al Lipsia in prestito con diritto di riscatto&#8221;,&#8221;url&#8221;:&#8221;https:\/\/sport.sky.it\/calciomercato\/calciomercato-2026-acquisti-ufficiali-estero-estate&#8221;,&#8221;imageSrc&#8221;:&#8221;https:\/\/sport.sky.it\/assets\/images\/7e3581cc34832bdf880e9adaccea22edaae0d460\/skysport\/it\/calcio\/calciomercato\/calciomercato-2026-acquisti-ufficiali-estero-estate\/nkunku_lipsia_ufficiale.jpg?im=Resize,width=1218&#8243;}},{&#8220;timestamp&#8221;:&#8221;2026-08-26T07:20:00.000Z&#8221;,&#8221;timestampUtcIt&#8221;:&#8221;2026-08-26T09:20:00+0200&#8243;,&#8221;altBackground&#8221;:false,&#8221;title&#8221;:&#8221;Tutte le ufficialit\u00e0 di Serie A&#8221;,&#8221;content&#8221;:&#8221;<\/p>\n<p>Ma Grabara \u00e8 solo l&#8217;ultimo di una lunga serie di ufficialit\u00e0: eccole tutte<\/p>\n<p>&#8220;,&#8221;postId&#8221;:&#8221;44ebdbed-c35e-4837-b20b-e4c5a465ec36&#8243;,&#8221;postLink&#8221;:{&#8220;title&#8221;:&#8221;Tre nuovi colpi in Serie A oggi: le ufficialit\u00e0 e i dettagli&#8221;,&#8221;url&#8221;:&#8221;https:\/\/sport.sky.it\/calciomercato\/calciomercato-serie-a-estate-2026-acquisti-ufficiali#02&#8243;,&#8221;imageSrc&#8221;:&#8221;https:\/\/sport.sky.it\/assets\/images\/02b6ed22fe47678effcac61c992e97ccca7aa2ab\/skysport\/it\/calcio\/champions-league\/2026\/08\/25\/champions-league-playoff-25-agosto-risultati-highlights\/grabara_juventus_sito.jpg?im=Resize,width=1218&#8243;}},{&#8220;timestamp&#8221;:&#8221;2026-08-26T07:10:00.000Z&#8221;,&#8221;timestampUtcIt&#8221;:&#8221;2026-08-26T09:10:00+0200&#8243;,&#8221;altBackground&#8221;:false,&#8221;title&#8221;:&#8221;Juventus, ufficiale Grabara&#8221;,&#8221;content&#8221;:&#8221;<\/p>\n<p>La Juventus ha trovato il suo nuovo secondo portiere: ufficiale Grabara. Operazione in <strong>prestito da 0,5 milioni con oneri accessori pari a 0,2 milioni e 0,3 di bonus, con diritto di riscatto fissato a 11,5 milioni<\/strong><\/p>\n<p>\\n&#8221;,&#8221;postId&#8221;:&#8221;88796ce0-1416-43c5-a111-63bdcd454bb3&#8243;,&#8221;postLink&#8221;:{&#8220;title&#8221;:&#8221;&#8221;,&#8221;url&#8221;:&#8221;&#8221;,&#8221;imageSrc&#8221;:&#8221;&#8221;}}]}&#8221; query='{&#8220;configurationName&#8221;:&#8221;LIVEBLOG_CONTAINER_WIDGET&#8221;,&#8221;liveblogId&#8221;:&#8221;5501e945-5f20-4062-bc63-11c2d0a4544d&#8221;,&#8221;tenant&#8221;:&#8221;sport&#8221;,&#8221;limit&#8221;:800}&#8217; config='{&#8220;live&#8221;:true,&#8221;isWebView&#8221;:false,&#8221;postsPerPageMobile&#8221;:10,&#8221;postsPerPageDesktop&#8221;:10}&#8217;&gt;<br \/>\n          Calciomercato, le news di oggiLeggi di pi\u00f9 <\/p>\n<p>meno di un minuto fa<\/p>\n<p>Sassuolo, definito lo scambio Esposito-Ciervo col Cagliari<\/p>\n<p>Accordo finale tra Sassuolo e Cagliari per uno scambio di attaccanti. <strong>Atteso domani a Sassuolo Sebastiano Esposito per le visite mediche col club neroverde<\/strong>: operazione in prestito con diritto di riscatto e percentuale sulla futura rivendita qualora superiore ai 10 milioni di euro<strong>. In rossobl\u00f9 \u00a0l&#8217;esterno d&#8217;attacco Riccardo Ciervo<\/strong>: prestito con diritto di riscatto a 3 milioni di euro.\u00a0<\/p>\n<p>24 minuti fa<\/p>\n<p>Milan, intesa di massima con il Galatasaray per la cessione di Leao<\/p>\n<p>Trovata l\u2019intesa di massima tra il <strong>Milan <\/strong>e il <strong>Galatasaray <\/strong>per la cessione di <strong>Rafa Leao<\/strong>. Oggi l\u2019incontro decisivo per un\u2019operazione intorno ai <strong>45 milioni pi\u00f9 bonus:<\/strong> si lavora in queste ore per sistemare gli ultimi dettagli. Il club turco adesso dovr\u00e0 trovare l&#8217;accordo con il giocatore.\u00a0<\/p>\n<p><a href=\"https:\/\/sport.sky.it\/calciomercato\/2026\/08\/26\/leao-galatasaray-calciomercato-milan-news\" title=\"Leao-Galatasaray, acoordo di massima col Milan a 45 milioni di euro pi\u00f9 bonus\" class=\"lvbg-post-link\" data-intcmp=\"skysport_liveblog_liveblog-preview_null\" data-analytics-element=\"liveblog-preview\" rel=\"nofollow noopener\" target=\"_blank\"><img alt=\"Leao-Galatasaray, acoordo di massima col Milan a 45 milioni di euro pi\u00f9 bonus\" style=\"opacity:0;transition:opacity 0.3s\" class=\"lvbg-post-link__image\"\/>Leao-Galatasaray, acoordo di massima col Milan a 45 milioni di euro pi\u00f9 bonusVai al contenuto <\/a><\/p>\n<p>45 minuti fa<\/p>\n<p>Nottingham, prima offerta per Dod\u00f4<\/p>\n<p>Il Nottingham Forest ha presentato una prima offerta per Dod\u00f4 della Fiorentina. La proposta degli inglesi \u00e8 pari a 7 milioni di euro, cifra ritenuta insufficiente dalla Viola.\u00a0<\/p>\n<p>19:55<\/p>\n<p>Roma, contatti per Morato<\/p>\n<p>Come raccontato, nelle ultime ore <strong>la Roma ha mostrato interesse per Morato, difensore di propriet\u00e0 del Nottingham Forest<\/strong>. I giallorossi hanno avviato i contatti con il club inglese, nel tentativo di trovare un&#8217;intesa per un prestito con diritto di riscatto che diventa obbligo condizionato. Al momento per\u00f2 il club inglese non apre a questo tipo di formula.<\/p>\n<p>19:35<\/p>\n<p>Il Galatasaray insiste per Rafa Leao<\/p>\n<p><strong>Pressing continuo del Galatasaray per Rafa Leao<\/strong>. In giornata, nuovo incontro tra un intermediario del club turco ha incontrato il Milan. <strong>Il Galatasaray sta spingendo in queste ore, modificando la sua offerta <\/strong>per provare ad avvicinarsi il pi\u00f9 possibile alle richieste rossonere per il portoghese, che chiede 50 milioni pi\u00f9 bonus.<\/p>\n<p><a href=\"https:\/\/sport.sky.it\/calciomercato\/2026\/08\/26\/leao-galatasaray-calciomercato-milan-news\" title=\"Leao, il Galatasaray insiste: nuovo incontro col Milan \" class=\"lvbg-post-link\" data-intcmp=\"skysport_liveblog_liveblog-preview_null\" data-analytics-element=\"liveblog-preview\" rel=\"nofollow noopener\" target=\"_blank\"><img alt=\"Leao, il Galatasaray insiste: nuovo incontro col Milan \" style=\"opacity:0;transition:opacity 0.3s\" class=\"lvbg-post-link__image\"\/>Leao, il Galatasaray insiste: nuovo incontro col Milan Vai al contenuto <\/a><\/p>\n<p>19:23<\/p>\n<p>Chelsea, trattativa con l&#8217;Atalanta per Ahanor<\/p>\n<p><strong>Forte interesse del Chelsea per il difensore dell&#8217;Atalanta Honest Ahanor<\/strong>. Dialoghi in corso tra i due club, con gli inglesi pronti a mettere sul piatto un&#8217;offerta superiore ai 40 milioni di euro.\u00a0<\/p>\n<p>19:20<\/p>\n<p>Udinese, domani le visite di Mrozek<\/p>\n<p>L&#8217;<strong>Udinese<\/strong> ha chiuso un&#8217;operazione in entrata per la porta: <strong>dal Lech Poznan \u00e8 in arrivo il portiere Bartosz Mrozek<\/strong>, 26 anni, nazionalit\u00e0 polacca. Sosterr\u00e0 domani le visite mediche coi bianconeri.\u00a0<\/p>\n<p>18:40<\/p>\n<p>Juventus, Miretti domani in Turchia<\/p>\n<p>Ormai ai dettagli la trattativa che porter\u00e0 <strong>Fabio Miretti al Besiktas<\/strong>. Le parti stanno completando la compilazione dei documenti e procedendo all&#8217;organizzazione delle visite mediche. Il centrocampista \u00e8 atteso domani in Turchia.\u00a0<\/p>\n<p>18:16<\/p>\n<p>Lazio, Pinamonti \u00e8 arrivato a Formello<\/p>\n<p><strong>Andrea Pinamonti \u00e8 pronto a cominciare la sua nuova avventura con la Lazio<\/strong>: l&#8217;attaccante \u00e8 arrivato al centro sportivo di Formello, dove sosterr\u00e0 le visite mediche.\u00a0<\/p>\n<p>Immagini di Davide Balestra<\/p>\n<p>18:00<\/p>\n<p>Cagliari, definita l&#8217;uscita di Mutandwa<\/p>\n<p><strong>Kingstone Mutandwa<\/strong>, attaccante 23enne <strong>di propriet\u00e0 del Cagliari, si trasferir\u00e0 al Rizespor.<\/strong> Il centravanti nato in Zambia si unir\u00e0 al club turco in prestito oneroso a 500 mila euro con possibilit\u00e0 di riscatto a 3 milioni.\u00a0<\/p>\n<p>17:45<\/p>\n<p>Mantova, accordo per il ritorno di Kouda<\/p>\n<p>Dopo il prestito nella seconda met\u00e0 della scorsa stagione<strong>, il centrocampista Rachid Kouda si prepara a vestire di nuovo la maglia del Mantova<\/strong>. I lombardi hanno raggiunto un <strong>accordo con il Parma<\/strong> sulla base di un prestito con diritto di riscatto e possibilit\u00e0 di controriscatto.\u00a0<\/p>\n<p>17:30<\/p>\n<p>Ascoli, c&#8217;\u00e8 la firma di Brunori<\/p>\n<p>Adesso \u00e8 ufficiale: <strong>Matteo Brunori \u00e8 un nuovo giocatore dell&#8217;Ascoli<\/strong>. L&#8217;attaccante classe 1994 si trasferisce dal Palermo in prestito con diritto di riscatto. Come comunicato dal club bianconero, Brunori indosser\u00e0 la maglia numero 99.\u00a0<\/p>\n<p><a href=\"https:\/\/sport.sky.it\/calciomercato\/calciomercato-serie-b-estate-2026-acquisti-ufficiali\" title=\"Matteo Brunori \u00e8 un nuovo giocatore dell&#039;Ascoli\" class=\"lvbg-post-link\" data-intcmp=\"skysport_liveblog_liveblog-preview_null\" data-analytics-element=\"liveblog-preview\" rel=\"nofollow noopener\" target=\"_blank\"><img alt=\"Matteo Brunori \u00e8 un nuovo giocatore dell'Ascoli\" style=\"opacity:0;transition:opacity 0.3s\" class=\"lvbg-post-link__image\"\/>Matteo Brunori \u00e8 un nuovo giocatore dell&#8217;AscoliVai al contenuto <\/a><\/p>\n<p>17:12<\/p>\n<p>Inter, in chiusura il trasferimento di Asllani<\/p>\n<p><strong>L&#8217;Al Jazira, club di prima divisione degli Emirati Arabi Uniti, ha trovato l&#8217;intesa con l&#8217;Inter per il trasferimento di Kristjan Asllani.<\/strong> Il club ha formalizzato anche la sua proposta di ingaggio al calciatore: la chiusura \u00e8 attesa nelle prossime ore. L&#8217;accordo tra club <strong>prevede un prestito oneroso da 2 milioni di euro con obbligo di riscatto fissato a 4,5 milioni<\/strong> al raggiungimento di un certo numero di presenze.\u00a0<\/p>\n<p>16:54<\/p>\n<p>Frosinone, visite mediche per Birligea<\/p>\n<p>Altra operazione in entrata per il <strong>Frosinone<\/strong>:<strong> l&#8217;attaccante Daniel Birligea<\/strong>, arrivato dai romeni del FCSB, ha sostenuto le visite mediche a Villa Stuart.<\/p>\n<p>16:30<\/p>\n<p>Catania, ufficiale l&#8217;arrivo di Torrasi<\/p>\n<p>Il <strong>Catania <\/strong>rende noto l&#8217;acquisto, a titolo definitivo<strong> dalla Juve Stabia<\/strong>, del centrocampista <strong>Emanuele Torrasi<\/strong>. Il 27enne si lega al club rossazzurro con un contratto biennale.\u00a0<\/p>\n<p>16:09<\/p>\n<p>Sampdoria, fatta per Makoumbou<\/p>\n<p><strong>La Sampdoria ha trovato l&#8217;intesa finale con i turchi del Samsunspor per il centrocampista Antoine Makoumbou<\/strong>. Il mediano classe 1998 torner\u00e0 a giocare in Italia dopo una sola stagione all&#8217;estero. Nel pomeriggio l&#8217;attaccante ha sostenuto le visite mediche a Genova, a breve la firma.\u00a0<\/p>\n<p>15:45<\/p>\n<p>Juve Stabia, non solo Di Nardo: tentativo per Sibilli<\/p>\n<p>Giornata di visite mediche per <strong>Antonio Di Nardo: sar\u00e0 un nuovo attaccante della Juve Stabia<\/strong>, lasciando il Pescara dopo una sola stagione. I giallobl\u00f9 potrebbero non fermarsi qui nel mercato in entrata: possibile un <strong>tentativo per il trequartista Giuseppe Sibilli<\/strong>.\u00a0<\/p>\n<p>15:30<\/p>\n<p>Empoli, in arrivo Corrado<\/p>\n<p>Frosinone ed Empoli hanno trovato l&#8217;intesa definitiva per l&#8217;arrivo in Toscana di <strong>Niccol\u00f2 Corrado<\/strong>. L&#8217;esterno sinistro, classe 2000, sar\u00e0 un nuovo giocatore dell&#8217;<strong>Empoli<\/strong>.\u00a0<\/p>\n<p>15:05<\/p>\n<p>Pisa, Meister verso il Derby County<\/p>\n<p><strong>Henrik Meister \u00e8 in procinto di lasciare il Pisa<\/strong>. L&#8217;attaccante danese <strong>\u00e8 molto vicino al Derby County<\/strong>, club di seconda divisione inglese: operazione in prestito oneroso, con diritto di riscatto fissato a 8,5 milioni di euro e alta percentuale da riconoscere ai nerazzurri in caso di futura rivendita.\u00a0<\/p>\n<p>14:45<\/p>\n<p>Baleba al Manchester United: \u00e8 in top 10 degli acquisti pi\u00f9 costosi dell&#8217;estate<\/p>\n<p>Dopo Andrey Santos e Youri Tielemans, il Manchester <strong>United<\/strong> ha ufficializzato il suo nuovo centrocampista, acquistato per <strong>quasi 75 milioni di euro dal Brighton.<\/strong><\/p>\n<p><a href=\"https:\/\/sport.sky.it\/calciomercato\/calciomercato-2026-acquisti-piu-costosi-sessione-estiva-classifica\" title=\"Gli acquisti pi\u00f9 costosi dell&#039;estate (finora). CLASSIFICA\" class=\"lvbg-post-link\" data-intcmp=\"skysport_liveblog_liveblog-preview_null\" data-analytics-element=\"liveblog-preview\" rel=\"nofollow noopener\" target=\"_blank\"><img alt=\"Gli acquisti pi\u00f9 costosi dell'estate (finora). CLASSIFICA\" style=\"opacity:0;transition:opacity 0.3s\" class=\"lvbg-post-link__image\"\/>Gli acquisti pi\u00f9 costosi dell&#8217;estate (finora). CLASSIFICAVai al contenuto <\/a><\/p>\n<p>14:30<\/p>\n<p>Legan\u00e9s, interesse per Morata<\/p>\n<p><strong>Il Legan\u00e9s, squadra di seconda divisione spagnola, \u00e8 interessato ad Alvaro Morata<\/strong>. L&#8217;attaccante \u00e8 in uscita dal Como ma il nodo principale riguarda l\u2019ingaggio. Dialoghi in corso tra i due club: al momento, l&#8217;operazione pu\u00f2 concretizzarsi qualora il Como contribuisca allo stipendio del giocatore.<\/p>\n<p>14:15<\/p>\n<p>Fiorentina, multa per Kean<\/p>\n<p>Moise Kean ha scelto di saltare l&#8217;allenamento del mattino con la Fiorentina:<strong> una scelta non concordata col club, che ha deciso di multare il calciatore<\/strong>. <strong>L&#8217;attaccante \u00e8 stato riconvocato per una seduta individuale nel pomeriggio: <\/strong>in caso di ulteriore assenza, sar\u00e0 nuovamente multato<strong>.<\/strong> La Fiorentina non intende cedere il giocatore se non dopo aver trovato un sostituto all&#8217;altezza.<\/p>\n<p><a href=\"https:\/\/sport.sky.it\/calciomercato\/2026\/08\/26\/kean-fiorentina-como-calciomercato-news\" title=\"La Fiorentina multa Kean, lui spinge per il Como\" class=\"lvbg-post-link\" data-intcmp=\"skysport_liveblog_liveblog-preview_null\" data-analytics-element=\"liveblog-preview\" rel=\"nofollow noopener\" target=\"_blank\"><img alt=\"La Fiorentina multa Kean, lui spinge per il Como\" style=\"opacity:0;transition:opacity 0.3s\" class=\"lvbg-post-link__image\"\/>La Fiorentina multa Kean, lui spinge per il ComoVai al contenuto <\/a><\/p>\n<p>13:55<\/p>\n<p>Roma, idea Morato se parte Zi\u00f3\u0142kowski<\/p>\n<p><strong>Jan Ziolkowski <\/strong>\u00e8 un obiettivo del Monza: <strong>il difensore ha aperto al possibile trasferimento <\/strong>in prestito con diritto di riscatto. In caso di uscita del polacco, come riporta Sky Uk, la Roma ha individuato <strong>un possibile sostituto in Morato, centrale brasiliano, 25enne di propriet\u00e0 del Nottingham Forest.<\/strong> I giallorossi sono interessati ad un&#8217;operazione in prestito.<\/p>\n<p><a href=\"https:\/\/sport.sky.it\/calciomercato\/2026\/08\/26\/roma-morato-calciomercato-news\" title=\"La Roma pensa a un nuovo difensore dal Nottingham Forest\" class=\"lvbg-post-link\" data-intcmp=\"skysport_liveblog_liveblog-preview_null\" data-analytics-element=\"liveblog-preview\" rel=\"nofollow noopener\" target=\"_blank\"><img alt=\"La Roma pensa a un nuovo difensore dal Nottingham Forest\" style=\"opacity:0;transition:opacity 0.3s\" class=\"lvbg-post-link__image\"\/>La Roma pensa a un nuovo difensore dal Nottingham ForestVai al contenuto <\/a><\/p>\n<p>13:42<\/p>\n<p>Milan, Leao sul mercato ma torna ad allenarsi in gruppo<\/p>\n<p>Nella mattinata di oggi, <strong>Rafa Leao \u00e8 tornato ad allenarsi in gruppo a Milanello, per la prima volta dallo stop del 14 agosto<\/strong>. <strong>Sul portoghese continua ad insistere il Galatasaray<\/strong>, anche nelle ultime ore. Al momento, la proposta dei turchi arriva a 45 milioni di euro bonus inclusi, non ancora sufficiente per le richieste del Milan. Resta prioritario trovare l&#8217;intesa tra club, poi il Galatasaray dovrebbe trovare quella con il calciatore, su cui resta vigile dalla Premier League anche l&#8217;Aston Villa, la cui prima proposta \u00e8 stata giudicata troppo bassa.<\/p>\n<p>Leggi di pi\u00f9 <\/p>\n<p>13:30<\/p>\n<p>E c&#8217;\u00e8 il rinnovo di Giacomo Cal\u00f2<\/p>\n<p>Ultimi giorni di mercato molto intensi in casa Frosinone. Oltre al mercato in entrata e in uscita, <strong>il club giallobl\u00f9 ha raggiunto l&#8217;intesa definitiva per il prolungamento del contratto di Giacomo Cal\u00f2, <\/strong>calciatore centrale nel progetto del club, che ha scelto di blindarlo. Il mediano ha firmato un rinnovo &#8211; con relativo adeguamento dell&#8217;ingaggio &#8211; fino al 2029: attesa solo l&#8217;ufficialit\u00e0.\u00a0<\/p>\n<p>13:15<\/p>\n<p>Frosinone, ufficiale Tchato<\/p>\n<p>Con una nota ufficiale, <strong>il Frosinone<\/strong> comunica l&#8217;acquisto a titolo definitivo del difensore<strong> Enzo Tchato<\/strong>, trasferitosi <strong>dal Montpellier<\/strong>. Il terzino destro ha firmato un <strong>contratto quadriennale.\u00a0<\/strong>Nella stessa casella, <strong>saluta Jeremy Oyono: \u00e8 un nuovo giocatore dello Spezia<\/strong>, operazione in prestito con obbligo condizionato.\u00a0<\/p>\n<p>13:00<\/p>\n<p>Lazio, Artistico vicino al Padova<\/p>\n<p><strong>Gabriele Artistico<\/strong> pu\u00f2 lasciare la Lazio. L&#8217;attaccante<strong> \u00e8 molto vicino al Padova<\/strong>: operazione in chiusura per 3,5 milioni di euro.\u00a0<\/p>\n<p>12:45<\/p>\n<p>Carrarese in chiusura per Topalovic<\/p>\n<p><strong>Luka Topalovic, centrocampista di propriet\u00e0 dell&#8217;Inter, \u00e8 molto vicino a vestire la maglia della Carrarese<\/strong>. L&#8217;operazione \u00e8 in via di definizione in queste ore sulla base di un prestito con diritto di riscatto. I nerazzurri manterranno a loro volta la possibilit\u00e0 di esercitare il controriscatto.\u00a0<\/p>\n<p>12:30<\/p>\n<p>Inter, trattativa avanzata con l&#8217;Al Jazira per Asllani: i dettagli<\/p>\n<p><strong>Trattativa avanzata dell&#8217;Inter con l&#8217;Al Jazira per Asllani<\/strong>, non resta che trovare l&#8217;accordo lato giocatore. La formula prevede un <strong>prestito da 1,5 milioni e un diritto di riscatto fissato a 5 milioni<\/strong>, che potrebbe trasformarsi in obbligo al raggiungimento di un certo numero di presenze<\/p>\n<p>12:15<\/p>\n<p>Duello di mercato tra Roma e Juventus per Kessi\u00e8<\/p>\n<p><strong>Franck Kessi\u00e8 \u00e8 un nuovo nome per il centrocampo della Roma<\/strong>. I giallorossi, nella serata di ieri, hanno fatto la loro offerta all&#8217;agente del calciatore, nel tentativo di anticipare la Juventus. I bianconeri si erano gi\u00e0 mossi da tempo per l&#8217;ivoriano e, dato l&#8217;inserimento della Roma, ragionano in queste ore se accelerare nella trattativa, a prescindere dalle uscite nel reparto. <strong>La Juventus ha messo sul piatto un ingaggio biennale con possibile estensione per un terzo anno.<\/strong> I contatti proseguono: quella di oggi potrebbe essere una giornata importante per un eventuale ritorno in Serie A del centrocampista.<\/p>\n<p><a href=\"https:\/\/sport.sky.it\/calciomercato\/2026\/08\/26\/juventus-kessie-roma-calciomercato-news\" title=\"\u00c8 corsa a due tra Juventus e Roma per Kessie\" class=\"lvbg-post-link\" data-intcmp=\"skysport_liveblog_liveblog-preview_null\" data-analytics-element=\"liveblog-preview\" rel=\"nofollow noopener\" target=\"_blank\"><img alt=\"\u00c8 corsa a due tra Juventus e Roma per Kessie\" style=\"opacity:0;transition:opacity 0.3s\" class=\"lvbg-post-link__image\"\/>\u00c8 corsa a due tra Juventus e Roma per KessieVai al contenuto <\/a><\/p>\n<p>11:59<\/p>\n<p>Fiorentina, Kean spinge per la sua cessione<\/p>\n<p><strong>Moise Kean \u00e8 sempre pi\u00f9 lontano dalla Fiorentina<\/strong>. Il calciatore si \u00e8 presentato in ritardo all&#8217;allenamento del mattino e ha poi scelto di saltare la seduta.\u00a0Una decisione autonoma e non concordata con la societ\u00e0, con l&#8217;attaccante che adesso spinge per la sua cessione.<\/p>\n<p>11:45<\/p>\n<p>Siviglia, idea Ratkow della Lazio<\/p>\n<p><strong>Dialoghi in corso tra Siviglia e Lazio per l&#8217;attaccante Petar Ratkow. <\/strong>I club ragionano sulla formula dopo che il giocatore classe 2003 ha aperto alla possibilit\u00e0 di un trasferimento in Spagna. Sempre nel reparto offensivo della Lazio, <strong>Gabriele Artistico piace in Serie B. <\/strong>Non \u00e8 da escludere che queste uscite, qualora si concretizzassero, possano sbloccare l&#8217;arrivo di un secondo innesto offensivo.<\/p>\n<p>11:30<\/p>\n<p>Como, ufficiale Kambwala<\/p>\n<p><strong>Il difensore Willy Kambwala \u00e8 un nuovo giocatore del Como<\/strong>: lo annuncia il club tramite i propri canali ufficiali. Il centrale francese, \u00a0classe 2004, si trasferisce <strong>in prestito con diritto di riscatto dal Villareal<\/strong>.\u00a0<\/p>\n<p>11:20<\/p>\n<p>Juventus, in chiusura Miretti al Besiktas<\/p>\n<p>In chiusura il trasferimento di <strong>Fabio Miretti dalla Juventus <\/strong>al <strong>Besiktas. <\/strong>Accordo per il trasferimento del centrocampista in prestito con diritto di riscatto, che potrebbe cos\u00ec raggiungere Vincenzo Italiano in Turchia<\/p>\n<p>11:10<\/p>\n<p>Cagliari, fatta per Prati al Racing Santander<\/p>\n<p>Definita l&#8217;uscita di Matteo Prati dal Cagliari al <strong>Racing Santander.<\/strong> Prestito oneroso da 500 mila euro con diritto fissato a 4 milioni. <strong>Domani le visite mediche in Spagna.<\/strong><\/p>\n<p>11:00<\/p>\n<p>Inserimento del Bologna su Vargas del Siviglia<\/p>\n<p>Il Bologna si \u00e8 inserito su <strong>Vargas<\/strong>, ala sinistra del <strong>Siviglia<\/strong>, sul quale c\u2019\u00e8 per\u00f2 gi\u00e0 una trattativa avanzata con l\u2019<strong>Olympiacos<\/strong>. Il giocatore pu\u00f2 diventare una soluzione legata alle uscite di <strong>Cambiaghi o Rowe, <\/strong>per cui il <strong>Bologna <\/strong>ha rifiutato un\u2019offerta da 35 milioni pi\u00f9 bonus dallAtalanta. Ancora non c\u2019\u00e8 stato nessun contatto tra i due club.<\/p>\n<p>10:50<\/p>\n<p>Leao, l&#8217;Aston Villa continua a trattare ma il Galatasaray non molla<\/p>\n<p>Rafael <strong>Leao<\/strong> pu\u00f2 lasciare il <strong>Milan<\/strong> nel corso di questa sessione di calciomercato. L&#8217;<strong>Aston Villa <\/strong>\u00e8 in trattativa con il club rossonero per il cartellino dell&#8217;attaccante portoghese, ma il <strong>Galatasaray<\/strong> non molla e potrebbe fare una nuova offerta<\/p>\n<p>10:40<\/p>\n<p>Inserimento della Roma per Kessi\u00e9. La Juventus insiste ma deve prima vendere<\/p>\n<p>Non solo la <strong>Juventus<\/strong>: anche la <strong>Roma<\/strong> si \u00e8 detta interessata a Franck <strong>Kessi\u00e9<\/strong> e si \u00e8 inserita nella trattativa. I bianconeri insistono ma dovrebbero prima completare altre uscite a centrocampo e questo pu\u00f2 favorire l&#8217;inserimento di altre squadre, come i giallorossi<\/p>\n<p>10:30<\/p>\n<p>Il Sassuolo avanza per Esposito e Belghali: Pinamonti verso la Lazio<\/p>\n<p><strong>I neroverdi stanno spingendo per definire lo scambio di prestiti con Ciervo che porterebbe Sebastiano Esposito in Emilia<\/strong>, oltre a trattare con il Verona per l&#8217;arrivo del difensore Rafik <strong>Belghali<\/strong>. Sul fronte uscite, il Sassuolo conta di chiudere proprio oggi la cessione di Andrea <strong>Pinamonti<\/strong>, pronto a trasferirsi alla <strong>Lazio<\/strong><\/p>\n<p><a href=\"https:\/\/sport.sky.it\/calciomercato\/2026\/08\/25\/sassuolo-esposito-belghali-calciomercato-news\" title=\"Sassuolo, in chiusura l&#039;arrivo di Esposito e Belghali\" class=\"lvbg-post-link\" data-intcmp=\"skysport_liveblog_liveblog-preview_null\" data-analytics-element=\"liveblog-preview\" rel=\"nofollow noopener\" target=\"_blank\"><img alt=\"Sassuolo, in chiusura l'arrivo di Esposito e Belghali\" style=\"opacity:0;transition:opacity 0.3s\" class=\"lvbg-post-link__image\"\/>Sassuolo, in chiusura l&#8217;arrivo di Esposito e BelghaliVai al contenuto <\/a><\/p>\n<p>10:20<\/p>\n<p>Como-Kean, nuova offerta da 35+5 milioni: si attende la risposta della Fiorentina<\/p>\n<p>Il <strong>Como <\/strong>ha fatto una nuova offerta alla Fiorentina per il cartellino di Moise <strong>Kean<\/strong>. Operazione da <strong>35 milioni di euro pi\u00f9 5 di bonus<\/strong>. La squadra di Fabregas si aspetta una risposta entro 48 ore, ma il club viola non ha ancora dato l&#8217;ok al trasferimento perch\u00e9 prima vuole trovare un sostituto all&#8217;altezza<\/p>\n<p>10:10<\/p>\n<p>Milan, in lista Alvyn Sanches per il ruolo di trequartista: piace ad Amorim<\/p>\n<p>Nella lista del Milan c&#8217;\u00e8 anche <strong>Alvyn Sanches<\/strong>, trequartista classe 2003 dello <strong>Young Boys<\/strong>. Seguito da tempo dall&#8217;area scouting rossonera, il talento svizzero \u00e8 considerato un profilo perfetto per le idee tattiche di <strong>Ruben Amorim<\/strong><\/p>\n<p>10:00<\/p>\n<p>Perin saluta la Juventus: &#8220;Rester\u00e0 per sempre dentro di me&#8221;. Lo aspetta il Palermo<\/p>\n<p>Mattia Perin saluta la Juventus prima del trasferimento al Palermo. \u00c8 fatta per il passaggio a titolo definitivo del portiere, pronto a firmare un contratto di tre anni con i rosanero. Sui social il classe 1992 ha affidato a un lungo messaggio il suo addio al club bianconero, dove era arrivato nel 2018: &#8220;Non so cosa rester\u00e0 di me nella storia della Juventus. Ma dentro di me la Juventus rester\u00e0 per sempre&#8221;<\/p>\n<p>09:50<\/p>\n<p>Calciomercato Serie B, gli acquisti ufficiali dell&#8217;estate 2026<\/p>\n<p>Tutti gli acquisti ufficiali in Serie B<\/p>\n<p><a href=\"https:\/\/sport.sky.it\/calciomercato\/calciomercato-serie-b-estate-2026-acquisti-ufficiali\" title=\"Dalla Vecchia al Cesena in prestito dal Torino\" class=\"lvbg-post-link\" data-intcmp=\"skysport_liveblog_liveblog-preview_null\" data-analytics-element=\"liveblog-preview\" rel=\"nofollow noopener\" target=\"_blank\"><img alt=\"Dalla Vecchia al Cesena in prestito dal Torino\" style=\"opacity:0;transition:opacity 0.3s\" class=\"lvbg-post-link__image\"\/>Dalla Vecchia al Cesena in prestito dal TorinoVai al contenuto <\/a><\/p>\n<p>09:36<\/p>\n<p>Ufficiale, Perin \u00e8 del Palermo<a href=\"https:\/\/sport.sky.it\/calciomercato\/calciomercato-serie-b-estate-2026-acquisti-ufficiali\" title=\"Mattia Perin \u00e8 un nuovo giocatore del Palermo\" class=\"lvbg-post-link\" data-intcmp=\"skysport_liveblog_liveblog-preview_null\" data-analytics-element=\"liveblog-preview\" rel=\"nofollow noopener\" target=\"_blank\"><img alt=\"Mattia Perin \u00e8 un nuovo giocatore del Palermo\" style=\"opacity:0;transition:opacity 0.3s\" class=\"lvbg-post-link__image\"\/>Mattia Perin \u00e8 un nuovo giocatore del PalermoVai al contenuto <\/a><\/p>\n<p>09:30<\/p>\n<p>Nkunku al Lipsia e Di Gregorio al Bournemouth<\/p>\n<p>In uscita, invece, <strong>Di Gregorio<\/strong> \u00e8 ufficialmente un nuovo giocatore del <strong>Bournemouth<\/strong>, mentre <strong>Nkunku<\/strong> \u00e8 tornato al <strong>Lipsia<\/strong><\/p>\n<p><a href=\"https:\/\/sport.sky.it\/calciomercato\/calciomercato-2026-acquisti-ufficiali-estero-estate\" title=\"Calciomercato Milan, ufficiale Nkunku al Lipsia in prestito con diritto di riscatto\" class=\"lvbg-post-link\" data-intcmp=\"skysport_liveblog_liveblog-preview_null\" data-analytics-element=\"liveblog-preview\" rel=\"nofollow noopener\" target=\"_blank\"><img alt=\"Calciomercato Milan, ufficiale Nkunku al Lipsia in prestito con diritto di riscatto\" style=\"opacity:0;transition:opacity 0.3s\" class=\"lvbg-post-link__image\"\/>Calciomercato Milan, ufficiale Nkunku al Lipsia in prestito con diritto di riscattoVai al contenuto <\/a><\/p>\n<p>09:20<\/p>\n<p>Tutte le ufficialit\u00e0 di Serie A<\/p>\n<p>Ma Grabara \u00e8 solo l&#8217;ultimo di una lunga serie di ufficialit\u00e0: eccole tutte<\/p>\n<p><a href=\"https:\/\/sport.sky.it\/calciomercato\/calciomercato-serie-a-estate-2026-acquisti-ufficiali#02\" title=\"Tre nuovi colpi in Serie A oggi: le ufficialit\u00e0 e i dettagli\" class=\"lvbg-post-link\" data-intcmp=\"skysport_liveblog_liveblog-preview_null\" data-analytics-element=\"liveblog-preview\" rel=\"nofollow noopener\" target=\"_blank\"><img alt=\"Tre nuovi colpi in Serie A oggi: le ufficialit\u00e0 e i dettagli\" style=\"opacity:0;transition:opacity 0.3s\" class=\"lvbg-post-link__image\"\/>Tre nuovi colpi in Serie A oggi: le ufficialit\u00e0 e i dettagliVai al contenuto <\/a><\/p>\n<p>09:10<\/p>\n<p>Juventus, ufficiale Grabara<\/p>\n<p>La Juventus ha trovato il suo nuovo secondo portiere: ufficiale Grabara. Operazione in <strong>prestito da 0,5 milioni con oneri accessori pari a 0,2 milioni e 0,3 di bonus, con diritto di riscatto fissato a 11,5 milioni<\/strong><\/p>\n<p>      <script async src=\"\/\/www.instagram.com\/embed.js\"><\/script><\/p>\n","protected":false},"excerpt":{"rendered":"\\n Milan, intesa di massima con il Galatasaray per la cessione di Leao \\n Chelsea in pressing su&hellip;\n","protected":false},"author":3,"featured_media":612905,"comment_status":"","ping_status":"","sticky":false,"template":"","format":"standard","meta":{"footnotes":"","_share_on_mastodon":"0"},"categories":[176],"tags":[7724,569,586,6300,353,6295,6293,6294,3705,2263,5281,6298,350,1537,90,89,558,5188,6296,553,11121,248,6301,6299,245,244,1641,2817,222],"class_list":["post-650850","post","type-post","status-publish","format-standard","has-post-thumbnail","category-sport","tag-as-roma","tag-atalanta","tag-bologna","tag-cagliari","tag-calciomercato","tag-calciomercato-estero","tag-calciomercato-serie-a","tag-calciomercato-serie-b","tag-como","tag-fiorentina","tag-frosinone","tag-genoa","tag-inter","tag-it","tag-italia","tag-italy","tag-juventus","tag-lazio","tag-lecce","tag-milan","tag-monza","tag-napoli","tag-parma","tag-sassuolo","tag-sport","tag-sports","tag-torino","tag-udinese","tag-venezia"],"share_on_mastodon":{"url":"https:\/\/pubeurope.com\/@it\/117163359421436633","error":""},"_links":{"self":[{"href":"https:\/\/www.europesays.com\/it\/wp-json\/wp\/v2\/posts\/650850","targetHints":{"allow":["GET"]}}],"collection":[{"href":"https:\/\/www.europesays.com\/it\/wp-json\/wp\/v2\/posts"}],"about":[{"href":"https:\/\/www.europesays.com\/it\/wp-json\/wp\/v2\/types\/post"}],"author":[{"embeddable":true,"href":"https:\/\/www.europesays.com\/it\/wp-json\/wp\/v2\/users\/3"}],"replies":[{"embeddable":true,"href":"https:\/\/www.europesays.com\/it\/wp-json\/wp\/v2\/comments?post=650850"}],"version-history":[{"count":0,"href":"https:\/\/www.europesays.com\/it\/wp-json\/wp\/v2\/posts\/650850\/revisions"}],"wp:featuredmedia":[{"embeddable":true,"href":"https:\/\/www.europesays.com\/it\/wp-json\/wp\/v2\/media\/612905"}],"wp:attachment":[{"href":"https:\/\/www.europesays.com\/it\/wp-json\/wp\/v2\/media?parent=650850"}],"wp:term":[{"taxonomy":"category","embeddable":true,"href":"https:\/\/www.europesays.com\/it\/wp-json\/wp\/v2\/categories?post=650850"},{"taxonomy":"post_tag","embeddable":true,"href":"https:\/\/www.europesays.com\/it\/wp-json\/wp\/v2\/tags?post=650850"}],"curies":[{"name":"wp","href":"https:\/\/api.w.org\/{rel}","templated":true}]}}