{"id":650859,"date":"2026-08-26T19:06:13","date_gmt":"2026-08-26T19:06:13","guid":{"rendered":"https:\/\/www.europesays.com\/it\/650859\/"},"modified":"2026-08-26T19:06:13","modified_gmt":"2026-08-26T19:06:13","slug":"leone-xiv-piccoli-gesti-di-bonta-e-carita-possono-disarmare-grandi-conflitti","status":"publish","type":"post","link":"https:\/\/www.europesays.com\/it\/650859\/","title":{"rendered":"Leone XIV: piccoli gesti di bont\u00e0 e carit\u00e0 possono disarmare grandi conflitti"},"content":{"rendered":"<p>Il Papa riceve, questa mattina 26 agosto, in udienza nell\u2019Auletta dell\u2019Aula Paolo VI un gruppo di vescovi della Chiesa luterana di Norvegia. Sottolinea che nel periodo \u201cturbolento\u201d che il mondo sta attraversando, servono \u201ccammini concreti di riconciliazione e di fraternit\u00e0\u201d. Infine invita a &#8220;crescere insieme nel nostro servizio alla promozione della pace e della giustizia\u201d<\/p>\n<p><b>Daniele Piccini \u2013 Citt\u00e0 del Vaticano<\/b><\/p>\n<p>Nel \u201cperiodo particolarmente turbolento\u201d che il mondo sta attraversando \u2013 non solo per via dei \u201cconflitti\u201d e delle \u201cdispute internazionali\u201d, ma anche per il livore con cui viene condotto il dibattito politico in ciascun Paese \u2013 dobbiamo apprendere da Ges\u00f9 a percorrere la via della bont\u00e0 e della carit\u00e0, due virt\u00f9 che hanno il loro potere di \u201cdisarmare\u201d. \u00c8 l\u2019essenza del discorso, pronunciato in lingua inglese, con cui Leone XIV ha ricevuto in udienza questa mattina, 26 agosto, nell\u2019Auletta dell\u2019Aula Paolo IV alcuni vescovi della Chiesa luterana di Norvegia.<\/p>\n<p>Sembra esserci una crescente animosit\u00e0 tra popoli, evidente non solo nei conflitti e nelle dispute internazionali, come avete osservato, ma anche all\u2019interno di singoli Paesi, come dimostra l\u2019acredine che spesso caratterizza il dibattito politico e sociale.<\/p>\n<p><a href=\"https:\/\/www.vatican.va\/content\/leo-xiv\/en\/speeches\/2026\/august\/documents\/20260826-chiesa-luterana-norvegia.html\" rel=\"external nofollow noopener\" target=\"_blank\">LEGGI IL DISCORSO INTEGRALE IN LINGUA INGLESE DI LEONE XIV ALLA CHIESA DI NORVEGIA<\/a><\/p>\n<p>Imparare &#8220;un&#8217;altra via&#8221; <\/p>\n<p>Il Pontefice sottolinea che la risposta non pu\u00f2 consistere semplicemente nel mostrare \u201costilit\u00e0\u201d verso coloro con cui nascono incomprensioni, un atteggiamento facilitato dalla \u201cnostra condizione umana decaduta\u201d. Occorre invece uno sforzo concertato per \u201ccercare cammini concreti di riconciliazione e di fraternit\u00e0\u201d. Un giogo che Ges\u00f9 alleggerisce, insegnandoci \u201cun\u2019altra via, rivelando che la bont\u00e0 e la carit\u00e0 hanno il potere di disarmare\u201d.\u00a0Anche la visita dei vescovi della Chiesa luterana della Norvegia \u2013 nota il Papa &#8211; diventa, dunque, un esempio di un piccolo ma importante passo verso l\u2019unit\u00e0.<\/p>\n<p>Sono pertanto sinceramente grato per la vostra presenza qui e per il vostro desiderio condiviso di cercare modi per costruire comunione. Di fatto, anche piccoli gesti possono ispirarci e guidarci sul cammino della riconciliazione.<\/p>\n<p>    <img decoding=\"async\" src=\"data:image\/gif;base64,R0lGODlhAQABAIAAAAAAAP\/\/\/yH5BAEAAAAALAAAAAABAAEAAAIBRAA7\" data-original=\"https:\/\/www.vaticannews.va\/content\/dam\/vaticannews\/agenzie\/images\/srv\/2026\/08\/26\/2026-08-26-vescovi-della-chiesa-luterana-di-norvegia\/1787732706890.JPG\/_jcr_content\/renditions\/cq5dam.thumbnail.cropped.750.422.jpeg\" alt=\"Leone XIV con i quattordici vescovi della Chiesa luterana di Norvegia. \" title=\"Leone XIV con i quattordici vescovi della Chiesa luterana di Norvegia. \"\/><\/p>\n<p>\n   Leone XIV con i quattordici vescovi della Chiesa luterana di Norvegia. \u00a0 (@VATICAN MEDIA)\n  <\/p>\n<p>Servire la pace e la giustizia, in comunione <\/p>\n<p>Il Vescovo di Roma fa propria la preghiera per l\u2019unit\u00e0 che Cristo rivolge al Padre nel Vangelo di Giovanni, affinch\u00e9 i suoi discepoli \u201csiano perfetti nell&#8217;unit\u00e0 e il mondo conosca che tu mi hai mandato e che li hai amati come hai amato me\u201d.\u00a0Leone XIV esprime a questo proposito l\u2019auspicio che il \u201cBattesimo comune\u201d e la nostra \u201cmissione condivisa nel mondo\u201d siano presupposti per \u201ccrescere insieme nel nostro servizio alla promozione della pace e della giustizia\u201d.<\/p>\n<p>Raccomanda poi di seguire l\u2019esempio di Sant\u2019Olav &#8211; vissuto tra il 995 e il 1030, re di Norvegia, martire e patrono nazionale del Paese \u2013 e di Santa Sunniva, martire e patrona della Norvegia occidentale. Le loro vite \u2013 conclude &#8211; \u201cdedicate a Dio e al prossimo, hanno aiutato a unire popoli e danno una testimonianza duratura della forza trasformatrice della carit\u00e0\u201d.\u00a0Il Papa incoraggia infine\u00a0 a chiedere la \u201cbenedizione di Dio\u201d, affinch\u00e9 \u201cci aiuti a vivere in modo sempre pi\u00f9 autentico come fratelli e sorelle e quindi a dare testimonianza comune del nostro Salvatore&#8221;.<\/p>\n<p>    <img decoding=\"async\" src=\"data:image\/gif;base64,R0lGODlhAQABAIAAAAAAAP\/\/\/yH5BAEAAAAALAAAAAABAAEAAAIBRAA7\" data-original=\"https:\/\/www.vaticannews.va\/content\/dam\/vaticannews\/agenzie\/images\/srv\/2026\/08\/26\/2026-08-26-vescovi-della-chiesa-luterana-di-norvegia\/1787732702563.JPG\/_jcr_content\/renditions\/cq5dam.thumbnail.cropped.750.422.jpeg\" alt=\"Olav Fykse Tveit, vescovo presidente della Chiesa di Norvegia, tiene il suo discorso di saluto al Papa.\" title=\"Olav Fykse Tveit, vescovo presidente della Chiesa di Norvegia, tiene il suo discorso di saluto al Papa.\"\/><\/p>\n<p>\n   Olav Fykse Tveit, vescovo presidente della Chiesa di Norvegia, tiene il suo discorso di saluto al Papa. \u00a0 (@VATICAN MEDIA)\n  <\/p>\n<p>&#8220;Nell&#8217;Uno siamo uno&#8221; <\/p>\n<p>Nel suo discorso di saluto al Pontefice, Olav Fykse Tveit, vescovo presidente della Chiesa di Norvegia, ha ammesso di aver apprezzato molto la scelta del motto per il suo stemma pontificio: \u201cCi avete profondamente ispirato quando avete scelto come motto: In Illo uno unum (\u2018Nell\u2019Uno siamo uno). Questo richiama la preghiera di Cristo stesso: Ut unum sint (\u2018Che siano tutti una cosa sola\u2019)\u201d.\u00a0Poi ha aggiunti che l\u2019\u201dunit\u00e0 \u00e8 un dono di Dio\u201d, ed essa consiste \u201cnel compiere insieme la nostra opera e dare insieme la nostra testimonianza\u201d.<\/p>\n<p>\u201cIn questa visita a Roma \u2013 ha concluso il presidente della Chiesa di Norvegia &#8211; siamo invitati dalla Comunit\u00e0 di Sant\u2019Egidio ad ascoltare e a comprendere pi\u00f9 a fondo come possiamo aiutare i giovani a cercare e trovare il loro posto nella Chiesa. E come, attraverso questo, possano crescere nella fede per servire Dio e l\u2019umanit\u00e0, come espressione della fede cristiana\u201d.<\/p>\n","protected":false},"excerpt":{"rendered":"Il Papa riceve, questa mattina 26 agosto, in udienza nell\u2019Auletta dell\u2019Aula Paolo VI un gruppo di vescovi della&hellip;\n","protected":false},"author":3,"featured_media":650860,"comment_status":"","ping_status":"","sticky":false,"template":"","format":"standard","meta":{"footnotes":"","_share_on_mastodon":"0"},"categories":[160],"tags":[56448,819,14,164,165,3875,77,166,7,3038,15,402,1358,11,167,12,168,161,162,163],"class_list":["post-650859","post","type-post","status-publish","format-standard","has-post-thumbnail","category-mondo","tag-carita","tag-chiesa","tag-cronaca","tag-dal-mondo","tag-dalmondo","tag-dialogo","tag-guerra","tag-mondo","tag-news","tag-norvegia","tag-notizie","tag-pace","tag-papa-leone-xiv","tag-ultime-notizie","tag-ultime-notizie-di-mondo","tag-ultimenotizie","tag-ultimenotiziedimondo","tag-world","tag-world-news","tag-worldnews"],"share_on_mastodon":{"url":"","error":""},"_links":{"self":[{"href":"https:\/\/www.europesays.com\/it\/wp-json\/wp\/v2\/posts\/650859","targetHints":{"allow":["GET"]}}],"collection":[{"href":"https:\/\/www.europesays.com\/it\/wp-json\/wp\/v2\/posts"}],"about":[{"href":"https:\/\/www.europesays.com\/it\/wp-json\/wp\/v2\/types\/post"}],"author":[{"embeddable":true,"href":"https:\/\/www.europesays.com\/it\/wp-json\/wp\/v2\/users\/3"}],"replies":[{"embeddable":true,"href":"https:\/\/www.europesays.com\/it\/wp-json\/wp\/v2\/comments?post=650859"}],"version-history":[{"count":0,"href":"https:\/\/www.europesays.com\/it\/wp-json\/wp\/v2\/posts\/650859\/revisions"}],"wp:featuredmedia":[{"embeddable":true,"href":"https:\/\/www.europesays.com\/it\/wp-json\/wp\/v2\/media\/650860"}],"wp:attachment":[{"href":"https:\/\/www.europesays.com\/it\/wp-json\/wp\/v2\/media?parent=650859"}],"wp:term":[{"taxonomy":"category","embeddable":true,"href":"https:\/\/www.europesays.com\/it\/wp-json\/wp\/v2\/categories?post=650859"},{"taxonomy":"post_tag","embeddable":true,"href":"https:\/\/www.europesays.com\/it\/wp-json\/wp\/v2\/tags?post=650859"}],"curies":[{"name":"wp","href":"https:\/\/api.w.org\/{rel}","templated":true}]}}