{"id":650899,"date":"2026-08-26T19:44:16","date_gmt":"2026-08-26T19:44:16","guid":{"rendered":"https:\/\/www.europesays.com\/it\/650899\/"},"modified":"2026-08-26T19:44:16","modified_gmt":"2026-08-26T19:44:16","slug":"tpc-en-nouvelle-aquitaine-nella-seconda-tappa-vittoria-di-tesson-davanti-a-fretin-10-t-bessega","status":"publish","type":"post","link":"https:\/\/www.europesays.com\/it\/650899\/","title":{"rendered":"TPC EN NOUVELLE-AQUITAINE. NELLA SECONDA TAPPA VITTORIA DI TESSON DAVANTI A FRETIN: 10\u00b0 T. BESSEGA"},"content":{"rendered":"<p class=\"MsoNormal\" style=\"text-align: justify;\"><strong>Jason Tesson della TotalEnergies festeggia il successo nella seconda tappa del Tour Tour Poitou &#8211; Charentes en\u00a0Nouvelle-Aquitaine<\/strong>. Sul traguardo di\u00a0Lezay, al termine di 199 chilometri pianeggianti, il 28enne transalpino ha preceduto il connazionale Milan Fretin della Cofidis, leader della corsa dopo la vittoria di ieri, e il norvegese\u00a0 Tord Gudmestad della Decathlon CMA CGM Team. Primo degli italiani Tommaso Bessega del Team Polti VisitMalta che ha chiuso la prova al decimo posto.\n            <\/p>\n<p class=\"MsoNormal\" style=\"text-align: justify;\">LA GARA\u00a0 &#8211; A caratterizzare la tappa di oggi \u00e8 stata una fuga con protagonisti i francesi Tom Mainguenaud (Nice M\u00e9tropole C\u00f4te d&#8217;Azur), Axel Bouquet (St Michel &#8211; Preference Home), Cl\u00e9ment Dubois (Van Risel Roubaix), il neerlandese Niek Voogt (Azerion \/ Villa Valkenburg) e lo svedese Hjalmar Klyver (Lucky Sport Cycling Team).\n            <\/p>\n<p class=\"MsoNormal\" style=\"text-align: justify;\">Collaborando e dividendosi la fatica, gli uomini al comando sono passati per la prima volta in zona traguardo con un minuto di vantaggio sul gruppone. Entrato negli ultimi quindici chilometri, il gruppo ha per\u00f2 aumentato notevolmente l\u2019andatura riassorbendo nel giro di breve tutti gli attaccanti. <\/p>\n<p class=\"MsoNormal\" style=\"text-align: justify;\">Successivamente hanno provato ad uscire dal gruppo un uomo della Polti VisitMalta e altri atleti ma a scegliere il momento giusto sono stati \u00a0\u00a0Niklas Larsen (Unibet Rose Rockets) e Daniel \u00c5rnes (Van Rysel Roubaix) che a sette chilometri dal traguardo sono fuggiti nella speranza di sorprendere gli avversari. La loro coraggiosa azione si \u00e8 conclusa a tre chilometri dal termine, giusto in tempo per permettere ai velocisti di prepararsi per lo sprint.<\/p>\n<p class=\"MsoNormal\" style=\"text-align: justify;\">Domani Fretin affronter\u00e0 la cronometro individuale di 27 chilometri tra\u00a0Cherves e Vouill\u00e9 ancora in testa alla classifica generale.\u00a0<\/p>\n<p class=\"MsoNormal\" style=\"text-align: justify;\"><strong>ORDINE D&#8217;ARRIVO\u00a0<\/strong><\/p>\n<p class=\"MsoNormal\" style=\"text-align: justify;\">1  Tesson Jason TotalEnergies 04:43:24<\/p>\n<p class=\"MsoNormal\" style=\"text-align: justify;\">2  Fretin Milan Cofidis ,,<\/p>\n<p class=\"MsoNormal\" style=\"text-align: justify;\">3  Gudmestad Tord Decathlon CMA CGM Team ,,<\/p>\n<p class=\"MsoNormal\" style=\"text-align: justify;\">4  Aug\u00e9 Ronan Unibet Rose Rockets ,,<\/p>\n<p class=\"MsoNormal\" style=\"text-align: justify;\">5  Oosterlinck Joes Van Rysel Roubaix ,,<\/p>\n<p class=\"MsoNormal\" style=\"text-align: justify;\">6  George Alfred Groupama &#8211; FDJ United ,,<\/p>\n<p class=\"MsoNormal\" style=\"text-align: justify;\">7  Penho\u00ebt Paul Elite Fondations Cycling Team ,,<\/p>\n<p class=\"MsoNormal\" style=\"text-align: justify;\">8  McDonald Brody Modern Adventure Pro Cycling ,,<\/p>\n<p class=\"MsoNormal\" style=\"text-align: justify;\">9  Manzin Lorrenzo TotalEnergies ,,<\/p>\n<p class=\"MsoNormal\" style=\"text-align: justify;\">10  Bessega Tommaso Team Polti VisitMalta ,,<\/p>\n<p class=\"MsoNormal\" style=\"text-align: justify;\">\n<p>\u00a0<\/p><\/p>\n","protected":false},"excerpt":{"rendered":"Jason Tesson della TotalEnergies festeggia il successo nella seconda tappa del Tour Tour Poitou &#8211; Charentes en\u00a0Nouvelle-Aquitaine. Sul&hellip;\n","protected":false},"author":3,"featured_media":650900,"comment_status":"","ping_status":"","sticky":false,"template":"","format":"standard","meta":{"footnotes":"","_share_on_mastodon":"0"},"categories":[1456],"tags":[1824,1825,1537,90,89,53689,245,244,6228,42254,56169],"class_list":["post-650899","post","type-post","status-publish","format-standard","has-post-thumbnail","category-ciclismo","tag-ciclismo","tag-cycling","tag-it","tag-italia","tag-italy","tag-jason-tesson","tag-sport","tag-sports","tag-sprint","tag-totalenergies","tag-tour-poitou-charentes"],"share_on_mastodon":{"url":"https:\/\/pubeurope.com\/@it\/117163528446447075","error":""},"_links":{"self":[{"href":"https:\/\/www.europesays.com\/it\/wp-json\/wp\/v2\/posts\/650899","targetHints":{"allow":["GET"]}}],"collection":[{"href":"https:\/\/www.europesays.com\/it\/wp-json\/wp\/v2\/posts"}],"about":[{"href":"https:\/\/www.europesays.com\/it\/wp-json\/wp\/v2\/types\/post"}],"author":[{"embeddable":true,"href":"https:\/\/www.europesays.com\/it\/wp-json\/wp\/v2\/users\/3"}],"replies":[{"embeddable":true,"href":"https:\/\/www.europesays.com\/it\/wp-json\/wp\/v2\/comments?post=650899"}],"version-history":[{"count":0,"href":"https:\/\/www.europesays.com\/it\/wp-json\/wp\/v2\/posts\/650899\/revisions"}],"wp:featuredmedia":[{"embeddable":true,"href":"https:\/\/www.europesays.com\/it\/wp-json\/wp\/v2\/media\/650900"}],"wp:attachment":[{"href":"https:\/\/www.europesays.com\/it\/wp-json\/wp\/v2\/media?parent=650899"}],"wp:term":[{"taxonomy":"category","embeddable":true,"href":"https:\/\/www.europesays.com\/it\/wp-json\/wp\/v2\/categories?post=650899"},{"taxonomy":"post_tag","embeddable":true,"href":"https:\/\/www.europesays.com\/it\/wp-json\/wp\/v2\/tags?post=650899"}],"curies":[{"name":"wp","href":"https:\/\/api.w.org\/{rel}","templated":true}]}}