{"id":651072,"date":"2026-08-26T21:59:19","date_gmt":"2026-08-26T21:59:19","guid":{"rendered":"https:\/\/www.europesays.com\/it\/651072\/"},"modified":"2026-08-26T21:59:19","modified_gmt":"2026-08-26T21:59:19","slug":"dati-trionfa-a-taranto-oro-nella-prova-in-linea","status":"publish","type":"post","link":"https:\/\/www.europesays.com\/it\/651072\/","title":{"rendered":"Dati trionfa a Taranto. Oro nella prova in linea"},"content":{"rendered":"<p>Ancora il versiliese <strong>Tommaso Dati<\/strong> protagonista nel <strong>ciclismo professionisti 2026<\/strong>. Dopo la bella primavera con i successi ottenuti e dopo il secondo posto nel Campionato Italiano in linea battuto solo da Jonathan Milan, l\u2019atleta di Strettoia che corre nella formazione giapponese <strong>Ukyo<\/strong> si \u00e8 aggiudicato la medaglia d\u2019oro nella prova in linea dei <strong>Giochi del Mediterraneo<\/strong> a Taranto. Assieme a Dati ancora una volta protagonista il trentino Federico Iacomoni, suo compagno di squadra nel Team Ukyo cos\u00ec come lo era l\u2019anno scorso nella Biesse Carrera Premac tra i dilettanti. Per Iacomoni con il terzo posto ottenuto la conquista della medaglia di bronzo.<\/p>\n<p>La prova maschile in Puglia si \u00e8 disputata sulla distanza dei 133 km sul circuito cittadino della Val d\u2019Itria. I due azzurri, insieme al portoghese Tiago Gomes Antunes, hanno fatto la differenza nei tratti in salita, dove hanno creato il divario poi rivelatosi definitivo rispetto al resto dei corridori, ingaggiando di fatto una lotta a tre per le medaglie. In volata il ventiquattrenne versiliese vicecampione italiano ha fatto valere tutta la sua esplosivit\u00e0 rispetto ai due compagni di fuga scattando a 250 metri dalla linea di arrivo. Dati, braccia al cielo non ha lasciato scampo al portoghese Antunes che aveva gi\u00e0 vinto l\u2019oro nella prova a cronometro di questi Giochi.<\/p>\n<p>I due atleti del Team Ukyo con la maglia azzurra della Nazionale Italiana hanno corso in maniera perfetta con Iacomoni che, ancora una volta, si \u00e8 mostrato preziosissimo per il compagno di squadra Dati, felicissimo per avere ottenuto un altro significativo successo in questa sua meravigliosa stagione 2026 non ancora finita. Il pietrasantino in questo periodo, ed ora lo sar\u00e0 ancora di pi\u00f9, \u00e8 corteggiato nel ciclomercato professionistico da diverse squadre catalogate anche World Tour, ma ancora non c\u2019\u00e8 stata una decisione ufficiale su quello che sar\u00e0 il suo nuovo gruppo sportivo per il 2027.<\/p>\n<p>Antonio Mannori<\/p>\n","protected":false},"excerpt":{"rendered":"Ancora il versiliese Tommaso Dati protagonista nel ciclismo professionisti 2026. Dopo la bella primavera con i successi ottenuti&hellip;\n","protected":false},"author":3,"featured_media":651073,"comment_status":"","ping_status":"","sticky":false,"template":"","format":"standard","meta":{"footnotes":"","_share_on_mastodon":"0"},"categories":[1456],"tags":[1824,1825,728,1537,90,89,4781,4696,245,244,10960,44537],"class_list":["post-651072","post","type-post","status-publish","format-standard","has-post-thumbnail","category-ciclismo","tag-ciclismo","tag-cycling","tag-dati","tag-it","tag-italia","tag-italy","tag-linea","tag-prova","tag-sport","tag-sports","tag-taranto","tag-trionfa"],"share_on_mastodon":{"url":"https:\/\/pubeurope.com\/@it\/117164059107887996","error":""},"_links":{"self":[{"href":"https:\/\/www.europesays.com\/it\/wp-json\/wp\/v2\/posts\/651072","targetHints":{"allow":["GET"]}}],"collection":[{"href":"https:\/\/www.europesays.com\/it\/wp-json\/wp\/v2\/posts"}],"about":[{"href":"https:\/\/www.europesays.com\/it\/wp-json\/wp\/v2\/types\/post"}],"author":[{"embeddable":true,"href":"https:\/\/www.europesays.com\/it\/wp-json\/wp\/v2\/users\/3"}],"replies":[{"embeddable":true,"href":"https:\/\/www.europesays.com\/it\/wp-json\/wp\/v2\/comments?post=651072"}],"version-history":[{"count":0,"href":"https:\/\/www.europesays.com\/it\/wp-json\/wp\/v2\/posts\/651072\/revisions"}],"wp:featuredmedia":[{"embeddable":true,"href":"https:\/\/www.europesays.com\/it\/wp-json\/wp\/v2\/media\/651073"}],"wp:attachment":[{"href":"https:\/\/www.europesays.com\/it\/wp-json\/wp\/v2\/media?parent=651072"}],"wp:term":[{"taxonomy":"category","embeddable":true,"href":"https:\/\/www.europesays.com\/it\/wp-json\/wp\/v2\/categories?post=651072"},{"taxonomy":"post_tag","embeddable":true,"href":"https:\/\/www.europesays.com\/it\/wp-json\/wp\/v2\/tags?post=651072"}],"curies":[{"name":"wp","href":"https:\/\/api.w.org\/{rel}","templated":true}]}}