{"id":651111,"date":"2026-08-26T22:32:32","date_gmt":"2026-08-26T22:32:32","guid":{"rendered":"https:\/\/www.europesays.com\/it\/651111\/"},"modified":"2026-08-26T22:32:32","modified_gmt":"2026-08-26T22:32:32","slug":"questa-casa-e-un-rifugio-tra-artigianato-e-design","status":"publish","type":"post","link":"https:\/\/www.europesays.com\/it\/651111\/","title":{"rendered":"Questa casa \u00e8 un rifugio tra artigianato e design"},"content":{"rendered":"<p data-journey-content=\"true\" data-node-id=\"3\" class=\"css-1ood0zq emevuu60\">In un certo senso, una <strong data-node-id=\"3.1\"><a href=\"https:\/\/www.elledecor.com\/it\/design\/a69724147\/tendenze-sala-da-pranzo-2026\/\" target=\"_blank\" data-vars-ga-outbound-link=\"https:\/\/www.elledecor.com\/it\/design\/a69724147\/tendenze-sala-da-pranzo-2026\/\" data-vars-ga-ux-element=\"Hyperlink\" data-vars-ga-call-to-action=\"casa\" data-node-id=\"3.1.0\" class=\"body-link css-g36lkp emevuu60\" rel=\"nofollow noopener\">casa<\/a><\/strong> \u00e8 un contenitore per le persone e i loro oggetti. Ma \u00e8 anche un deposito di cultura, storia, ricordi e maestria artigianale. Per il designer <strong data-node-id=\"3.3\">Ra\u00fal Cabra<\/strong>, questi elementi immateriali sono i veri tesori custoditi tra le mura di pietra spesse di tre piedi dell\u2019<strong data-node-id=\"3.5\">Ex-Hacienda Guadalupe<\/strong>, una propriet\u00e0 che ha acquistato insieme al marito Michael Sledge nel 2007. Si ritiene che risalga al XVIII secolo, ma la storia precisa della casa \u00e8 sconosciuta: a un certo punto era un allevamento di maiali. Quando Cabra e Sledge l\u2019hanno acquistata, era rimasta semivuota per 60 anni. (Si chiama \u201cex\u201d-hacienda perch\u00e9 la maggior parte dei suoi acri \u00e8 stata ridistribuita durante la riforma agraria messicana.) \u00abDopo averla acquistata, Michael diceva ai nostri amici negli Stati Uniti: \u201cOra siamo gli orgogliosi proprietari di un mucchio di pietre in mezzo al nulla\u201d\u00bb, ricorda Cabra. \u00abAbbiamo trascorso due anni vivendo in un cantiere di demolizione, limitandoci a installare l\u2019impianto idraulico e quello elettrico e a livellare i pavimenti. Il cortile era di terra battuta. Spesso mi chiedevo: \u201cPerch\u00e9 diavolo l\u2019ho fatto?\u201d\u00bb<\/p>\n<p data-journey-content=\"true\" data-node-id=\"8\" class=\"css-1ood0zq emevuu60\">Il lavoro stesso ha fornito una risposta. \u00abTutto \u00e8 stato fatto a mano: la fontana, le piastrelle, il <a href=\"https:\/\/www.elledecor.com\/it\/lifestyle\/a37801686\/camini-moderni-il-design-che-scalda-lambiente\/\" target=\"_blank\" data-vars-ga-outbound-link=\"https:\/\/www.elledecor.com\/it\/lifestyle\/a37801686\/camini-moderni-il-design-che-scalda-lambiente\/\" data-vars-ga-ux-element=\"Hyperlink\" data-vars-ga-call-to-action=\"camino\" data-node-id=\"8.1\" class=\"body-link css-g36lkp emevuu60\" rel=\"nofollow noopener\">camino<\/a>\u00bb, racconta Cabra, che ha collaborato con architetti, artigiani e costruttori locali per restaurare la struttura. \u00abNiente macchine\u00bb. Dopotutto, erano stati proprio artigiani come questi, con la loro profonda conoscenza dei materiali e dei metodi indigeni, ad aver attirato Cabra a Oaxaca in primo luogo. Nel 2005, quando insegnava a studenti di design a San Francisco, Cabra port\u00f2 qui il suo primo gruppo per studiare a tu per tu con gli <strong data-node-id=\"8.3\">artigiani locali,<\/strong> per poi applicare quelle tecniche a opere contemporanee. \u00abOaxaca conserva un incredibile patrimonio vivente di tradizioni e costumi preispanici\u00bb, afferma Cabra. \u00ab\u00c8 uno dei luoghi pi\u00f9 affascinanti, ricchi di sfaccettature e complessi che io abbia mai conosciuto\u00bb.<\/p>\n<p><img draggable=\"true\" alt=\"raul cabra oaxaca mexico ex hacienda\" title=\"Raul Cabra Oaxaca Mexico Ex Hacienda\" loading=\"lazy\" width=\"792\" height=\"1188\" decoding=\"async\" data-nimg=\"1\" style=\"color:transparent;width:100%;height:auto;\"   src=\"https:\/\/www.europesays.com\/it\/wp-content\/uploads\/2026\/08\/raul-cabra-oaxaca-mexico-ex-hacienda-citrus-garden-665f4fa18b9d5.jpg\" class=\"css-0 e1ddfba50\"\/>Jos\u00e9 Margaleff for VERANDA<\/p>\n<p>Tavolo e sedie in filo metallico in stile locale nel giardino degli agrumi<\/p>\n<p data-journey-content=\"true\" data-node-id=\"13\" class=\"css-1ood0zq emevuu60\">Per l\u2019ex hacienda, la storia \u00e8 servita meno come modello che come spirito guida. \u00abAbbiamo usato l\u2019immaginazione per <a href=\"https:\/\/www.elledecor.com\/it\/ristrutturazioni-restyling\/\" target=\"_blank\" data-vars-ga-outbound-link=\"https:\/\/www.elledecor.com\/it\/ristrutturazioni-restyling\/\" data-vars-ga-ux-element=\"Hyperlink\" data-vars-ga-call-to-action=\"ripensarne\" data-node-id=\"13.1\" class=\"body-link css-g36lkp emevuu60\" rel=\"nofollow noopener\">ripensarne<\/a> lo splendore\u00bb, afferma Mar\u00eda Claudina L\u00f3pez Morales, l\u2019architetta che ha supervisionato la costruzione del <strong data-node-id=\"13.3\"><a href=\"https:\/\/www.elledecor.com\/it\/case\/a65618266\/casa-mediterranea-con-patio\/\" target=\"_blank\" data-vars-ga-outbound-link=\"https:\/\/www.elledecor.com\/it\/case\/a65618266\/casa-mediterranea-con-patio\/\" data-vars-ga-ux-element=\"Hyperlink\" data-vars-ga-call-to-action=\"patio\" data-node-id=\"13.3.0\" class=\"body-link css-g36lkp emevuu60\" rel=\"nofollow noopener\">patio<\/a><\/strong> e della cucina. Uno degli obiettivi progettuali era quello di aprire l\u2019hacienda al contesto circostante, sia in senso letterale che figurato.<\/p>\n<p><img decoding=\"async\" data-dynamic-svg=\"true\" src=\"https:\/\/www.elledecor.com\/_assets\/design-tokens\/fre\/static\/icons\/arrow-right.7440adc.svg?primary=%2523D4D4D4\" loading=\"lazy\" data-testid=\"dynamic-svg-base\" height=\"auto\" width=\"auto\" aria-label=\"Prev carousel button\" alt=\"Chevron Left Icon\" data-theme-key=\"icon-button-icon\" transform=\"scaleX(-1)\" class=\"css-14vtfey erhb41k0\"\/><img decoding=\"async\" data-dynamic-svg=\"true\" src=\"https:\/\/www.elledecor.com\/_assets\/design-tokens\/fre\/static\/icons\/arrow-right.7440adc.svg?primary=%2523ffffff\" loading=\"lazy\" data-testid=\"dynamic-svg-base\" height=\"auto\" width=\"auto\" aria-label=\"Next carousel button\" alt=\"Chevron Right Icon\" data-theme-key=\"icon-button-icon\" class=\"css-18znc9e erhb41k0\"\/><\/p>\n<p data-journey-content=\"true\" data-node-id=\"19\" class=\"css-1ood0zq emevuu60\">La struttura originaria aveva solo due finestre sull\u2019esterno e nessuna vista verso l\u2019esterno, spiega l\u2019architetta Ileana Luciano, che ha progettato le nuove aperture. Ora la <strong data-node-id=\"19.1\">luce solare<\/strong> intensa e le ombre profonde giocano sulle pareti interne <strong data-node-id=\"19.3\">intonacate a mano.<\/strong> \u00ab\u00c8 stata data priorit\u00e0 anche alle splendide vedute sulla valle\u00bb, aggiunge Luciano, \u00abmentre la profondit\u00e0 delle finestre crea un\u2019atmosfera di pace e intimit\u00e0 all\u2019interno\u00bb.<\/p>\n<p data-journey-content=\"true\" data-node-id=\"23\" class=\"css-1ood0zq emevuu60\">L\u2019arredamento intreccia diversi fili della <strong data-node-id=\"23.1\">storia messicana<\/strong>. La rinomata curatrice Ana Elena Mallet ha aperto gli occhi di Cabra sui movimenti di design del XX secolo poco conosciuti del Paese, influenzati da artisti europei e nordamericani che qui affluirono negli anni \u201950 e \u201960, dalla collaborazione di Herman Miller con i laboratori di tessitura del Michoac\u00e1n, dalla cappella di un monastero vicino a San Miguel de Allende progettata da George Nakashima e dall\u2019influenza dello \u00abstile Hollywood\u00bb e dello \u00abstile Acapulco\u00bb di Arturo Pani.<\/p>\n<p data-journey-content=\"true\" data-node-id=\"27\" class=\"css-1ood0zq emevuu60\">\u00abNon c\u2019\u00e8 nulla di puro in <a href=\"https:\/\/www.elledecor.com\/it\/viaggi\/a44863481\/messico-cosa-vedere\/\" target=\"_blank\" data-vars-ga-outbound-link=\"https:\/\/www.elledecor.com\/it\/viaggi\/a44863481\/messico-cosa-vedere\/\" data-vars-ga-ux-element=\"Hyperlink\" data-vars-ga-call-to-action=\"Messico\" data-node-id=\"27.1\" class=\"body-link css-g36lkp emevuu60\" rel=\"nofollow noopener\">Messico<\/a>\u00bb, afferma Cabra. \u00abTutto \u00e8 in gioco\u00bb. Da qui l\u2019arredamento del cortile dell\u2019hacienda, che comprende sedie Bertoia e un tavolo di Florence Knoll accanto ad amache lavorate a mano all\u2019uncinetto provenienti da Campeche, sedie equipal del Michoac\u00e1n (il cui design a forma di botte risale all\u2019epoca azteca) e vasi provenienti da un villaggio vicino rifiniti con lo s<strong data-node-id=\"27.3\">malto verde tradizionale<\/strong>. Anche le <a href=\"https:\/\/www.elledecor.com\/it\/lifestyle\/g71558671\/31-piante-perenni-da-giardino\/\" target=\"_blank\" data-vars-ga-outbound-link=\"https:\/\/www.elledecor.com\/it\/lifestyle\/g71558671\/31-piante-perenni-da-giardino\/\" data-vars-ga-ux-element=\"Hyperlink\" data-vars-ga-call-to-action=\"piante\" data-node-id=\"27.5\" class=\"body-link css-g36lkp emevuu60\" rel=\"nofollow noopener\">piante<\/a> rendono omaggio alla regione; Cabra e Sledge \u201ccoltivano\u201d agavi rare provenienti dai giardini botanici della citt\u00e0 di Oaxaca, insieme a cactus e altre piante grasse locali.<\/p>\n<p><img draggable=\"true\" alt=\"raul cabra oaxaxa mexico ex hacienda receiving hall\" title=\"Raul Cabra Oaxaxa Mexico Ex Hacienda Receiving Hall\" loading=\"lazy\" width=\"3300\" height=\"4950\" decoding=\"async\" data-nimg=\"1\" style=\"color:transparent;width:100%;height:auto;\"   src=\"https:\/\/www.europesays.com\/it\/wp-content\/uploads\/2026\/08\/raul-cabra-oaxaca-mexico-ex-hacienda-receiving-hall-665f4e89749d3.jpg\" class=\"css-0 e1ddfba50\"\/>Jos\u00e9 Margaleff for VERANDA<\/p>\n<p>A cascading sansevieria fiber chandelier (Angela Damman) floats over the receiving hall. <\/p>\n<p data-journey-content=\"true\" data-node-id=\"34\" class=\"css-1ood0zq emevuu60\">Oggetti contemporanei di grande impatto introducono texture naturali nell\u2019insieme. La lanterna a pelo lungo nell\u2019atrio, ad esempio, \u00e8 realizzata con le fibre delle foglie della pianta sansevieria. Il quadro appeso alla parete della camera da letto principale \u00e8 composto da semplici spazzole di agave. Lo sgabello in bagno \u00e8 un ceppo di mesquite tornito a mano. La cocciniglia, un colorante rosso vivo ricavato dagli insetti, contribu\u00ec a rendere ricca Oaxaca nel XVIII secolo, quando le \u00e9lite europee andarono pazze per quel colore. Cabra rende omaggio a questa tradizione attraverso il <strong data-node-id=\"34.1\">tappeto rosso<\/strong> nel soggiorno.<\/p>\n<p data-journey-content=\"true\" data-node-id=\"40\" class=\"css-1ood0zq emevuu60\">\u00abL\u2019ex hacienda \u00e8 diventata la manifestazione concreta di ci\u00f2 che faccio per vivere\u00bb, afferma Cabra, che oggi collabora con artigiani di tutto il Messico per creare oggetti contemporanei, che poi propone al pubblico attraverso il suo negozio di Austin, in Texas, La Embajada, e la sua azienda di design, Oax-i-fornia.<br data-node-id=\"40.1\"\/><\/p>\n<p data-journey-content=\"true\" data-node-id=\"45\" class=\"css-1ood0zq emevuu60\">A legare insieme gli interni sono alcuni temi ricorrenti. Cabra e Sledge hanno otto cani (\u201cSono venuti tutti alla nostra porta\u201d, dice lui. \u201cNon so perch\u00e9; \u00e8 semplicemente cos\u00ec.\u201d); a loro si aggiunge una schiera di statue canine, tessuti e immagini che ricompaiono in diverse stanze. Appassionato di equitazione, Cabra rende <strong data-node-id=\"45.1\">omaggio anche ai cavalli<\/strong>, ai charros e alla selleria attraverso il design. Gli anafr\u00e9s \u2014 fornelli portatili \u2014 e le parteras \u2014 sedie da parto \u2014 ispirano arredi rivisitati in chiave moderna. Nella camera da letto principale, ad esempio, Cabra ha progettato i comodini ispirandosi ai primi; la panca ai piedi del letto richiama le seconde.<\/p>\n<p> <img draggable=\"true\" alt=\"raul cabra oaxaca mexico ex hacienda dining room\" title=\"Raul Cabra Oaxaca Mexico Ex Hacienda Dining Room\" loading=\"lazy\" width=\"3300\" height=\"4950\" decoding=\"async\" data-nimg=\"1\" style=\"color:transparent;width:100%;height:auto;\"   src=\"https:\/\/www.europesays.com\/it\/wp-content\/uploads\/2026\/08\/raul-cabra-oaxaca-mexico-ex-hacienda-dining-room-665f4f364464d.jpg\" class=\"css-0 e1ddfba50\"\/>Jos\u00e9 Margaleff for VERANDA<\/p>\n<p class=\"css-1ood0zq emevuu60\">Il pavimento in piastrelle della sala da pranzo si ispira ai campi di agave circostanti e alle notti stellate.<\/p>\n<p data-journey-content=\"true\" data-node-id=\"53\" class=\"css-1ood0zq emevuu60\">Anche l\u2019agave \u00e8 un tema di spicco. La sua forma ha ispirato il motivo delle piastrelle della sala da pranzo, mentre le sue fibre sono intrecciate nei paralumi e nei tessuti presenti in tutta la casa. In effetti, \u00e8 proprio l\u2019agave ad aver determinato l\u2019ultima svolta nelle sorti di Oaxaca. Un tempo umile bevanda prodotta e consumata dai contadini, il mezcal \u00e8 oggi un grande business e Oaxaca ne \u00e8 una delle principali fonti. \u00abAll\u2019improvviso ci ritroviamo a vivere nella Napa Valley del mezcal\u00bb, afferma Cabra.<\/p>\n<p data-journey-content=\"true\" data-node-id=\"57\" class=\"css-1ood0zq emevuu60\">Preservare ci\u00f2 che conta pur accogliendo il cambiamento: questa \u00e8 stata la missione di una vita per Cabra. Cos\u00ec, anche se lui e Sledge assumono il ruolo di custodi della storia della propriet\u00e0, ne celebrano al contempo la nuova identit\u00e0 come fonte di <strong data-node-id=\"57.1\">creativit\u00e0<\/strong> e innovazione \u2014 un luogo dove ospitano conferenze sul design, ritiri di scrittura e collaborazioni culinarie. \u00ab\u00c8 un grande esperimento\u00bb, dice Cabra parlando dell\u2019ex hacienda. \u00abQuesto \u00e8 diventato un luogo divertente e imprevedibile\u00bb.<\/p>\n<p>Corridoio centrale<img draggable=\"true\" alt=\"raul cabra oaxaca mexico ex hacienda\" title=\"Raul Cabra Oaxaca Mexico Ex Hacienda\" loading=\"lazy\" width=\"3300\" height=\"4950\" decoding=\"async\" data-nimg=\"1\" style=\"color:transparent;width:100%;height:auto;\"   src=\"https:\/\/www.europesays.com\/it\/wp-content\/uploads\/2026\/08\/raul-cabra-oaxaca-mexico-ex-hacienda-central-corridor-665f51156862c.jpg\" class=\"css-0 e1ddfba50\"\/><\/p>\n<p>Jos\u00e9 Margaleff for VERANDA<\/p>\n<p data-journey-content=\"true\" data-node-id=\"63\" class=\"css-1ood0zq emevuu60\">Il signor James, un dalmata che vive qui, se ne sta comodamente sdraiato accanto alle poltrone vintage in legno tropicale e pelle di William Spratling nel corridoio centrale.<\/p>\n<p><img draggable=\"true\" alt=\"raul cabra oaxaca mexico ex hacienda\" title=\"Raul Cabra Oaxaca Mexico Ex Hacienda\" loading=\"lazy\" width=\"3300\" height=\"4950\" decoding=\"async\" data-nimg=\"1\" style=\"color:transparent;width:100%;height:auto;\"   src=\"https:\/\/www.europesays.com\/it\/wp-content\/uploads\/2026\/08\/raul-cabra-oaxaca-mexico-ex-hacienda-pots-665f54b508b53.jpg\" class=\"css-0 e1ddfba50\"\/><\/p>\n<p>Jos\u00e9 Margaleff for VERANDA<\/p>\n<p data-journey-content=\"true\" data-node-id=\"69\" class=\"css-1ood0zq emevuu60\">All\u2019esterno di una vasca da bagno, una mensola di una chiesa del XIX secolo con vasi di profumato gelsomino notturno.<\/p>\n<p>Cucina<img draggable=\"true\" alt=\"a kitchen in mexico with wood cabinets that are antiques\" title=\"Raul Cabra Oaxaca Mexico Ex Hacienda Kitchen\" loading=\"lazy\" width=\"3300\" height=\"4950\" decoding=\"async\" data-nimg=\"1\" style=\"color:transparent;width:100%;height:auto;\"   src=\"https:\/\/www.europesays.com\/it\/wp-content\/uploads\/2026\/08\/raul-cabra-oaxaca-mexico-ex-hacienda-kitchen-665f51f4958c1.jpg\" class=\"css-0 e1ddfba50\"\/><\/p>\n<p>Jos\u00e9 Margaleff for VERANDA<\/p>\n<p data-journey-content=\"true\" data-node-id=\"78\" class=\"css-1ood0zq emevuu60\">Nella cucina ridisegnata, un tavolo \u201cTulip\u201d di Eero Saarinen del 1957 e le sedie \u201cAnt\u201d di Arne Jacobsen si fondono con una scaffalatura da negozio di alimentari del XIX secolo.<\/p>\n<p><img draggable=\"true\" alt=\"raul cabra oaxaca mexico ex hacienda kitchen\" title=\"Raul Cabra Oaxaca Mexico Ex Hacienda Kitchen\" loading=\"lazy\" width=\"792\" height=\"1188\" decoding=\"async\" data-nimg=\"1\" style=\"color:transparent;width:100%;height:auto;\"   src=\"https:\/\/www.europesays.com\/it\/wp-content\/uploads\/2026\/08\/raul-cabra-oaxaca-mexico-ex-hacienda-kitchen-counter-665f522f30c6f.jpg\" class=\"css-0 e1ddfba50\"\/><\/p>\n<p>Jos\u00e9 Margaleff for VERANDA<\/p>\n<p data-journey-content=\"true\" data-node-id=\"85\" class=\"css-1ood0zq emevuu60\">Un ritratto dei primi anni del Novecento (che Cabra ha trovato in casa) veglia sulla cucina da un bancone in legno di ayacahuite.<\/p>\n<p><br data-node-id=\"86\"\/>Soggiorno<img draggable=\"true\" alt=\"raul cabra oaxaca mexico ex hacienda living room\" title=\"Raul Cabra Oaxaca Mexico Ex Hacienda Living Room\" loading=\"lazy\" width=\"3300\" height=\"4950\" decoding=\"async\" data-nimg=\"1\" style=\"color:transparent;width:100%;height:auto;\"   src=\"https:\/\/www.europesays.com\/it\/wp-content\/uploads\/2026\/08\/raul-cabra-oaxaca-mexico-ex-hacienda-owners-665f533526958.jpg\" class=\"css-0 e1ddfba50\"\/><\/p>\n<p>Jos\u00e9 Margaleff for VERANDA<\/p>\n<p data-journey-content=\"true\" data-node-id=\"95\" class=\"css-1ood0zq emevuu60\">I proprietari della casa Ra\u00fal Cabra (a sinistra) e Michael Sledge insieme al signor James nel soggiorno<\/p>\n<p>Camera padronale <\/p>\n<p data-journey-content=\"true\" data-node-id=\"103\" class=\"css-1ood0zq emevuu60\">I tavolini in vetro in stile Arturo Pani del 1950 presenti nel salotto dialogano con le teste in argilla del ceramista Jos\u00e9 Garcia Antonio e con un divano componibile in pino sbiancato a calce.<\/p>\n<p> Camera da letto<img draggable=\"true\" alt=\"raul cabra oaxaca mexico ex hacienda bedroom\" title=\"Raul Cabra Oaxaca Mexico Ex Hacienda Bedroom\" loading=\"lazy\" width=\"1901\" height=\"1200\" decoding=\"async\" data-nimg=\"1\" style=\"color:transparent;width:100%;height:auto;\"   src=\"https:\/\/www.europesays.com\/it\/wp-content\/uploads\/2026\/08\/raul-cabra-oaxaca-mexico-ex-hacienda-bedroom-665f5414ce6af.jpg\" class=\"css-0 e1ddfba50\"\/><\/p>\n<p>Jos\u00e9 Margaleff for VERANDA<\/p>\n<p data-journey-content=\"true\" data-node-id=\"113\" class=\"css-1ood0zq emevuu60\">I focolari di Oaxaca utilizzati per preparare le tortillas hanno ispirato Cabra nella progettazione dei comodini in legno di mesquite.<\/p>\n<p><img draggable=\"true\" alt=\"raul cabra oaxaca mexico ex hacienda chair\" title=\"Raul Cabra Oaxaca Mexico Ex Hacienda Chair\" loading=\"lazy\" width=\"2303\" height=\"3454\" decoding=\"async\" data-nimg=\"1\" style=\"color:transparent;width:100%;height:auto;\"   src=\"https:\/\/www.europesays.com\/it\/wp-content\/uploads\/2026\/08\/raul-cabra-oaxaca-mexico-ex-hacienda-chair-665f560f53512.jpg\" class=\"css-0 e1ddfba50\"\/><\/p>\n<p>Jos\u00e9 Margaleff for VERANDA<\/p>\n<p data-journey-content=\"true\" data-node-id=\"119\" class=\"css-1ood0zq emevuu60\">Da una posizione privilegiata all\u2019interno di un antico armadietto da medico, una piramide raffigurante un cane \u201cbarro betus\u201d in stile folk art fa da guardia a una poltrona a imbracatura di Giorgio Belloli degli anni \u201950, situata nell\u2019angolo salotto della camera da letto principale.<\/p>\n<p>Camera degli ospiti<img draggable=\"true\" alt=\"raul cabra oaxaca mexico ex hacienda bedroom\" title=\"Raul Cabra Oaxaca Mexico Ex Hacienda Bedroom\" loading=\"lazy\" width=\"2303\" height=\"3454\" decoding=\"async\" data-nimg=\"1\" style=\"color:transparent;width:100%;height:auto;\"   src=\"https:\/\/www.europesays.com\/it\/wp-content\/uploads\/2026\/08\/raul-cabra-oaxaca-mexico-ex-hacienda-bedroom-vertical-665f55aa62e21.jpg\" class=\"css-0 e1ddfba50\"\/><\/p>\n<p>Jos\u00e9 Margaleff for VERANDA<\/p>\n<p data-journey-content=\"true\" data-node-id=\"126\" class=\"css-1ood0zq emevuu60\">Le piastrelle in argilla di Oaxaca pressate a mano e un tappeto tessuto a petali e tinto con calendule selvatiche (La Embajada) conferiscono un tocco di calore alla camera degli ospiti. Una sedia equipal preispanica \u00e8 accostata alla <strong data-node-id=\"126.1\">scrivania incassata<\/strong>, realizzata con durmientes (traversine) ferroviarie in omaggio al treno che fino agli anni \u201960 sferragliava davanti all\u2019Ex-Hacienda Guadalupe. La panca vintage in <strong data-node-id=\"126.3\">stile brutalista <\/strong>proviene da un mercatino delle pulci di Citt\u00e0 del Messico.<\/p>\n<p data-journey-content=\"true\" data-node-id=\"137\" class=\"css-1ood0zq emevuu60\">Pubblicato nel nostro numero di luglio\/agosto 2024. Progetto d\u2019interni di Ra\u00fal Cabra; Progetto paesaggistico di Ra\u00fal Cabra e Michael Sledge; Fotografia di Jose Margaleff; Styling di Rachael Burrow; Testo di Celia Barbour.<\/p>\n<p><strong data-node-id=\"138\"><\/strong><strong data-node-id=\"139\"><a href=\"https:\/\/www.veranda.com\/decorating-ideas\/house-tours\/a60866130\/raul-cabra-oaxaca-mexico-ex-hacienda\/\" target=\"_blank\" data-vars-ga-outbound-link=\"https:\/\/www.veranda.com\/decorating-ideas\/house-tours\/a60866130\/raul-cabra-oaxaca-mexico-ex-hacienda\/\" data-vars-ga-ux-element=\"Hyperlink\" data-vars-ga-call-to-action=\"Da Veranda\" data-node-id=\"139.0.0\" class=\"body-link css-g36lkp emevuu60\" rel=\"nofollow noopener\">Da Veranda<\/a><\/strong>Servizi di piatti con cui servire in tavola la bellezza del minimalismo<a target=\"_blank\" rel=\"nofollow noopener\" data-theme-key=\"product-image-wrapper\" href=\"https:\/\/click.linksynergy.com\/deeplink?id=2fv8O7DnZlc&amp;mid=49049&amp;murl=https%3A%2F%2Fwww.westwing.it%2Fset-18-piatti-in-porcellana-con-bordo-nero-per-6-persone-facile-136727.html&amp;u1=edcit|xid:{xid}\" aria-label=\"139\u00a0\u20ac su westwing.it per Servizio di piatti in porcellana Nessa, 4 persone (12 pz)\" data-href=\"https:\/\/www.westwing.it\/set-18-piatti-in-porcellana-con-bordo-nero-per-6-persone-facile-136727.html\" data-product-url=\"https:\/\/www.westwing.it\/set-18-piatti-in-porcellana-con-bordo-nero-per-6-persone-facile-136727.html\" data-affiliate=\"true\" data-affiliate-url=\"https:\/\/click.linksynergy.com\/deeplink?id=2fv8O7DnZlc&amp;mid=49049&amp;murl=https%3A%2F%2Fwww.westwing.it%2Fset-18-piatti-in-porcellana-con-bordo-nero-per-6-persone-facile-136727.html&amp;u1=edcit|xid:{xid}\" data-affiliate-network=\"{&quot;site_id&quot;:&quot;0550d705-7712-4019-a8b2-0f35da30918c&quot;,&quot;metadata&quot;:{&quot;trackonomics&quot;:{&quot;network_name&quot;:&quot;ls&quot;}},&quot;network&quot;:{&quot;name&quot;:&quot;Trackonomics&quot;},&quot;product_metadata&quot;:{&quot;0550d705-7712-4019-a8b2-0f35da30918c&quot;:{&quot;network_name&quot;:&quot;ls&quot;,&quot;link&quot;:&quot;https:\/\/click.linksynergy.com\/deeplink?id=2fv8O7DnZlc&amp;mid=49049&amp;murl=https%3A%2F%2Fwww.westwing.it%2Fset-18-piatti-in-porcellana-con-bordo-nero-per-6-persone-facile-136727.html&amp;u1={subid}&quot;}}}\" data-fp-affiliate-inline-link=\"true\" data-fp-affiliate-button-link=\"false\" data-vars-ga-call-to-action=\"139\u00a0\u20ac su westwing.it\" data-vars-ga-media-role=\"1\" data-vars-ga-media-type=\"Embedded Gallery List\" data-vars-ga-outbound-link=\"https:\/\/www.westwing.it\/set-18-piatti-in-porcellana-con-bordo-nero-per-6-persone-facile-136727.html\" data-vars-ga-product-id=\"e2398474-797c-4dc7-afa4-a4c9579f9e99\" data-vars-ga-product-price=\"139,00\u00a0\u20ac\" data-vars-ga-product-retailer-id=\"f7b9169b-94a8-406b-8006-5197bbfdf3bf\" data-vars-ga-gallery-display=\"list\" data-vars-ga-link-treatment=\"(not set) | (not set)\" data-vars-ga-sku=\"136727\" data-vars-ga-magento-tracking=\"1\" class=\"product-image-link ebgq4gw7 e12px3ys0 css-g6od0w e1socmtw0\"><img  alt=\"Servizio di piatti in porcellana Nessa, 4 persone (12 pz)\" title=\"Servizio di piatti in porcellana Nessa, 4 persone (12 pz)\" data-fp-product-image=\"true\" datafptag=\"data-fp-product-image\" src=\"https:\/\/www.europesays.com\/it\/wp-content\/uploads\/2026\/08\/1787783550_999_1715760895-2065280.jpg\" width=\"1390\" height=\"1853\" decoding=\"async\" loading=\"lazy\"\/><\/a>Servizio di piatti in porcellana Nessa, 4 persone (12 pz)Credit: Courtesy photo<a target=\"_blank\" rel=\"nofollow noopener\" data-theme-key=\"product-image-wrapper\" href=\"https:\/\/click.linksynergy.com\/deeplink?id=2fv8O7DnZlc&amp;mid=49049&amp;murl=https%3A%2F%2Fwww.westwing.it%2Fservizio-di-piatti-in-porcellana-maira-12-pz-158543.html&amp;u1=edcit|xid:{xid}\" aria-label=\"159\u00a0\u20ac su westwing.it per Servizio di piatti in porcellana Maira, 4 persone (12 pz)\" data-href=\"https:\/\/www.westwing.it\/servizio-di-piatti-in-porcellana-maira-12-pz-158543.html\" data-product-url=\"https:\/\/www.westwing.it\/servizio-di-piatti-in-porcellana-maira-12-pz-158543.html\" data-affiliate=\"true\" data-affiliate-url=\"https:\/\/click.linksynergy.com\/deeplink?id=2fv8O7DnZlc&amp;mid=49049&amp;murl=https%3A%2F%2Fwww.westwing.it%2Fservizio-di-piatti-in-porcellana-maira-12-pz-158543.html&amp;u1=edcit|xid:{xid}\" data-affiliate-network=\"{&quot;site_id&quot;:&quot;0550d705-7712-4019-a8b2-0f35da30918c&quot;,&quot;metadata&quot;:{&quot;trackonomics&quot;:{&quot;network_name&quot;:&quot;ls&quot;}},&quot;network&quot;:{&quot;name&quot;:&quot;Trackonomics&quot;},&quot;product_metadata&quot;:{&quot;0550d705-7712-4019-a8b2-0f35da30918c&quot;:{&quot;network_name&quot;:&quot;ls&quot;,&quot;link&quot;:&quot;https:\/\/click.linksynergy.com\/deeplink?id=2fv8O7DnZlc&amp;mid=49049&amp;murl=https%3A%2F%2Fwww.westwing.it%2Fservizio-di-piatti-in-porcellana-maira-12-pz-158543.html&amp;u1={subid}&quot;}}}\" data-fp-affiliate-inline-link=\"true\" data-fp-affiliate-button-link=\"false\" data-vars-ga-call-to-action=\"159\u00a0\u20ac su westwing.it\" data-vars-ga-media-role=\"1\" data-vars-ga-media-type=\"Embedded Gallery List\" data-vars-ga-outbound-link=\"https:\/\/www.westwing.it\/servizio-di-piatti-in-porcellana-maira-12-pz-158543.html\" data-vars-ga-product-id=\"1e0081af-6777-4132-a135-92cb6af1ea6c\" data-vars-ga-product-price=\"159,00\u00a0\u20ac\" data-vars-ga-product-retailer-id=\"2f582f60-a84e-4108-a309-281021db4406\" data-vars-ga-gallery-display=\"list\" data-vars-ga-link-treatment=\"(not set) | (not set)\" data-vars-ga-sku=\"158543\" data-vars-ga-magento-tracking=\"1\" class=\"product-image-link ebgq4gw7 e12px3ys0 css-g6od0w e1socmtw0\"><img  alt=\"Servizio di piatti in porcellana Maira, 4 persone (12 pz)\" title=\"Servizio di piatti in porcellana Maira, 4 persone (12 pz)\" data-fp-product-image=\"true\" datafptag=\"data-fp-product-image\" src=\"https:\/\/www.europesays.com\/it\/wp-content\/uploads\/2026\/08\/1787783550_575_1749724818-DEQ23WES19827-203731_85fef111f9ee13d7cb035bd6252684c5_dtl_1.jpg\" width=\"1140\" height=\"1520\" decoding=\"async\" loading=\"lazy\"\/><\/a>Servizio di piatti in porcellana Maira, 4 persone (12 pz)Credit: Courtesy photo<a target=\"_blank\" rel=\"nofollow noopener\" data-theme-key=\"product-image-wrapper\" href=\"https:\/\/click.linksynergy.com\/deeplink?id=2fv8O7DnZlc&amp;mid=49049&amp;murl=https%3A%2F%2Fwww.westwing.it%2Fset-12-piatti-in-gres-beige-lowri-4-persone-147242.html&amp;u1=edcit|xid:{xid}\" aria-label=\"99\u00a0\u20ac su westwing.it per Servizio di piatti Lowri, 4 persone (12 pz)\" data-href=\"https:\/\/www.westwing.it\/set-12-piatti-in-gres-beige-lowri-4-persone-147242.html\" data-product-url=\"https:\/\/www.westwing.it\/set-12-piatti-in-gres-beige-lowri-4-persone-147242.html\" data-affiliate=\"true\" data-affiliate-url=\"https:\/\/click.linksynergy.com\/deeplink?id=2fv8O7DnZlc&amp;mid=49049&amp;murl=https%3A%2F%2Fwww.westwing.it%2Fset-12-piatti-in-gres-beige-lowri-4-persone-147242.html&amp;u1=edcit|xid:{xid}\" data-affiliate-network=\"{&quot;site_id&quot;:&quot;0550d705-7712-4019-a8b2-0f35da30918c&quot;,&quot;metadata&quot;:{&quot;trackonomics&quot;:{&quot;network_name&quot;:&quot;ls&quot;}},&quot;network&quot;:{&quot;name&quot;:&quot;Trackonomics&quot;},&quot;product_metadata&quot;:{&quot;0550d705-7712-4019-a8b2-0f35da30918c&quot;:{&quot;network_name&quot;:&quot;ls&quot;,&quot;link&quot;:&quot;https:\/\/click.linksynergy.com\/deeplink?id=2fv8O7DnZlc&amp;mid=49049&amp;murl=https%3A%2F%2Fwww.westwing.it%2Fset-12-piatti-in-gres-beige-lowri-4-persone-147242.html&amp;u1={subid}&quot;}}}\" data-fp-affiliate-inline-link=\"true\" data-fp-affiliate-button-link=\"false\" data-vars-ga-call-to-action=\"99\u00a0\u20ac su westwing.it\" data-vars-ga-media-role=\"1\" data-vars-ga-media-type=\"Embedded Gallery List\" data-vars-ga-outbound-link=\"https:\/\/www.westwing.it\/set-12-piatti-in-gres-beige-lowri-4-persone-147242.html\" data-vars-ga-product-id=\"4cd53ec3-e070-4d8b-af9f-9a97feeccfa7\" data-vars-ga-product-price=\"99,00\u00a0\u20ac\" data-vars-ga-product-retailer-id=\"f80e727b-885f-456b-beec-a573371d5837\" data-vars-ga-gallery-display=\"list\" data-vars-ga-link-treatment=\"sale | (not set)\" data-vars-ga-sku=\"147242\" data-vars-ga-magento-tracking=\"1\" class=\"product-image-link ebgq4gw7 e12px3ys0 css-g6od0w e1socmtw0\"><img  alt=\"Servizio di piatti Lowri, 4 persone (12 pz)\" title=\"Servizio di piatti Lowri, 4 persone (12 pz)\" data-fp-product-image=\"true\" datafptag=\"data-fp-product-image\" src=\"https:\/\/www.europesays.com\/it\/wp-content\/uploads\/2026\/08\/1787783551_305_1743782615-DEQ22WES89558-187470_a694cdc4da4f0aa03a2a041e58a5d83f_dtl_1.jpg\" width=\"1140\" height=\"1520\" decoding=\"async\" loading=\"lazy\"\/><\/a>Servizio di piatti Lowri, 4 persone (12 pz)<\/p>\n<p>Ora in sconto del 29%<\/p>\n<p>Credit: Courtesy photo<a target=\"_blank\" rel=\"nofollow noopener\" data-theme-key=\"product-image-wrapper\" href=\"https:\/\/click.linksynergy.com\/deeplink?id=2fv8O7DnZlc&amp;mid=49049&amp;murl=https%3A%2F%2Fwww.westwing.it%2Fservizio-di-piatti-in-porcellana-grace-4-persone-12-pz-158958.html&amp;u1=edcit|xid:{xid}\" aria-label=\"139\u00a0\u20ac su westwing.it per Servizio di piatti in porcellana Grace, 4 persone (12 pz)\" data-href=\"https:\/\/www.westwing.it\/servizio-di-piatti-in-porcellana-grace-4-persone-12-pz-158958.html\" data-product-url=\"https:\/\/www.westwing.it\/servizio-di-piatti-in-porcellana-grace-4-persone-12-pz-158958.html\" data-affiliate=\"true\" data-affiliate-url=\"https:\/\/click.linksynergy.com\/deeplink?id=2fv8O7DnZlc&amp;mid=49049&amp;murl=https%3A%2F%2Fwww.westwing.it%2Fservizio-di-piatti-in-porcellana-grace-4-persone-12-pz-158958.html&amp;u1=edcit|xid:{xid}\" data-affiliate-network=\"{&quot;site_id&quot;:&quot;0550d705-7712-4019-a8b2-0f35da30918c&quot;,&quot;network&quot;:{&quot;name&quot;:&quot;Trackonomics&quot;},&quot;metadata&quot;:{&quot;trackonomics&quot;:{&quot;network_name&quot;:&quot;ls&quot;}},&quot;product_metadata&quot;:{&quot;0550d705-7712-4019-a8b2-0f35da30918c&quot;:{&quot;network_name&quot;:&quot;ls&quot;,&quot;link&quot;:&quot;https:\/\/click.linksynergy.com\/deeplink?id=2fv8O7DnZlc&amp;mid=49049&amp;murl=https%3A%2F%2Fwww.westwing.it%2Fservizio-di-piatti-in-porcellana-grace-4-persone-12-pz-158958.html&amp;u1={subid}&quot;}}}\" data-fp-affiliate-inline-link=\"true\" data-fp-affiliate-button-link=\"false\" data-vars-ga-call-to-action=\"139\u00a0\u20ac su westwing.it\" data-vars-ga-media-role=\"1\" data-vars-ga-media-type=\"Embedded Gallery List\" data-vars-ga-outbound-link=\"https:\/\/www.westwing.it\/servizio-di-piatti-in-porcellana-grace-4-persone-12-pz-158958.html\" data-vars-ga-product-id=\"45fa870f-2be4-4e57-9fab-0f9ff04e0fb4\" data-vars-ga-product-price=\"139,00\u00a0\u20ac\" data-vars-ga-product-retailer-id=\"dc36fa30-f3e4-4f63-a29d-5da234658129\" data-vars-ga-gallery-display=\"list\" data-vars-ga-link-treatment=\"(not set) | (not set)\" data-vars-ga-sku=\"158958\" data-vars-ga-magento-tracking=\"1\" class=\"product-image-link ebgq4gw7 e12px3ys0 css-g6od0w e1socmtw0\"><img  alt=\"Servizio di piatti in porcellana Grace, 4 persone (12 pz)\" title=\"Servizio di piatti in porcellana Grace, 4 persone (12 pz)\" data-fp-product-image=\"true\" datafptag=\"data-fp-product-image\" src=\"https:\/\/www.europesays.com\/it\/wp-content\/uploads\/2026\/08\/1787783552_125_1746189166-DEQ23WES73623-204261_53dd3e8d4b55ea58131626770e02d028_dtl_1.jpg\" width=\"1140\" height=\"1520\" decoding=\"async\" loading=\"lazy\"\/><\/a>Servizio di piatti in porcellana Grace, 4 persone (12 pz)Credit: Courtesy photo<\/p>\n","protected":false},"excerpt":{"rendered":"In un certo senso, una casa \u00e8 un contenitore per le persone e i loro oggetti. Ma \u00e8&hellip;\n","protected":false},"author":3,"featured_media":651112,"comment_status":"","ping_status":"","sticky":false,"template":"","format":"standard","meta":{"footnotes":"","_share_on_mastodon":"0"},"categories":[1446],"tags":[56811,1615,1613,1614,1611,1610,6381,5134,1612,18316,203,20958,11067,204,1537,90,89,13549,17796,9901],"class_list":["post-651111","post","type-post","status-publish","format-standard","has-post-thumbnail","category-arte-e-design","tag-agricola","tag-arte","tag-arte-e-design","tag-arteedesign","tag-arts","tag-arts-and-design","tag-bianco","tag-casa","tag-design","tag-ecommerce","tag-entertainment","tag-interni","tag-intonaco","tag-intrattenimento","tag-it","tag-italia","tag-italy","tag-messico","tag-natura","tag-tenuta"],"share_on_mastodon":{"url":"https:\/\/pubeurope.com\/@it\/117164189604158803","error":""},"_links":{"self":[{"href":"https:\/\/www.europesays.com\/it\/wp-json\/wp\/v2\/posts\/651111","targetHints":{"allow":["GET"]}}],"collection":[{"href":"https:\/\/www.europesays.com\/it\/wp-json\/wp\/v2\/posts"}],"about":[{"href":"https:\/\/www.europesays.com\/it\/wp-json\/wp\/v2\/types\/post"}],"author":[{"embeddable":true,"href":"https:\/\/www.europesays.com\/it\/wp-json\/wp\/v2\/users\/3"}],"replies":[{"embeddable":true,"href":"https:\/\/www.europesays.com\/it\/wp-json\/wp\/v2\/comments?post=651111"}],"version-history":[{"count":0,"href":"https:\/\/www.europesays.com\/it\/wp-json\/wp\/v2\/posts\/651111\/revisions"}],"wp:featuredmedia":[{"embeddable":true,"href":"https:\/\/www.europesays.com\/it\/wp-json\/wp\/v2\/media\/651112"}],"wp:attachment":[{"href":"https:\/\/www.europesays.com\/it\/wp-json\/wp\/v2\/media?parent=651111"}],"wp:term":[{"taxonomy":"category","embeddable":true,"href":"https:\/\/www.europesays.com\/it\/wp-json\/wp\/v2\/categories?post=651111"},{"taxonomy":"post_tag","embeddable":true,"href":"https:\/\/www.europesays.com\/it\/wp-json\/wp\/v2\/tags?post=651111"}],"curies":[{"name":"wp","href":"https:\/\/api.w.org\/{rel}","templated":true}]}}