{"id":651182,"date":"2026-08-26T23:31:17","date_gmt":"2026-08-26T23:31:17","guid":{"rendered":"https:\/\/www.europesays.com\/it\/651182\/"},"modified":"2026-08-26T23:31:17","modified_gmt":"2026-08-26T23:31:17","slug":"calciomercato-torino-pedersen-ai-saluti-in-chiusura-allolympiakos","status":"publish","type":"post","link":"https:\/\/www.europesays.com\/it\/651182\/","title":{"rendered":"Calciomercato Torino, Pedersen ai saluti? In chiusura all&#8217;Olympiakos"},"content":{"rendered":"<p class=\"isSelectedEnd\">Il Torino \u00e8 pronto a piazzare un\u2019importante cessione che potrebbe dare maggiore margine a Gianluca <strong>Petrachi<\/strong> sul mercato. Il nome \u00e8 quello di Marcus <strong>Pedersen<\/strong>, esterno norvegese finito nel mirino dell\u2019<strong>Olympiakos<\/strong>. Nelle ultime ore il club greco ha intensificato i contatti con i granata, presentando un\u2019offerta da <strong>8 milioni di euro pi\u00f9 bonus<\/strong> per acquistare il giocatore a <strong>titolo definitivo<\/strong>. Le parti sono vicine e stanno lavorando sugli ultimi dettagli.<\/p>\n<p>\nL\u2019Olympiakos vuole chiudere a stretto giro, mentre il Torino valuta la cessione di Pedersen solo davanti a un\u2019offerta importante. La cessione di Pedersen porterebbe nelle casse granata una cifra utile per finanziare altri interventi, ma aprirebbe anche un vuoto da colmare sulla fascia. Demb\u00e9l\u00e9, infatti, \u00e8 ormai considerato tra i partenti e la sua uscita si aggiungerebbe a quella del norvegese. Per questo Petrachi dovr\u00e0 necessariamente tornare sul mercato alla ricerca di un nuovo esterno. L\u2019eventuale addio di Aboukhlal, invece, cambierebbe ulteriormente lo scenario: in quel caso sarebbero due gli innesti da trovare per completare le corsie. La cessione di Pedersen pu\u00f2 quindi dare nuova linfa al mercato granata, ma anche imporre al ds una nuova riflessione sugli esterni.\n<\/p>\n<p>        <img src=\"https:\/\/www.europesays.com\/it\/wp-content\/uploads\/2026\/08\/GettyImages-2278026883-d4390cff6fa7-1200x800.jpg\"   width=\"2560\" height=\"1707\" alt=\"Torino FC v Juventus FC - Serie A\" title=\"Torino FC v Juventus FC - Serie A\" loading=\"eager\" fetchpriority=\"high\" decoding=\"sync\" class=\"w-full h-auto aspect-3\/2 object-cover object-top rounded-lg\"\/><\/p>\n","protected":false},"excerpt":{"rendered":"Il Torino \u00e8 pronto a piazzare un\u2019importante cessione che potrebbe dare maggiore margine a Gianluca Petrachi sul mercato.&hellip;\n","protected":false},"author":3,"featured_media":651183,"comment_status":"","ping_status":"","sticky":false,"template":"","format":"standard","meta":{"footnotes":"","_share_on_mastodon":"0"},"categories":[176],"tags":[571,554,359148,3073,359149,5197,1537,90,89,2807,193637,21066,245,244,1641],"class_list":["post-651182","post","type-post","status-publish","format-standard","has-post-thumbnail","category-sport","tag-cessione","tag-club","tag-club-greco","tag-esterno","tag-esterno-norvegese","tag-granata","tag-it","tag-italia","tag-italy","tag-norvegese","tag-olympiakos","tag-pedersen","tag-sport","tag-sports","tag-torino"],"share_on_mastodon":{"url":"https:\/\/pubeurope.com\/@it\/117164421982059334","error":""},"_links":{"self":[{"href":"https:\/\/www.europesays.com\/it\/wp-json\/wp\/v2\/posts\/651182","targetHints":{"allow":["GET"]}}],"collection":[{"href":"https:\/\/www.europesays.com\/it\/wp-json\/wp\/v2\/posts"}],"about":[{"href":"https:\/\/www.europesays.com\/it\/wp-json\/wp\/v2\/types\/post"}],"author":[{"embeddable":true,"href":"https:\/\/www.europesays.com\/it\/wp-json\/wp\/v2\/users\/3"}],"replies":[{"embeddable":true,"href":"https:\/\/www.europesays.com\/it\/wp-json\/wp\/v2\/comments?post=651182"}],"version-history":[{"count":0,"href":"https:\/\/www.europesays.com\/it\/wp-json\/wp\/v2\/posts\/651182\/revisions"}],"wp:featuredmedia":[{"embeddable":true,"href":"https:\/\/www.europesays.com\/it\/wp-json\/wp\/v2\/media\/651183"}],"wp:attachment":[{"href":"https:\/\/www.europesays.com\/it\/wp-json\/wp\/v2\/media?parent=651182"}],"wp:term":[{"taxonomy":"category","embeddable":true,"href":"https:\/\/www.europesays.com\/it\/wp-json\/wp\/v2\/categories?post=651182"},{"taxonomy":"post_tag","embeddable":true,"href":"https:\/\/www.europesays.com\/it\/wp-json\/wp\/v2\/tags?post=651182"}],"curies":[{"name":"wp","href":"https:\/\/api.w.org\/{rel}","templated":true}]}}