{"id":651227,"date":"2026-08-27T00:06:18","date_gmt":"2026-08-27T00:06:18","guid":{"rendered":"https:\/\/www.europesays.com\/it\/651227\/"},"modified":"2026-08-27T00:06:18","modified_gmt":"2026-08-27T00:06:18","slug":"harry-e-meghan-sono-tornati-oggi-nel-regno-unito-un-anno-fa-lui-diceva-non-riporterei-mai-qui-mia-moglie-e-i-miei-figli-ecco-che-cosa-e-cambiato","status":"publish","type":"post","link":"https:\/\/www.europesays.com\/it\/651227\/","title":{"rendered":"Harry e Meghan sono tornati oggi nel Regno Unito. Un anno fa lui diceva: \u00abNon riporterei mai qui mia moglie e i miei figli\u00bb. Ecco che cosa \u00e8 cambiato"},"content":{"rendered":"<p>Il perch\u00e9 sar\u00e0 svelato, con ogni probabilit\u00e0, nel corso dei prossimi mesi, via via che gli eventi si compiranno, mentre fonti vicine alla coppia iniziano a scucire le proprie bocche svelando <strong>mezze verit\u00e0<\/strong> e intenti ancora parzialmente nebulosi. L&#8217;ultimo a parlare, in ordine di tempo, \u00e8 stato un insider vicino al principe, che al magazine People ha dichiarato che tornare sarebbe sempre stato nei piani di Harry. <strong>\u00abNon ha mai smesso di sentire la mancanza di casa<\/strong>\u00bb, le sue parole, <strong>\u00abGli manca quel senso di appartenenza e di connessione. La Gran Bretagna \u00e8 ancora casa sua sotto molti aspetti\u00bb.<\/strong><\/p>\n<p>Una nostalgia che nel 2025 pareva lontanissima dalle <a href=\"https:\/\/www.vanityfair.it\/topic\/emozioni\" isautogenerated=\"true\" rel=\"nofollow noopener\" target=\"_blank\">emozioni<\/a> del duca del Sussex: <strong>\u00abNon riesco a immaginare un mondo in cui riporterei mia moglie e i miei figli nel Regno Unito<\/strong> a questo punto\u00bb, disse nel corso di un&#8217;intervista alla BBC nel maggio di quell&#8217;anno. Dichiarazioni ora totalmente smentite. Quello che si fa, del resto, vale molto pi\u00f9 di quello che si dice. \u00abPasso dopo passo, vogliono stabilirsi nel Regno Unito\u00bb, ha proseguito la fonte parlando con People, \u00abVogliono avere il tempo necessario e dare ai <a href=\"https:\/\/www.vanityfair.it\/topic\/bambini\" isautogenerated=\"true\" rel=\"nofollow noopener\" target=\"_blank\">bambini<\/a> l&#8217;opportunit\u00e0 di stare qui\u00bb.<\/p>\n<p>Un ritorno inimmaginabile solo fino a poche settimane fa, che apre scenari nuovi. Harry torner\u00e0 a casa, mentre i suoi figli. Archie, 7 anni, e Lilibet, 5, avranno modo di<a href=\"https:\/\/www.vanityfair.it\/topic\/crescere\" isautogenerated=\"true\" rel=\"nofollow noopener\" target=\"_blank\">crescere<\/a> vicini a zii e cugini, ma anche di conoscere un mondo a loro finora sconosciuto. \u00abMeghan si sente molto <strong>fortunata di poter dare ad Archie e Lilibet l&#8217;opportunit\u00e0 di conoscere entrambi i mondi<\/strong>\u00bb, ha proseguito la fonte, specificando che la decisione \u00e8 stata presa in famiglia. La duchessa, dal canto suo, parrebbe aver ricevuto un&#8217;offerta lavorativa allettante, quella di <a href=\"https:\/\/www.vanityfair.it\/article\/meghan-markle-the-gentlemen-attrice-harry-regno-unito-reali-gossip\" target=\"_blank\" rel=\"nofollow noopener\">recitare nella serie Netflix The Gentlemen<\/a>, le cui riprese si svolgeranno nel Regno Unito, anche se ci sono molti punti interrogativi sulla questione; alcune indiscrezioni danno la presenza della duchessa per certe, altre sottolineano che l&#8217;offerta sarebbe stata ritirata per via del troppo clamore suscitato dalla notizia del ritorno dei Sussex in Inghilterra.<\/p>\n<p>In qualunque modo stiano le cose \u00e8 certo che la decisione dei Sussex non \u00e8 stata un colpo di testa. Solo il fatto di avere dovuto cercare una <a href=\"https:\/\/www.vanityfair.it\/topic\/scuola\" isautogenerated=\"true\" rel=\"nofollow noopener\" target=\"_blank\">scuola<\/a> per i figli lascia supporre che le intenzioni fossero gi\u00e0 chiare a met\u00e0 luglio, quando la famiglia fece visita a <a href=\"https:\/\/www.vanityfair.it\/topic\/re-carlo\" isautogenerated=\"true\" rel=\"nofollow noopener\" target=\"_blank\">re Carlo<\/a> III. Il sovrano, tuttavia, sarebbe stato avvertito della decisione del figlio solo pochi giorni prima dell&#8217;annuncio ufficiale, domenica 16 agosto. \u00c8 un altro nodo cruciale, e decisamente strano: <strong>perch\u00e9 non dare una notizia cos\u00ec importante di persona a un padre<\/strong> che, tra le altre cose, ancora in trattamento per il cancro che gli \u00e8 stato diagnosticato nel 2024? <strong>Proprio i figli avrebbero dato ad Harry la spinta decisiva<\/strong> perch\u00e9 il trasferimento arriva nel momento in cui per entrambi \u00e8 tempo di iniziare un nuovo percorso scolastico: Harry e Meghan, ha aggiunto la fonte, \u00abhanno preso la decisione da un anno\u00bb. Harry, inoltre, vorrebbe che i suoi figli avessero un legame con le radici britanniche anche per via di Lady Diana: <strong>\u00abVuole che capiscano il mondo in cui \u00e8 cresciuto e da dove viene la loro famiglia\u00bb<\/strong>.<\/p>\n<p>Il trasferimento nel Regno Unito, si intende, non significa rinnegare quanto fatto finora. Vivere a Montecito per i Sussex sarebbe stato prezioso in un momento in cui la loro priorit\u00e0 assoluta era la privacy, insieme alle attivit\u00e0 imprenditoriali della duchessa, che starebbe per lasciare sul mercato nuovi prodotti firmati As ever, il suo brand. Ora le priorit\u00e0 sarebbero per\u00f2 cambiate e a ci\u00f2 contribuirebbe anche il clima politico degli Stati Uniti: Meghan Markle non ha mai fatto mistero della sua avversione a Trump e negli anni il Presidente non ha perso occasione di lanciare frecciatine a lei e al marito. Per il momento, da quel poco che si sa, <strong>il trasferimento non parrebbe definitivo:<\/strong> la coppia conserver\u00e0 sia la villa di Montecito che quella in Portogallo, dove la famiglia trascorre spesso le vacanze, complice anche la presenza di Eugenie di York e della sua famiglia, molto vicina al cugino.<\/p>\n<p>La famiglia reale, dal canto suo, sarebbe <a href=\"https:\/\/www.vanityfair.it\/article\/harry-meghan-balmoral-carlo-camilla-william-kate-middleton-foto\" target=\"_blank\" rel=\"nofollow noopener\"><strong>divisa sul ritorno dei Sussex.<\/strong><\/a> Pi\u00f9 sereno re Carlo III, che vedrebbe nella scelta del figlio la <strong>possibilit\u00e0 di un riavvicinamento alla famiglia reale.<\/strong> Meno propenso al perdono, invece, il <a href=\"https:\/\/www.vanityfair.it\/topic\/principe-william\" isautogenerated=\"true\" rel=\"nofollow noopener\" target=\"_blank\">principe William<\/a>.<a href=\"https:\/\/www.vanityfair.it\/article\/harry-meghan-william-sconvolto-timore-seconda-corte-nodo-scuse\" target=\"_blank\" rel=\"nofollow noopener\">\u00c8 lui <strong>\u00e8 lo scoglio pi\u00f9 duro da superare per Harry<\/strong><\/a><strong>:<\/strong> i due fratelli non avrebbero nessun tipo di rapporto al momento. Re Carlo III, tuttavia, sogna un riavvicinamento tra i due fratelli: <strong>\u00abVorrebbe vedere i suoi figli insieme col corso del tempo\u00bb,<\/strong> ha dichiarato a People una fonte vicina a Buckingham Palace, <strong>\u00abQuesta \u00e8 la migliore opportunit\u00e0 che abbiamo visto negli ultimi anni\u00bb.<\/strong><\/p>\n<p>La vicinanza potrebbe giocare un ruolo importante ai fini di un rapporto pi\u00f9 disteso, ma Harry dovr\u00e0 guadagnare il perdono del fratello, che <a href=\"https:\/\/www.vanityfair.it\/article\/harry-meghan-william-sconvolto-timore-seconda-corte-nodo-scuse\" target=\"_blank\" rel=\"nofollow noopener\">sarebbe \u00absconvolto\u00bb dal ritorno dei Sussex sul suolo britannico,<\/a> e di buona parte dei britannici, che non vedono di buon occhio il suo ritorno in patria, cos\u00ec come non sono d&#8217;accordo circa l&#8217;eventualit\u00e0 che i Sussex possano usufruire di una scorta pubblica. Stando a un sondaggio di YouGov, <strong>il 71% degli inglesi ritiene che Harry e Meghan dovrebbero provvedere a loro spese alla sicurezza, senza usufruire di nessun supporto statale.<\/strong> Un altro nodo da chiarire, considerando che proprio la sicurezza \u00e8 stata alla base di tante polemiche tra il principe Harry e la <a href=\"https:\/\/www.vanityfair.it\/topic\/royal\" isautogenerated=\"true\" rel=\"nofollow noopener\" target=\"_blank\">royal<\/a> family, quando sei anni fa decise di lasciare il Regno Unito sbattendo la porta.<\/p>\n","protected":false},"excerpt":{"rendered":"Il perch\u00e9 sar\u00e0 svelato, con ogni probabilit\u00e0, nel corso dei prossimi mesi, via via che gli eventi si&hellip;\n","protected":false},"author":3,"featured_media":651228,"comment_status":"","ping_status":"","sticky":false,"template":"","format":"standard","meta":{"footnotes":"","_share_on_mastodon":"0"},"categories":[6],"tags":[14,19742,8,1537,90,89,14165,7,15,82,9,83,10,1447,13,11,80,84,12,81,85],"class_list":["post-651227","post","type-post","status-publish","format-standard","has-post-thumbnail","category-ultime-notizie","tag-cronaca","tag-harry-dinghilterra","tag-headlines","tag-it","tag-italia","tag-italy","tag-meghan-markle","tag-news","tag-notizie","tag-notizie-di-cronaca","tag-notizie-principali","tag-notiziedicronaca","tag-notizieprincipali","tag-reali","tag-titoli","tag-ultime-notizie","tag-ultime-notizie-di-cronaca","tag-ultime-notizie-e-news-di-oggi","tag-ultimenotizie","tag-ultimenotiziedicronaca","tag-ultimenotizieenewsdioggi"],"share_on_mastodon":{"url":"https:\/\/pubeurope.com\/@it\/117164558363442755","error":""},"_links":{"self":[{"href":"https:\/\/www.europesays.com\/it\/wp-json\/wp\/v2\/posts\/651227","targetHints":{"allow":["GET"]}}],"collection":[{"href":"https:\/\/www.europesays.com\/it\/wp-json\/wp\/v2\/posts"}],"about":[{"href":"https:\/\/www.europesays.com\/it\/wp-json\/wp\/v2\/types\/post"}],"author":[{"embeddable":true,"href":"https:\/\/www.europesays.com\/it\/wp-json\/wp\/v2\/users\/3"}],"replies":[{"embeddable":true,"href":"https:\/\/www.europesays.com\/it\/wp-json\/wp\/v2\/comments?post=651227"}],"version-history":[{"count":0,"href":"https:\/\/www.europesays.com\/it\/wp-json\/wp\/v2\/posts\/651227\/revisions"}],"wp:featuredmedia":[{"embeddable":true,"href":"https:\/\/www.europesays.com\/it\/wp-json\/wp\/v2\/media\/651228"}],"wp:attachment":[{"href":"https:\/\/www.europesays.com\/it\/wp-json\/wp\/v2\/media?parent=651227"}],"wp:term":[{"taxonomy":"category","embeddable":true,"href":"https:\/\/www.europesays.com\/it\/wp-json\/wp\/v2\/categories?post=651227"},{"taxonomy":"post_tag","embeddable":true,"href":"https:\/\/www.europesays.com\/it\/wp-json\/wp\/v2\/tags?post=651227"}],"curies":[{"name":"wp","href":"https:\/\/api.w.org\/{rel}","templated":true}]}}