{"id":651264,"date":"2026-08-27T00:47:16","date_gmt":"2026-08-27T00:47:16","guid":{"rendered":"https:\/\/www.europesays.com\/it\/651264\/"},"modified":"2026-08-27T00:47:16","modified_gmt":"2026-08-27T00:47:16","slug":"monica-bellucci-oggi-non-rifarei-irreversible-se-offrissero-a-mia-figlia-deva-un-film-del-genere-la-lascerei-libera","status":"publish","type":"post","link":"https:\/\/www.europesays.com\/it\/651264\/","title":{"rendered":"Monica Bellucci: \u00abOggi non rifarei Irr\u00e9versible. Se offrissero a mia figlia Deva un film del genere? La lascerei libera\u00bb"},"content":{"rendered":"<p>\n                            Il punto serale sulle notizie del giorno<br \/>\n                            <b>Iscriviti<\/b> e ricevi le notizie via email\n                        <\/p>\n<p>L\u2019amore, la giovinezza, la famiglia e il lavoro. <a href=\"https:\/\/www.ilmessaggero.it\/t\/monica-bellucci\" rel=\"nofollow noopener\" target=\"_blank\">Monica Bellucci<\/a> non tralascia nessun aspetto della sua vita nell\u2019intervista rilasciata a Repubblica in occasione dell\u2019uscita del film \u201cKettic\u00e8\u201d di Giovanni Tortorici, in cui \u00e8 tra le protagoniste. In sala lo vedremo a partire dal 3 settembre distribuito da PiperFilm. Per il ruolo, quello di una giovane madre frustrata e intrappolata nelle convenzioni sociali, l\u2019attrice ha vinto il Pardo per la miglior interpretazione al 79\u00b0 Festival di Locarno.<\/p>\n<p>&#13;<br \/>\n    APPROFONDIMENTI&#13;<\/p>\n<p>&#13;<\/p>\n<p>                <a href=\"https:\/\/www.ilmessaggero.it\/persone\/monica_bellucci_ballando_con_le_stelle_set_pigiama-9697679.html\" title=\"Monica Bellucci al Festival di Locarno: \u00abSul set in pigiama e ciabatte. Ballando con le stelle? Non avrei niente in contrario\u00bb\" rel=\"nofollow noopener\" target=\"_blank\"><img loading=\"lazy\" decoding=\"async\" src=\"https:\/\/www.europesays.com\/it\/wp-content\/uploads\/2026\/08\/9697679_08160348_onecms_1szagptzylu7loq4y4v_15oj1inzqio.jpg\" title=\"Monica Bellucci al Festival di Locarno: \u00abSul set in pigiama e ciabatte. Ballando con le stelle? Non avrei niente in contrario\u00bb\" width=\"64\" height=\"64\" data-pagespeed-no-transform=\"\"\/><\/a>            <\/p>\n<p>    &#13;<\/p>\n<p>    &#13;<\/p>\n<p>A 16 anni, racconta, era \u00abuna liceale che ogni tanto gi\u00e0 lavorava\u00bb e che per due settimane saltava le lezioni.\u00a0Girava tra Firenze, Milano, Parigi e \u00abpoi tornava a scuola. <\/p>\n<p>I professori storcevano il naso, per\u00f2 mi facevano rientrare. Mi piaceva quel contrasto tra l\u2019andare via dalla provincia per vivere qualcosa di completamente diverso e il tornare indietro. Non ero ancora pronta ad andarmene\u00bb.<\/p>\n<p><a class=\"link_item\" data-linked_from=\"null\" href=\"https:\/\/www.ilmessaggero.it\/persone\/meghan_markle_retroscena_sull_ingaggio_di_netflix_the_gentlemen_succedendo-9723288.html\" rel=\"nofollow noopener\" target=\"_blank\">Meghan Markle e i retroscena sull&#8217;ingaggio di Netflix per &#8220;The Gentlemen&#8221;: cosa sta succedendo<\/a><\/p>\n<p>La carriera <\/p>\n<p>In carriera ha collezionato collaborazioni con i pi\u00f9 grandi maestri del cinema italiano e internazionale, da Giuseppe Tornatore a Emir Kusturica fino a Claude Lelouch, Francis Ford Coppola e Tim Burton (con cui ha avuto una relazione di circa tre anni), solo per citarne alcuni. Gaspar No\u00e9 spicca tra i registi con cui ha collaborato per la sua fama di autore controverso. Con lui ha girato il film scandalo \u201cIrr\u00e9versible\u201d (famosa \u00e8 la scena di violenza sessuale di cui \u00e8 vittima Alex, il suo personaggio), condividendo il set con l\u2019allora marito Vincent Cassel, padre delle sue figlie Deva e L\u00e9onie. Oggi non accetterebbe pi\u00f9 un ruolo cos\u00ec forte: \u00abQuando hai figli ti poni molti problemi e anche la scelta dei personaggi cambia.\u00a0Un film come\u00a0Irr\u00e9versible\u00a0oggi sarebbe complicato \u2013 spiega -, e non solo perch\u00e9 non ho pi\u00f9 l\u2019et\u00e0 per quel ruolo. Da giovani si possiede una libert\u00e0 diversa. Continuo a fare film forti, ma ora sto un po\u2019 pi\u00f9 attenta\u00bb. E se Deva venisse offerto un ruolo del genere come si comporterebbe Bellucci? \u00abLa lascerei libera.\u00a0Ha quasi ventidue anni e fa le proprie scelte. Certo, parliamo e abbiamo un bello scambio, ma lei ha una personalit\u00e0 precisa, un suo modo di raccontarsi e di scegliere artisticamente. Poi segue la propria strada. Ed \u00e8 questo che mi piace\u00bb.\u00a0<\/p>\n<p>\u00c8 trascorso quasi un anno dalla fine della relazione con il regista Tim Burton, ma nell\u2019intervista l\u2019attrice ricorda con affetto il loro legame, dicendo che da ogni relazione \u00e8 bene imparare qualcosa in pi\u00f9 di noi stessi e degli altri: \u00abNell\u2019amicizia come in amore ci sono strade che si incontrano e restano unite per tantissimo tempo, magari per sempre.\u00a0Altre fanno un tratto insieme e poi ciascuno riprende il proprio cammino. \u00c8 la vita. L\u2019importante \u00e8 uscire arricchiti dal tempo trascorso insieme\u00bb dichiara.<\/p>\n<p><a class=\"link_item\" data-linked_from=\"null\" href=\"https:\/\/www.ilmessaggero.it\/spettacoli\/teatro\/fringe_festival_edimburgo_programma_dove_quando_cosa_fare-9707968.html\" rel=\"nofollow noopener\" target=\"_blank\">Fringe Festival, a Edimburgo la festa del teatro e dell&#8217;arte libera: il programma fino al 31 agosto<\/a><\/p>\n<p>In chiusura si concede una riflessione sulla libert\u00e0 delle donne nel cinema e la presenza sporadica di registe alla prossima edizione della Mostra del Cinema di Venezia: \u00abLe donne stanno conquistando uno spazio importante, anche se la vera uguaglianza sociale \u00e8 ancora lontana. Ormai lavoro con moltissime donne, autrici e registe meravigliose. Ho appena finito il film di Maria Sole Tognazzi, ho lavorato con Rebecca Miller. I film bisogna vederli, non possiamo giudicarli prima. Per\u00f2 certo,\u00a0una mancanza di donne fa tristezza\u00bb.<\/p>\n<p>&#13;<br \/>\n                            \u00a9 RIPRODUZIONE RISERVATA&#13;<\/p>\n<p>&#13;<\/p>\n","protected":false},"excerpt":{"rendered":"Il punto serale sulle notizie del giorno Iscriviti e ricevi le notizie via email L\u2019amore, la giovinezza, la&hellip;\n","protected":false},"author":3,"featured_media":651265,"comment_status":"","ping_status":"","sticky":false,"template":"","format":"standard","meta":{"footnotes":"","_share_on_mastodon":"0"},"categories":[1451],"tags":[1621,1620,203,204,359201,1537,90,89,11496,9053],"class_list":["post-651264","post","type-post","status-publish","format-standard","has-post-thumbnail","category-celebrita","tag-celebrita","tag-celebrities","tag-entertainment","tag-intrattenimento","tag-irreversible","tag-it","tag-italia","tag-italy","tag-monica-bellucci","tag-tim-burton"],"share_on_mastodon":{"url":"https:\/\/pubeurope.com\/@it\/117164720741745957","error":""},"_links":{"self":[{"href":"https:\/\/www.europesays.com\/it\/wp-json\/wp\/v2\/posts\/651264","targetHints":{"allow":["GET"]}}],"collection":[{"href":"https:\/\/www.europesays.com\/it\/wp-json\/wp\/v2\/posts"}],"about":[{"href":"https:\/\/www.europesays.com\/it\/wp-json\/wp\/v2\/types\/post"}],"author":[{"embeddable":true,"href":"https:\/\/www.europesays.com\/it\/wp-json\/wp\/v2\/users\/3"}],"replies":[{"embeddable":true,"href":"https:\/\/www.europesays.com\/it\/wp-json\/wp\/v2\/comments?post=651264"}],"version-history":[{"count":0,"href":"https:\/\/www.europesays.com\/it\/wp-json\/wp\/v2\/posts\/651264\/revisions"}],"wp:featuredmedia":[{"embeddable":true,"href":"https:\/\/www.europesays.com\/it\/wp-json\/wp\/v2\/media\/651265"}],"wp:attachment":[{"href":"https:\/\/www.europesays.com\/it\/wp-json\/wp\/v2\/media?parent=651264"}],"wp:term":[{"taxonomy":"category","embeddable":true,"href":"https:\/\/www.europesays.com\/it\/wp-json\/wp\/v2\/categories?post=651264"},{"taxonomy":"post_tag","embeddable":true,"href":"https:\/\/www.europesays.com\/it\/wp-json\/wp\/v2\/tags?post=651264"}],"curies":[{"name":"wp","href":"https:\/\/api.w.org\/{rel}","templated":true}]}}