{"id":651316,"date":"2026-08-27T01:27:14","date_gmt":"2026-08-27T01:27:14","guid":{"rendered":"https:\/\/www.europesays.com\/it\/651316\/"},"modified":"2026-08-27T01:27:14","modified_gmt":"2026-08-27T01:27:14","slug":"gallagher-a-mosca-la-guerra-deve-finire","status":"publish","type":"post","link":"https:\/\/www.europesays.com\/it\/651316\/","title":{"rendered":"Gallagher a Mosca: la guerra deve finire"},"content":{"rendered":"<p>Al termine di un lungo colloquio con il ministro degli esteri della Federazione Russa, Sergey Lavrov, il segretario per i Rapporti con gli Stati ha rilasciato una dichiarazione nel corso della conferenza stampa congiunta in cui ha ribadito l\u2019appello di Papa Leone XIV a porre fine alla guerra e alle sofferenze delle popolazioni civili. La Santa Sede, ha detto Gallagher, \u00e8 pronta a sostenere ogni sforzo per il raggiungimento della pace nell\u2019attuale contesto internazionale<\/p>\n<p><b>Stefano Leszczynski \u2013 Inviato a Mosca<\/b><\/p>\n<p>Nel corso dell\u2019incontro bilaterale svoltosi presso la sede di rappresentanza del Ministero degli Esteri a Mosca, marted\u00ec 25 agosto, il segretario vaticano per i rapporti con gli Stati e le Organizzazioni internazionali, monsignor Paul Richard Gallagher, e il ministro degli Esteri della Federazione Russa, Segey Lavrov, hanno individuato diversi punti di convergenza sulle principali questioni internazionali, concordando sull\u2019importanza di proseguire il dialogo tra la Federazione Russa e la Santa Sede. Tra i temi di interesse bilaterale anche le questioni relative alla comunit\u00e0 cattolica in Russia e le iniziative di carattere umanitario per avviare un percorso di pace tra la Russia e l\u2019Ucraina.<\/p>\n<p><b>Negoziati e impegno umanitario<\/b> <\/p>\n<p>Al termine dell\u2019incontro cui ha preso parte il nunzio apostolico, monsignor Giovanni d\u2019Aniello, durato oltre un ora, monsignor Gallagher e il ministro Lavrov hanno rilasciato di fronte alla stampa le rispettive dichiarazioni. L\u2019alto rappresentante della Santa Sede ha ricordato l&#8217;appello di Papa Leone XIV a porre fine alle ostilit\u00e0 tra Russia e Ucraina ed avviare &#8220;autentici negoziati&#8221; con il sostegno della comunit\u00e0 internazionale. Per Gallagher, &#8220;la posizione della Santa Sede \u00e8 chiara: il conflitto non pu\u00f2 essere risolto con mezzi militari.\u201d Pertanto, ha affermato, \u201c\u00e8 essenziale creare le condizioni per un processo politico e diplomatico&#8221;. L\u2019esponente della diplomazia della Santa Sede ha, inoltre, invitato Russia e Ucraina a mostrare segni di apertura e buona volont\u00e0, e a rispettare il diritto internazionale e umanitario, in particolare per quanto riguarda i civili, le infrastrutture, i feriti e i prigionieri di guerra.<\/p>\n<p>    <img decoding=\"async\" src=\"data:image\/gif;base64,R0lGODlhAQABAIAAAAAAAP\/\/\/yH5BAEAAAAALAAAAAABAAEAAAIBRAA7\" data-original=\"https:\/\/www.vaticannews.va\/content\/dam\/vaticannews\/multimedia\/2026\/agosto\/26\/foto-3-conferenza-stampa-img-1670-2.jpg\/_jcr_content\/renditions\/cq5dam.thumbnail.cropped.750.422.jpeg\" alt=\"La conferenza stampa congiunta dell'arcivescovo Gallagher con il ministro degli Esteri russo Lavrov\" title=\"La conferenza stampa congiunta dell'arcivescovo Gallagher con il ministro degli Esteri russo Lavrov\"\/><\/p>\n<p>\n   La conferenza stampa congiunta dell&#8217;arcivescovo Gallagher con il ministro degli Esteri russo Lavrov\n  <\/p>\n<p><b>La guerra deve finire<\/b> <\/p>\n<p>\u201cPer essere chiari \u2013 ha detto monsignor Galagher in relazione alla questione ucraina -: questa guerra deve finire\u201d. Il numero di vittime da entrambe le parti continua a crescere costantemente a causa delle ostilit\u00e0 e cos\u00ec le sofferenze delle popolazioni civili. \u201c\u00c8 urgente e necessario \u2013 ha ribadito l\u2019alto prelato \u2013 terminare le ostilit\u00e0 e pianificare le relazioni future per non rimanere prigionieri dei torti del passato\u201d e togliere ossigeno all\u2019odio.<\/p>\n<p><b>Intensificare la collaborazione tra Russia e Santa Sede<\/b> <\/p>\n<p>Il ministro degli Esteri Lavrov, mostrando apprezzamento per l\u2019apertura della Santa Sede al dialogo con la Russia e l\u2019impegno per la pace, ha dichiarato di concordare con l\u2019omologo vaticano sulla necessit\u00e0 di intensificare la collaborazione nelle questioni umanitarie legate al conflitto. Lavrov ha definito il colloquio &#8220;molto utile\u201d.<\/p>\n<p><b>L\u2019impegno della Santa Sede per la pace<\/b> <\/p>\n<p>\u201cQualsiasi risultato concreto in ambito umanitario \u2013 ha sottolineato il segretario per i Rapporti con gli Stati &#8211; contribuir\u00e0 ad alleviare le sofferenze e permetter\u00e0 il ristabilimento di un minimo di fiducia tra le parti in conflitto\u201d. In questo senso \u00e8 stata ricordata l\u2019importanza della prossima missione del cardinale Zuppi in Russia. Da parte della Santa Sede, ha proseguito l\u2019arcivescovo, viene ribadita la volont\u00e0 di continuare a contribuire alla costruzione di spazi di dialogo, rafforzando gli sforzi umanitari e offrendo i propri \u201cbuoni uffici\u201d nel perseguimento della pace.<\/p>\n<p>    <img decoding=\"async\" src=\"data:image\/gif;base64,R0lGODlhAQABAIAAAAAAAP\/\/\/yH5BAEAAAAALAAAAAABAAEAAAIBRAA7\" data-original=\"https:\/\/www.vaticannews.va\/content\/dam\/vaticannews\/multimedia\/2026\/agosto\/26\/foto-2-delegazioni-img-1667.jpg\/_jcr_content\/renditions\/cq5dam.thumbnail.cropped.750.422.jpeg\" alt=\"Le delegazioni di Russia e Santa Sede a colloquio presso il Ministero degli Esteri a Mosca\" title=\"Le delegazioni di Russia e Santa Sede a colloquio presso il Ministero degli Esteri a Mosca\"\/><\/p>\n<p>\n   Le delegazioni di Russia e Santa Sede a colloquio presso il Ministero degli Esteri a Mosca\n  <\/p>\n<p><b>Il ruolo delle Chiese nella costruzione della pace<\/b> <\/p>\n<p>Nel corso del colloquio con il ministro Lavrov, monsignor Gallagher ha voluto ricordare l\u2019importante ruolo delle chiese e delle comunit\u00e0 ecclesiali locali in favore dei pi\u00f9 fragili, in spirito di riconciliazione. In questo contesto il segretario per i rapporti con gli Stati ha voluto anche ricordare la condizione ed i bisogni della Chiesa cattolica nella Federazione Russa con particolare riguardo alla cura pastorale dei fedeli e lo svolgimento di attivit\u00e0 caritative da parte delle comunit\u00e0 ecclesiali e religiose.<\/p>\n<p><b>Il dialogo con il patriarcato di Mosca<\/b> <\/p>\n<p>Nella serata di marted\u00ec il segretario per i Rapporti con gli Stati ha poi incontrato il metropolita Antonij di Volokolamsk, responsabile per le relazioni esterne del Patriarcato di Mosca, con cui sono stati discussi temi di interesse comune, anche alla luce dell\u2019attuale contesto regionale. Il metropolita Antonij ha espresso la propria soddisfazione per i costanti e cordiali contatti tra le due Chiese e la Santa Sede.<\/p>\n<p>    <img decoding=\"async\" src=\"data:image\/gif;base64,R0lGODlhAQABAIAAAAAAAP\/\/\/yH5BAEAAAAALAAAAAABAAEAAAIBRAA7\" data-original=\"https:\/\/www.vaticannews.va\/content\/dam\/vaticannews\/multimedia\/2026\/agosto\/26\/foto-4-ortodossi-img-1754.jpg\/_jcr_content\/renditions\/cq5dam.thumbnail.cropped.750.422.jpeg\" alt=\"L'arcivescovo Gallagher con il metropolita Antonij di Volokolamsk, responsabile per le relazioni esterne del Patriarcato di Mosca\" title=\"L'arcivescovo Gallagher con il metropolita Antonij di Volokolamsk, responsabile per le relazioni esterne del Patriarcato di Mosca\"\/><\/p>\n<p>\n   L&#8217;arcivescovo Gallagher con il metropolita Antonij di Volokolamsk, responsabile per le relazioni esterne del Patriarcato di Mosca\n  <\/p>\n","protected":false},"excerpt":{"rendered":"Al termine di un lungo colloquio con il ministro degli esteri della Federazione Russa, Sergey Lavrov, il segretario&hellip;\n","protected":false},"author":3,"featured_media":651317,"comment_status":"","ping_status":"","sticky":false,"template":"","format":"standard","meta":{"footnotes":"","_share_on_mastodon":"0"},"categories":[6],"tags":[1059,11588,14,1339,77,8,1537,90,89,7,15,82,9,83,10,402,1358,13548,477,171,1327,13,170,11,80,84,12,81,85],"class_list":["post-651316","post","type-post","status-publish","format-standard","has-post-thumbnail","category-ultime-notizie","tag-chiesa-cattolica","tag-chiesa-ortodossa","tag-cronaca","tag-diplomazia","tag-guerra","tag-headlines","tag-it","tag-italia","tag-italy","tag-news","tag-notizie","tag-notizie-di-cronaca","tag-notizie-principali","tag-notiziedicronaca","tag-notizieprincipali","tag-pace","tag-papa-leone-xiv","tag-paul-richard-gallagher","tag-politica","tag-russia","tag-santa-sede","tag-titoli","tag-ucraina","tag-ultime-notizie","tag-ultime-notizie-di-cronaca","tag-ultime-notizie-e-news-di-oggi","tag-ultimenotizie","tag-ultimenotiziedicronaca","tag-ultimenotizieenewsdioggi"],"share_on_mastodon":{"url":"https:\/\/pubeurope.com\/@it\/117164877146318568","error":""},"_links":{"self":[{"href":"https:\/\/www.europesays.com\/it\/wp-json\/wp\/v2\/posts\/651316","targetHints":{"allow":["GET"]}}],"collection":[{"href":"https:\/\/www.europesays.com\/it\/wp-json\/wp\/v2\/posts"}],"about":[{"href":"https:\/\/www.europesays.com\/it\/wp-json\/wp\/v2\/types\/post"}],"author":[{"embeddable":true,"href":"https:\/\/www.europesays.com\/it\/wp-json\/wp\/v2\/users\/3"}],"replies":[{"embeddable":true,"href":"https:\/\/www.europesays.com\/it\/wp-json\/wp\/v2\/comments?post=651316"}],"version-history":[{"count":0,"href":"https:\/\/www.europesays.com\/it\/wp-json\/wp\/v2\/posts\/651316\/revisions"}],"wp:featuredmedia":[{"embeddable":true,"href":"https:\/\/www.europesays.com\/it\/wp-json\/wp\/v2\/media\/651317"}],"wp:attachment":[{"href":"https:\/\/www.europesays.com\/it\/wp-json\/wp\/v2\/media?parent=651316"}],"wp:term":[{"taxonomy":"category","embeddable":true,"href":"https:\/\/www.europesays.com\/it\/wp-json\/wp\/v2\/categories?post=651316"},{"taxonomy":"post_tag","embeddable":true,"href":"https:\/\/www.europesays.com\/it\/wp-json\/wp\/v2\/tags?post=651316"}],"curies":[{"name":"wp","href":"https:\/\/api.w.org\/{rel}","templated":true}]}}