{"id":651449,"date":"2026-08-27T03:59:24","date_gmt":"2026-08-27T03:59:24","guid":{"rendered":"https:\/\/www.europesays.com\/it\/651449\/"},"modified":"2026-08-27T03:59:24","modified_gmt":"2026-08-27T03:59:24","slug":"emily-in-paris-la-data-di-uscita-della-sesta-e-ultima-stagione-su-netflix","status":"publish","type":"post","link":"https:\/\/www.europesays.com\/it\/651449\/","title":{"rendered":"Emily in Paris, la data di uscita della sesta e ultima stagione su Netflix"},"content":{"rendered":"<p>Emily Cooper si prepara a dire adieu. La sesta e ultima stagione di Emily in Paris debutter\u00e0 su Netflix il 24 dicembre 2026. Nei nuovi episodi Lily Collins torner\u00e0 a dividersi tra carriera e sentimenti, mentre il viaggio della serie toccher\u00e0 anche la Grecia. Darren Star promette il capitolo pi\u00f9 grande di sempre. Nel cast tornano Philippine Leroy-Beaulieu, Ashley Park, Lucas Bravo e Lucien Laviscount<\/p>\n<p><strong>Adieu, Emily. Stavolta davvero.<\/strong> La sesta stagione di Emily in Paris sar\u00e0 anche l\u2019ultima e arriver\u00e0 su <strong>Netflix\u00a0\u00a0(visibile anche su Sky Glass, Sky Q e tramite app su NOW Smart Stick) il 24 dicembre 2026<\/strong>, proprio alla vigilia di Natale.<\/p>\n<p>La piattaforma ha diffuso le <strong>prime immagini<\/strong> del capitolo conclusivo della serie creata da <strong>Darren Star<\/strong>, attualmente in produzione in Francia, con <strong>Lily Collins<\/strong> ancora una volta nei panni di Emily Cooper.<\/p>\n<p>Nuove destinazioni, nuove ambizioni, nuovi amori e soprattutto una scelta destinata a chiudere il viaggio della giovane americana che, stagione dopo stagione, ha trasformato Parigi in un gigantesco set fatto di moda, marketing, romanticismo e cartoline europee.<\/p>\n<p>\t        <img decoding=\"async\" src=\"https:\/\/www.europesays.com\/it\/wp-content\/uploads\/2026\/08\/emily-in-paris-stagione-finale.jpg\" class=\"c-inline-image__img j-lazyload\" itemprop=\"contentUrl\" loading=\"lazy\" data-cmp-hook-image=\"image\" alt=\"\"\/><\/p>\n<p>\t\t \tEmily in Paris 6, quando esce su Netflix<\/p>\n<p>La <strong>sesta e ultima stagione di <\/strong><strong>Emily in Paris<\/strong> debutter\u00e0 in esclusiva su Netflix il <strong>24 dicembre 2026<\/strong>.<\/p>\n<p>Un regalo di Natale per i fan, ma anche l\u2019ultimo appuntamento con una delle serie pi\u00f9 riconoscibili nate dall\u2019immaginario di Darren Star, gi\u00e0 creatore di Sex and the City.<\/p>\n<p>Il nuovo ciclo porter\u00e0 Emily verso scelte decisive. Tra conflitti professionali, relazioni che cambiano e nuove prospettive, la protagonista sar\u00e0 costretta a chiedersi dove si trovi davvero il proprio futuro.<\/p>\n<p>Una domanda che coinvolger\u00e0 i tre poli attorno ai quali la sua vita ha sempre ruotato: <strong>la carriera, il cuore e la vita costruita a Parigi<\/strong>.<\/p>\n<p>\t\t\t<a class=\"c-inline-card j-inline-card c-inline-card--with-image\" href=\"https:\/\/tg24.sky.it\/spettacolo\/serie-tv\/2026\/05\/22\/emily-in-paris-6-grecia\" rel=\"follow nofollow noopener\" data-intcmp=\"skytg24_articolo_approfondimenti_inline\" target=\"_blank\"><\/p>\n<p>\t\t\t         <img decoding=\"async\" crossorigin=\"anonymous\" alt=\"\"  loading=\"lazy\"  src=\"https:\/\/www.europesays.com\/it\/wp-content\/uploads\/2026\/08\/Webphoto_Emily_in_Paris_066263_09.jpg\"\/><\/p>\n<p>\n\t\t\t         Approfondimento<br \/>\n\t\t\t         Emily in Paris, la stagione 6 \u00e8 l&#8217;ultima: al via le riprese in Grecia\n\t\t\t      <\/p>\n<p>\t\t\t<\/a><\/p>\n<p>\t        <img decoding=\"async\" src=\"https:\/\/www.europesays.com\/it\/wp-content\/uploads\/2026\/08\/emily-in-paris-stagione-6-finale.jpg\" class=\"c-inline-image__img j-lazyload\" itemprop=\"contentUrl\" loading=\"lazy\" data-cmp-hook-image=\"image\" alt=\"\"\/><\/p>\n<p>\t\t \tDalla Grecia a Monaco, prima del ritorno a Parigi<\/p>\n<p>Se Parigi resta inevitabilmente il cuore della serie, la stagione finale allargher\u00e0 ancora una volta i propri confini.<\/p>\n<p>Dopo Roma e Venezia, l\u2019ultimo viaggio di Emily toccher\u00e0 anche <strong>la Grecia e Monaco<\/strong>, prima dell\u2019inevitabile ritorno nella capitale francese.<\/p>\n<p>La Grecia, in particolare, era una delle destinazioni che Darren Star desiderava inserire nel capitolo conclusivo.<\/p>\n<p>\u00abVolevo che l\u2019ultima stagione di Emily in Paris fosse la pi\u00f9 grande di sempre\u00bb, ha spiegato il creatore e showrunner. \u00abIn questa stagione abbiamo visitato diverse location e la Grecia era una delle destinazioni che volevamo davvero mostrare in modo spettacolare\u00bb.<\/p>\n<p>Per Star, proprio la possibilit\u00e0 di cambiare scenario continuamente rappresenta uno degli elementi distintivi della serie: l\u2019Europa come spazio narrativo nel quale bastano poche ore di viaggio per ritrovarsi dentro un\u2019altra cultura e un\u2019altra avventura.<\/p>\n<p>\u00abVolevo che il pubblico potesse viaggiare insieme a Emily\u00bb, ha aggiunto.<\/p>\n<p>\t\t\t<a class=\"c-inline-card j-inline-card c-inline-card--with-image\" href=\"https:\/\/tg24.sky.it\/spettacolo\/cinema\/2026\/05\/27\/pierre-deny-morto\" rel=\"follow nofollow noopener\" data-intcmp=\"skytg24_articolo_approfondimenti_inline\" target=\"_blank\"><\/p>\n<p>\t\t\t         <img decoding=\"async\" crossorigin=\"anonymous\" alt=\"\"  loading=\"lazy\"  src=\"https:\/\/www.europesays.com\/it\/wp-content\/uploads\/2026\/08\/Pierre-Den-ipa.jpg\"\/><\/p>\n<p>\n\t\t\t         Approfondimento<br \/>\n\t\t\t         Morto Pierre Deny, la star di Emily in Paris aveva 69 anni\n\t\t\t      <\/p>\n<p>\t\t\t<\/a><\/p>\n<p>\t        <img decoding=\"async\" src=\"https:\/\/www.europesays.com\/it\/wp-content\/uploads\/2026\/08\/emily-in-paris-netlflix.jpg\" class=\"c-inline-image__img j-lazyload\" itemprop=\"contentUrl\" loading=\"lazy\" data-cmp-hook-image=\"image\" alt=\"\"\/><\/p>\n<p>\t\t \tEmily tra carriera, amore e un\u2019ultima scelta<\/p>\n<p>La trama ufficiale anticipa un\u2019Emily alle prese con <strong>nuove ambizioni e nuovi amori<\/strong>, ma soprattutto con decisioni destinate a mettere alla prova le sue priorit\u00e0 e la sua lealt\u00e0.<\/p>\n<p>Quando conflitti professionali inattesi e rapporti personali in continua evoluzione la costringeranno a riconsiderare ci\u00f2 che desidera davvero, Emily dovr\u00e0 arrivare a una scelta finale.<\/p>\n<p>Carriera, cuore, Parigi: tre strade che per sei stagioni hanno continuato a incrociarsi, separarsi e ricongiungersi. Il finale dovr\u00e0 stabilire quale di queste conduca davvero al futuro di Emily.<\/p>\n<p>\t\t\t<a class=\"c-inline-card j-inline-card c-inline-card--with-image\" href=\"https:\/\/tg24.sky.it\/spettacolo\/serie-tv\/2026\/04\/13\/emily-in-paris-6-grecia\" rel=\"follow nofollow noopener\" data-intcmp=\"skytg24_articolo_approfondimenti_inline\" target=\"_blank\"><\/p>\n<p>\t\t\t         <img decoding=\"async\" crossorigin=\"anonymous\" alt=\"\"  loading=\"lazy\"  src=\"https:\/\/www.europesays.com\/it\/wp-content\/uploads\/2026\/08\/lily-collins-getty.jpg\"\/><\/p>\n<p>\n\t\t\t         Approfondimento<br \/>\n\t\t\t         Emily in Paris 6, la storia si sposta in Grecia\n\t\t\t      <\/p>\n<p>\t\t\t<\/a><\/p>\n<p>\t        <img decoding=\"async\" src=\"https:\/\/www.europesays.com\/it\/wp-content\/uploads\/2026\/08\/emily-in-paris-6.jpg\" class=\"c-inline-image__img j-lazyload\" itemprop=\"contentUrl\" loading=\"lazy\" data-cmp-hook-image=\"image\" alt=\"\"\/><\/p>\n<p>\t\t\tIl cast dell\u2019ultima stagione<\/p>\n<p>Accanto a <strong>Lily Collins<\/strong>, che \u00e8 anche produttrice della serie, torneranno molti dei volti diventati ormai inseparabili dall\u2019universo di Emily in Paris.<\/p>\n<p><strong>Philippine Leroy-Beaulieu<\/strong> sar\u00e0 ancora Sylvie Grateau, <strong>Ashley Park<\/strong> interpreter\u00e0 Mindy Chen e <strong>Lucas Bravo<\/strong> torner\u00e0 nei panni di Gabriel.<\/p>\n<p>Nel cast ci saranno inoltre <strong>Samuel Arnold<\/strong> nel ruolo di Julien, <strong>Bruno Gouery<\/strong> in quello di Luc, <strong>William Abadie<\/strong> come Antoine Lambert e <strong>Lucien Laviscount<\/strong> come Alfie.<\/p>\n<p>Tornano anche <strong>Minnie Driver<\/strong> nei panni di Princess Jane e <strong>Paul Forman<\/strong> nel ruolo di Nicolas \u201cNico\u201d de L\u00e9on.<\/p>\n<p>\t        <img decoding=\"async\" src=\"https:\/\/www.europesays.com\/it\/wp-content\/uploads\/2026\/08\/emily-in-paris-6-netflix.jpg\" class=\"c-inline-image__img j-lazyload\" itemprop=\"contentUrl\" loading=\"lazy\" data-cmp-hook-image=\"image\" alt=\"\"\/><\/p>\n<p>\t\t\tDarren Star saluta Emily in Paris<\/p>\n<p>Dietro la serie resta <strong>Darren Star<\/strong>, creatore, showrunner, sceneggiatore e produttore esecutivo.<\/p>\n<p>La stagione conclusiva vuole alzare ulteriormente la posta, almeno nelle intenzioni del suo autore: pi\u00f9 location, pi\u00f9 movimento e un ultimo viaggio costruito intorno alla domanda che accompagna Emily fin dall\u2019inizio.<\/p>\n<p>Dove si trova davvero il suo futuro?<\/p>\n<p>Nel lavoro che continua a ridefinirla? Nelle relazioni che l\u2019hanno fatta crescere? Oppure in quella Parigi che da luogo estraneo si \u00e8 trasformata progressivamente in casa?<\/p>\n<p>Dopo sei stagioni di outfit impossibili, campagne pubblicitarie, amori, rotture, terrazze, croissant e continui cambi di indirizzo, Emily in Paris sembra pronta finalmente a rispondere.<\/p>\n<p>O almeno, trattandosi di Emily, a provarci con un ultimo impeccabile look.<\/p>\n<p>\t        <img decoding=\"async\" src=\"https:\/\/www.europesays.com\/it\/wp-content\/uploads\/2026\/08\/emily-in-paris-season-6.jpg\" class=\"c-inline-image__img j-lazyload\" itemprop=\"contentUrl\" loading=\"lazy\" data-cmp-hook-image=\"image\" alt=\"\"\/><\/p>\n<p>\t            TAG:<\/p>\n","protected":false},"excerpt":{"rendered":"Emily Cooper si prepara a dire adieu. La sesta e ultima stagione di Emily in Paris debutter\u00e0 su&hellip;\n","protected":false},"author":3,"featured_media":651450,"comment_status":"","ping_status":"","sticky":false,"template":"","format":"standard","meta":{"footnotes":"","_share_on_mastodon":"0"},"categories":[1444],"tags":[203,204,1537,90,89,3166,253],"class_list":["post-651449","post","type-post","status-publish","format-standard","has-post-thumbnail","category-tv","tag-entertainment","tag-intrattenimento","tag-it","tag-italia","tag-italy","tag-netflix","tag-tv"],"share_on_mastodon":{"url":"https:\/\/pubeurope.com\/@it\/117165476097812326","error":""},"_links":{"self":[{"href":"https:\/\/www.europesays.com\/it\/wp-json\/wp\/v2\/posts\/651449","targetHints":{"allow":["GET"]}}],"collection":[{"href":"https:\/\/www.europesays.com\/it\/wp-json\/wp\/v2\/posts"}],"about":[{"href":"https:\/\/www.europesays.com\/it\/wp-json\/wp\/v2\/types\/post"}],"author":[{"embeddable":true,"href":"https:\/\/www.europesays.com\/it\/wp-json\/wp\/v2\/users\/3"}],"replies":[{"embeddable":true,"href":"https:\/\/www.europesays.com\/it\/wp-json\/wp\/v2\/comments?post=651449"}],"version-history":[{"count":0,"href":"https:\/\/www.europesays.com\/it\/wp-json\/wp\/v2\/posts\/651449\/revisions"}],"wp:featuredmedia":[{"embeddable":true,"href":"https:\/\/www.europesays.com\/it\/wp-json\/wp\/v2\/media\/651450"}],"wp:attachment":[{"href":"https:\/\/www.europesays.com\/it\/wp-json\/wp\/v2\/media?parent=651449"}],"wp:term":[{"taxonomy":"category","embeddable":true,"href":"https:\/\/www.europesays.com\/it\/wp-json\/wp\/v2\/categories?post=651449"},{"taxonomy":"post_tag","embeddable":true,"href":"https:\/\/www.europesays.com\/it\/wp-json\/wp\/v2\/tags?post=651449"}],"curies":[{"name":"wp","href":"https:\/\/api.w.org\/{rel}","templated":true}]}}