{"id":651451,"date":"2026-08-27T04:00:14","date_gmt":"2026-08-27T04:00:14","guid":{"rendered":"https:\/\/www.europesays.com\/it\/651451\/"},"modified":"2026-08-27T04:00:14","modified_gmt":"2026-08-27T04:00:14","slug":"il-ritorno-di-noemi-show-in-piazza-a-riccione-il-palco-e-la-mia-casa","status":"publish","type":"post","link":"https:\/\/www.europesays.com\/it\/651451\/","title":{"rendered":"Il ritorno di Noemi. Show in piazza a Riccione: &#8220;Il palco \u00e8 la mia casa&#8221;"},"content":{"rendered":"<p>Noemi torna a Riccione col suo attesissimo concerto, slittato dall\u20198 agosto a domani sera (21.45, ingresso gratuito) per la caduta dal palco di San Salvo Marina, in Abruzzo, lo scorso 19 luglio. L\u2019artista torner\u00e0 a cantare in <strong>piazzale Roma<\/strong>, dove il primo giugno con Enrico Papi ha aperto la prima parte di <strong>Riccione Music City<\/strong> con una tappa dello Yoga Radio Estate, in onda su Italia 1. Noemi, che vanta diciotto dischi di platino e quattro d\u2019oro, nonch\u00e9 otto partecipazioni al festival di Sanremo, far\u00e0 echeggiare le sue hit, compresa <strong>Se ti innamori<\/strong>, il suo ultimo singolo <strong>Tu cosa fai questa sera<\/strong> e altri brani tratti dall\u2019album Nostalgi, che sta portando nelle pi\u00f9 rinomate localit\u00e0 italiane con il tour \u2018<strong>Noemi Live 2026<\/strong>\u2019.<\/p>\n<p>Noemi, rieccola in versione live nella Riccione che definisce &#8220;terra delle vacanze, della musica e del divertimento&#8221;. Mai lontana dal palco? &#8220;Per me il palco \u00e8 casa. \u00c8 il posto dove riesco a sentirmi pi\u00f9 libera e pi\u00f9 vera, perch\u00e9 ogni concerto \u00e8 diverso e nasce da uno scambio continuo con il pubblico. Il 2025 \u00e8 stato un anno intensissimo, pieno di concerti e forti emozioni, per cui ho avvertito il bisogno di continuare questo viaggio live, perch\u00e9 l\u2019energia che si crea durante un concerto ti resta addosso&#8221;.<\/p>\n<p>Cosa proporr\u00e0 al pubblico riccionese? &#8220;La scaletta tiene insieme tutte le anime del mio percorso. Include i miei brani pi\u00f9 amati dal pubblico e che ormai fanno parte della nostra storia. Non mancano i pezzi pi\u00f9 recenti, come Bianca che ha una sua delicatezza ma anche una grande forza emotiva. Dal vivo ogni volta succede qualcosa di speciale&#8221;.<\/p>\n<p>Da \u2018Tu cosa fai questa sera\u2019 sembra emergere un\u2019altra Noemi. &#8220;Questo brano mostra una versione di me ancora pi\u00f9 libera e consapevole. Negli ultimi anni ho imparato a raccontarmi con meno filtri, anche nelle sfumature pi\u00f9 sensuali o istintive, senza avere paura di mostrarmi per quella che sono. Da questa canzone trapela quell\u2019energia l\u00ec: \u00e8 diretta, fisica e nel contempo conserva una parte emotiva e fragile che sento molto mia. Racconta di una persona che impara a vivere un rapporto anche con leggerezza e passionalit\u00e0 una forma anche di emancipazione e di libert\u00e0. Va in questa direzione anche il cambio look&#8221;.<\/p>\n<p>Intreccia musica, radio e tv, spaziando dalla conduzione di \u2018Non solo parole\u2019 su Rai Radio 1 alla figura di giudice in \u2018Io Canto Family\u2019. Quale ruolo preferisce? &#8220;Sono tutte esperienze che si nutrono a vicenda. La musica per\u00f2 \u00e8 centrale, perch\u00e9 \u00e8 il mio modo pi\u00f9 naturale di esprimermi. Mi piace comunque l\u2019idea di raccontare e condividere le cose anche attraverso linguaggi diversi. La radio mi ha regalato una dimensione molto intima, la televisione invece ti mette di continuo alla prova e ti spinge a tirare fuori lati nuovi di te. Per me non c\u2019\u00e8 separazione tra questi mondi e poi alla fine tutto torna alla musica&#8221;.<\/p>\n<p>Nives Concolino<\/p>\n","protected":false},"excerpt":{"rendered":"Noemi torna a Riccione col suo attesissimo concerto, slittato dall\u20198 agosto a domani sera (21.45, ingresso gratuito) per&hellip;\n","protected":false},"author":3,"featured_media":651452,"comment_status":"","ping_status":"","sticky":false,"template":"","format":"standard","meta":{"footnotes":"","_share_on_mastodon":"0"},"categories":[1443],"tags":[203,204,1537,90,89,1538,1539,8501,5543,2751,3675,2936],"class_list":["post-651451","post","type-post","status-publish","format-standard","has-post-thumbnail","category-musica","tag-entertainment","tag-intrattenimento","tag-it","tag-italia","tag-italy","tag-music","tag-musica","tag-noemi","tag-piazza","tag-riccione","tag-ritorno","tag-show"],"share_on_mastodon":{"url":"https:\/\/pubeurope.com\/@it\/117165478814095517","error":""},"_links":{"self":[{"href":"https:\/\/www.europesays.com\/it\/wp-json\/wp\/v2\/posts\/651451","targetHints":{"allow":["GET"]}}],"collection":[{"href":"https:\/\/www.europesays.com\/it\/wp-json\/wp\/v2\/posts"}],"about":[{"href":"https:\/\/www.europesays.com\/it\/wp-json\/wp\/v2\/types\/post"}],"author":[{"embeddable":true,"href":"https:\/\/www.europesays.com\/it\/wp-json\/wp\/v2\/users\/3"}],"replies":[{"embeddable":true,"href":"https:\/\/www.europesays.com\/it\/wp-json\/wp\/v2\/comments?post=651451"}],"version-history":[{"count":0,"href":"https:\/\/www.europesays.com\/it\/wp-json\/wp\/v2\/posts\/651451\/revisions"}],"wp:featuredmedia":[{"embeddable":true,"href":"https:\/\/www.europesays.com\/it\/wp-json\/wp\/v2\/media\/651452"}],"wp:attachment":[{"href":"https:\/\/www.europesays.com\/it\/wp-json\/wp\/v2\/media?parent=651451"}],"wp:term":[{"taxonomy":"category","embeddable":true,"href":"https:\/\/www.europesays.com\/it\/wp-json\/wp\/v2\/categories?post=651451"},{"taxonomy":"post_tag","embeddable":true,"href":"https:\/\/www.europesays.com\/it\/wp-json\/wp\/v2\/tags?post=651451"}],"curies":[{"name":"wp","href":"https:\/\/api.w.org\/{rel}","templated":true}]}}