{"id":651568,"date":"2026-08-27T05:58:11","date_gmt":"2026-08-27T05:58:11","guid":{"rendered":"https:\/\/www.europesays.com\/it\/651568\/"},"modified":"2026-08-27T05:58:11","modified_gmt":"2026-08-27T05:58:11","slug":"caldo-arriva-nuova-ondata-sullitalia-ecco-dove-sono-i-bollini-rossi-oggi-e-venerdi","status":"publish","type":"post","link":"https:\/\/www.europesays.com\/it\/651568\/","title":{"rendered":"Caldo, arriva nuova ondata sull\u2019Italia: ecco dove sono i bollini rossi oggi e venerd\u00ec"},"content":{"rendered":"<p>Ma tornando a oggi, <b>gioved\u00ec 27 agosto<\/b>, quali sono le citt\u00e0 pi\u00f9 calde?<\/p>\n<p>Secondo il <a data-intcmp-qp=\"skytg24_schede_interlink_text\" rel=\"nofollow noopener\" href=\"https:\/\/www.salute.gov.it\/new\/it\/tema\/ondate-di-calore\/bollettini-sulle-ondate-di-calore-0\/\" target=\"_blank\">bollettino sulle ondate di calore<\/a> del ministero della Salute, oggi tra le 27 citt\u00e0 monitorate ce ne sono <b>due con bollino rosso<\/b>: Campobasso e Palermo.<br \/>\u00a0<\/p>\n<p><b>Bollino arancione<\/b>, invece, per undici citt\u00e0: Ancona, Bari, Cagliari, Catania, Firenze, Latina, Messina, Perugia, Reggio Calabria, Rieti e Roma.<br \/>\u00a0<\/p>\n<p><b>Bollino giallo<\/b> per nove citt\u00e0: Bologna, Bolzano, Brescia, Civitavecchia, Frosinone, Napoli, Pescara, Verona e Viterbo.<br \/>\u00a0<\/p>\n<p><b>Bollino verde<\/b>, infine, per cinque citt\u00e0: Genova, Milano, Torino, Trieste e Venezia.<\/p>\n","protected":false},"excerpt":{"rendered":"Ma tornando a oggi, gioved\u00ec 27 agosto, quali sono le citt\u00e0 pi\u00f9 calde? Secondo il bollettino sulle ondate&hellip;\n","protected":false},"author":3,"featured_media":631637,"comment_status":"","ping_status":"","sticky":false,"template":"","format":"standard","meta":{"footnotes":"","_share_on_mastodon":"0"},"categories":[79],"tags":[1534,14,93,94,369,1537,90,89,419,7,15,5065,6490,11,84,91,12,85,92],"class_list":["post-651568","post","type-post","status-publish","format-standard","has-post-thumbnail","category-italia","tag-caldo","tag-cronaca","tag-cronaca-italiana","tag-cronacaitaliana","tag-digitall","tag-it","tag-italia","tag-italy","tag-meteo","tag-news","tag-notizie","tag-previsioni","tag-previsioni-meteo","tag-ultime-notizie","tag-ultime-notizie-e-news-di-oggi","tag-ultime-notizie-italia","tag-ultimenotizie","tag-ultimenotizieenewsdioggi","tag-ultimenotizieitalia"],"share_on_mastodon":{"url":"https:\/\/pubeurope.com\/@it\/117165942838927530","error":""},"_links":{"self":[{"href":"https:\/\/www.europesays.com\/it\/wp-json\/wp\/v2\/posts\/651568","targetHints":{"allow":["GET"]}}],"collection":[{"href":"https:\/\/www.europesays.com\/it\/wp-json\/wp\/v2\/posts"}],"about":[{"href":"https:\/\/www.europesays.com\/it\/wp-json\/wp\/v2\/types\/post"}],"author":[{"embeddable":true,"href":"https:\/\/www.europesays.com\/it\/wp-json\/wp\/v2\/users\/3"}],"replies":[{"embeddable":true,"href":"https:\/\/www.europesays.com\/it\/wp-json\/wp\/v2\/comments?post=651568"}],"version-history":[{"count":0,"href":"https:\/\/www.europesays.com\/it\/wp-json\/wp\/v2\/posts\/651568\/revisions"}],"wp:featuredmedia":[{"embeddable":true,"href":"https:\/\/www.europesays.com\/it\/wp-json\/wp\/v2\/media\/631637"}],"wp:attachment":[{"href":"https:\/\/www.europesays.com\/it\/wp-json\/wp\/v2\/media?parent=651568"}],"wp:term":[{"taxonomy":"category","embeddable":true,"href":"https:\/\/www.europesays.com\/it\/wp-json\/wp\/v2\/categories?post=651568"},{"taxonomy":"post_tag","embeddable":true,"href":"https:\/\/www.europesays.com\/it\/wp-json\/wp\/v2\/tags?post=651568"}],"curies":[{"name":"wp","href":"https:\/\/api.w.org\/{rel}","templated":true}]}}