{"id":651604,"date":"2026-08-27T06:35:15","date_gmt":"2026-08-27T06:35:15","guid":{"rendered":"https:\/\/www.europesays.com\/it\/651604\/"},"modified":"2026-08-27T06:35:15","modified_gmt":"2026-08-27T06:35:15","slug":"oltre-400-iscritti-per-la-monte-terminillo-cycling-gran-fondo-citta-di-leonessa","status":"publish","type":"post","link":"https:\/\/www.europesays.com\/it\/651604\/","title":{"rendered":"Oltre 400 iscritti per la Monte Terminillo Cycling-Gran Fondo Citt\u00e0 di Leonessa"},"content":{"rendered":"<p>\n                            Gli eventi del fine settimana, ogni gioved\u00ec<br \/>\n                            <b>Iscriviti<\/b> e ricevi le notizie via email\n                        <\/p>\n<p>RIETI &#8211; E\u2019 tutto pronto a Leonessa per la Monte Terminillo Cycling\/Granfondo Citt\u00e0 di Leonessa, che domenica porter\u00e0 avanti il circuito Pedalatium che si sta dimostrando sempre pi\u00f9 una challenge di riferimento nel mondo del ciclismo amatoriale, non solo regionale. Lo si desume anche dalla pioggia di adesioni che la gara reatina sta raccogliendo considerando che la settimana scorsa erano gi\u00e0 stati superati i 400 iscritti.<\/p>\n<p>La prova, inserita anche nel campionato nazionale e regionale MF e GF Acsi\u00a0e nel Challenger Cycling Tour degli Appennini, \u00e8 ideale per questo periodo stagionale non solo perch\u00e9 si pedala in quota e quindi si pu\u00f2 godere di temperature pi\u00f9 fresche, ma perch\u00e9 sono ben 3 i tracciati tra i quali scegliere per trovare quello pi\u00f9 adatto al proprio stato di forma. Il principale \u00e8 di 148,6 km per un dislivello di ben 3.200 metri, in alternativa si pu\u00f2 optare per quelli di 83 km per 2.025 metri e di 67,8 km per 1.030 metri, quest\u2019ultimo solamente cicloturistico.<\/p>\n<p>Epicentro della corsa, ospitando partenza, arrivo e tutti i servizi \u00e8 Piazza Sette Aprile a Leonessa da dove verr\u00e0 dato il via alle ore 8:00, prima per i due tracciati principali e a seguire quello non competitivo. <\/p>\n<p>C\u2019\u00e8 ancora tempo per iscriversi e si pu\u00f2 farlo anche facendo del bene, con un leggero surplus per un totale di 60 euro con parte del ricavato che andr\u00e0 in beneficenza. Chiusura delle iscrizioni nella serata di gioved\u00ec, per riaprire sabato alle 15:00 direttamente sul posto dove si potr\u00e0 ritirare numero e pacco gara fino alle 19:45. Domenica l\u2019apertura del villaggio \u00e8 fissata per le 6:30.<\/p>\n<p>Per informazioni: Team Castelnuovo Cycling, https:\/\/www.pedalatium.com\/gf-citta-leonessa<\/p>\n<p>&#13;<br \/>\n                            \u00a9 RIPRODUZIONE RISERVATA&#13;<\/p>\n<p>&#13;<\/p>\n","protected":false},"excerpt":{"rendered":"Gli eventi del fine settimana, ogni gioved\u00ec Iscriviti e ricevi le notizie via email RIETI &#8211; E\u2019 tutto&hellip;\n","protected":false},"author":3,"featured_media":651605,"comment_status":"","ping_status":"","sticky":false,"template":"","format":"standard","meta":{"footnotes":"","_share_on_mastodon":"0"},"categories":[1456],"tags":[1824,1825,79859,1537,90,89,15925,26772,245,244,189192],"class_list":["post-651604","post","type-post","status-publish","format-standard","has-post-thumbnail","category-ciclismo","tag-ciclismo","tag-cycling","tag-gran-fondo","tag-it","tag-italia","tag-italy","tag-leonessa","tag-rieti","tag-sport","tag-sports","tag-terminillo"],"share_on_mastodon":{"url":"https:\/\/pubeurope.com\/@it\/117166088215310407","error":""},"_links":{"self":[{"href":"https:\/\/www.europesays.com\/it\/wp-json\/wp\/v2\/posts\/651604","targetHints":{"allow":["GET"]}}],"collection":[{"href":"https:\/\/www.europesays.com\/it\/wp-json\/wp\/v2\/posts"}],"about":[{"href":"https:\/\/www.europesays.com\/it\/wp-json\/wp\/v2\/types\/post"}],"author":[{"embeddable":true,"href":"https:\/\/www.europesays.com\/it\/wp-json\/wp\/v2\/users\/3"}],"replies":[{"embeddable":true,"href":"https:\/\/www.europesays.com\/it\/wp-json\/wp\/v2\/comments?post=651604"}],"version-history":[{"count":0,"href":"https:\/\/www.europesays.com\/it\/wp-json\/wp\/v2\/posts\/651604\/revisions"}],"wp:featuredmedia":[{"embeddable":true,"href":"https:\/\/www.europesays.com\/it\/wp-json\/wp\/v2\/media\/651605"}],"wp:attachment":[{"href":"https:\/\/www.europesays.com\/it\/wp-json\/wp\/v2\/media?parent=651604"}],"wp:term":[{"taxonomy":"category","embeddable":true,"href":"https:\/\/www.europesays.com\/it\/wp-json\/wp\/v2\/categories?post=651604"},{"taxonomy":"post_tag","embeddable":true,"href":"https:\/\/www.europesays.com\/it\/wp-json\/wp\/v2\/tags?post=651604"}],"curies":[{"name":"wp","href":"https:\/\/api.w.org\/{rel}","templated":true}]}}