{"id":651611,"date":"2026-08-27T06:44:21","date_gmt":"2026-08-27T06:44:21","guid":{"rendered":"https:\/\/www.europesays.com\/it\/651611\/"},"modified":"2026-08-27T06:44:21","modified_gmt":"2026-08-27T06:44:21","slug":"tigri-da-soggiorno-la-musica-e-la-nostra-stella-polare-non-esistono-piani-b-damiano-david-ci-ha-consacrato-ora-sogniamo-lolimpico","status":"publish","type":"post","link":"https:\/\/www.europesays.com\/it\/651611\/","title":{"rendered":"Tigri Da Soggiorno: \u00abLa musica \u00e8 la nostra stella polare, non esistono piani B. Damiano David ci ha consacrato, ora sogniamo l\u2019Olimpico\u00bb"},"content":{"rendered":"<p>&#13;<br \/>\n                               &#13;<br \/>\n                                                &#13;<br \/>\n                &#13;<\/p>\n<p>Prima la gavetta, le prove, i concerti nei locali e la voglia di costruire un\u2019identit\u00e0 musicale senza scorciatoie. Poi <strong><a href=\"https:\/\/www.leggo.it\/t\/x-factor\" rel=\"nofollow noopener\" target=\"_blank\">X-Factor<\/a><\/strong>, i grandi palchi e l\u2019apertura del concerto alla seconda tappa romana del \u201cWorld Tour 2025\u201d di <strong><a href=\"https:\/\/www.leggo.it\/t\/damiano-david\" rel=\"nofollow noopener\" target=\"_blank\">Damiano David<\/a><\/strong>. La storia delle <strong>Tigri Da Soggiorno<\/strong> \u00e8 quella di quattro ragazzi che hanno trasformato una passione in un percorso condiviso, senza mai perdere di vista l\u2019obiettivo.\u00a0Guglielmo Rodorigo, Leonardo Onori, Fabio Llusku e Mattia De Tursi, tutti di et\u00e0 compresa tra i 27 e i 29 anni, si sono costruiti passo dopo passo, tra rifiuti, occasioni e tanta musica dal vivo. \u00abNon ci siamo mai fatti abbattere dai \u201cno\u201d e non abbiamo mai avuto dubbi sul nostro percorso\u00bb, dichiarano a Leggo.\u00a0<\/p>\n<p>&#13;<br \/>\n&#13;<br \/>\n<strong>La nascita del gruppo<\/strong>&#13;<br \/>\n<img decoding=\"async\" alt=\"\" src=\"https:\/\/www.europesays.com\/it\/wp-content\/uploads\/2026\/08\/tigri_da_soggiorno2_11114252.jpg\"\/>&#13;<\/p>\n<p>Tutto comincia intorno al 2018, quando Leonardo Onori e Fabio Llusku, rispettivamente chitarra e basso, suonano gi\u00e0 insieme in un\u2019altra band e sono alla ricerca di un cantante. \u00abAvevo trovato Guglielmo in un sito in cui si cercano artisti per suonare, cos\u00ec gli ho scritto su Facebook per chiedergli se volesse fare una prova con noi ma sono stato ghostato\u00bb, scherza Fabio. A quel punto entra in gioco Leonardo: \u00abGli ho scritto chiedendogli se volesse fare un gruppo. Si era preso un periodo di tempo per rifletterci, poi ha accettato la proposta e ci siamo subito attivati per fare una prova in una sala che ci permetteva di suonare\u00bb.<\/p>\n<p>&#13;<br \/>\n&#13;<\/p>\n<p>La formazione, per\u00f2, deve ancora trovare il proprio nome e soprattutto completarsi. \u00abIl nome \u00e8 arrivato dopo \u2013 spiega Fabio \u2013 quando una sera stavo ascoltando una canzone di Salmo, \u201cDon Medell\u00edn\u201d, e ho sentito la frase \u201cMi sveglier\u00f2 in salotto con le tigri da soggiorno\u201d. Mi sembrava un nome forte e l\u2019ho proposto agli altri, a cui \u00e8 piaciuto subito\u00bb. L\u2019ultimo membro, nonch\u00e9 batterista, Mattia De Tursi arriva alla fine del 2021 e insieme decidono di mandare la richiesta per partecipare all\u2019edizione successiva di <strong><a href=\"https:\/\/www.leggo.it\/t\/x-factor\" rel=\"nofollow noopener\" target=\"_blank\">X-Factor<\/a><\/strong>.\u00a0<\/p>\n<p>&#13;<br \/>\n&#13;<br \/>\n<strong>L\u2019arrivo a X-Factor<\/strong>&#13;<br \/>\n&#13;<\/p>\n<p><img decoding=\"async\" alt=\"\" src=\"https:\/\/www.europesays.com\/it\/wp-content\/uploads\/2026\/08\/tigri_da_soggiorno3_11114409.jpg\"\/><\/p>\n<p>&#13;<br \/>\n&#13;<\/p>\n<p>\u00abL\u2019anno prima, in cui tutti ci siamo fermati per il Covid, eravamo stati contattati per partecipare \u2013 rivela Guglielmo \u2013 ma avevamo scelto di fare un anno di live per costruire una nostra identit\u00e0 musicale\u00bb. Una decisione che si rivela importante per il loro percorso, nonostante al talent show si fermano ai Bootcamp: \u00ab\u00c8 stata un\u2019esperienza che ci ha unito e che ci ha permesso di avere visibilit\u00e0. Siamo contenti del risultato che abbiamo raggiunto, anche perch\u00e9 ci siamo divertiti molto\u00bb.\u00a0X-Factor, infatti, per loro non rappresenta un punto di arrivo. Piuttosto un passaggio, un trampolino capace di lanciare un progetto che aveva gi\u00e0 cominciato a camminare sulle proprie gambe. \u00abNon ci siamo fatti sconfiggere dal no \u2013 continuano \u2013 e ci siamo fatti forza a vicenda. Non abbiamo mai avuto dubbi sul nostro percorso e da quel momento abbiamo iniziato a fare la gavetta dura\u00bb.<\/p>\n<p>&#13;<br \/>\n&#13;<br \/>\n<strong>L\u2019incontro con Damiano David<\/strong>&#13;<br \/>\n&#13;<\/p>\n<p>La gavetta porta i quattro a confrontarsi con palchi sempre pi\u00f9 importanti. Prima le esibizioni nei locali, poi un proprio tour estivo e infine l\u2019opportunit\u00e0 di aprire la seconda data romana del tour di <strong><a href=\"https:\/\/www.leggo.it\/t\/damiano-david\" rel=\"nofollow noopener\" target=\"_blank\">Damiano David<\/a><\/strong> al <strong>Palazzetto dello Sport<\/strong> di Roma. Un palco che, nonostante le dimensioni, non li ha spaventati: \u00abOrmai \u00e8 casa nostra, per quante volte ci siamo entrati tra concerti che abbiamo visto e fatto\u00bb. Ma il legame con il frontman dei <strong><a href=\"https:\/\/www.leggo.it\/t\/maneskin\" rel=\"nofollow noopener\" target=\"_blank\">Maneskin<\/a><\/strong> nasce ancor prima del loro successo. \u00ab<strong>Siamo cresciuti insieme, dato che suo fratello \u00e8 un mio amico storico<\/strong>\u00bb, spiega Leonardo. <\/p>\n<p>La prima occasione per suonare davanti a lui arriva proprio alla sua festa di compleanno, a tema anni Duemila: \u00abCi chiese di suonare perch\u00e9 gli piaceva il nostro genere e serviva una band che trasmettesse le vibrazioni di quegli anni\u00bb.\u00a0&#13;<br \/>\n&#13;<\/p>\n<p>E quella sera permette a Damiano di conoscere il progetto pi\u00f9 da vicino: \u00ab<strong>Si rese conto che il nostro non era solo un hobby, ma che ce la stavamo mettendo tutta<\/strong>\u00bb. Da l\u00ec la decisione di fargli aprire il concerto del 12 ottobre 2025: \u00abL\u2019accoglienza \u00e8 stata maestosa da parte del pubblico. Si sono fomentati, hanno fatto video e storie su Instagram, si sono subito imparati le canzoni. \u00c8 stato molto soddisfacente, soprattutto per un\u2019apertura cos\u00ec importante\u00bb. E alla fine delle tre canzoni previste dalla scaletta arriva anche un gesto da parte di David che la band non dimentica: \u00abLa prima cosa che ha fatto \u00e8 stato rinominarci e farci fare un applauso dal suo pubblico\u00bb.<\/p>\n<p>&#13;<br \/>\n&#13;<br \/>\n<strong>Il 1 Maggio<\/strong>&#13;<br \/>\n&#13;<\/p>\n<p>Dopo il Palazzetto dello Sport arriva un altro appuntamento destinato a diventare un momento simbolico per la band: il <strong>Concertone del Primo Maggio<\/strong>. \u00abNon aspettavamo altro\u00bb, commenta Guglielmo. Gi\u00e0 nel 2024 le Tigri da Soggiorno avevano partecipato al contest per provare ad arrivare sul palco di Piazza San Giovanni, fermandosi al quarto posto. Questa volta, per\u00f2, il sogno diventa realt\u00e0.\u00a0\u00abL\u2019approccio \u00e8 stato caldo, una risposta magnifica. \u00c8 stata la cosa pi\u00f9 bella che abbiamo fatto fino ad adesso, insieme all\u2019apertura del concerto di Damiano David\u00bb. E l&#8217;emozione non si limita al palco: \u00ab<strong>Abbiamo ricevuto un sacco di complimenti da parte dei big nel dietro le quinte, quindi \u00e8 stato ancora pi\u00f9 soddisfacente<\/strong>\u00bb. Anche in questo caso prevale la sensazione di essere arrivati nel posto giusto dopo tanto lavoro. \u00abNon avevamo paura \u2013 raccontano \u2013 eravamo emozionati, c\u2019era tanta adrenalina, ma \u00e8 stato come ritrovarsi in un luogo familiare\u00bb.<\/p>\n<p>&#13;<br \/>\n&#13;<br \/>\n<strong>\u00abLa musica \u00e8 ci\u00f2 che ci unisce\u00bb<\/strong>&#13;<br \/>\n&#13;<\/p>\n<p><img decoding=\"async\" alt=\"\" src=\"https:\/\/www.europesays.com\/it\/wp-content\/uploads\/2026\/08\/tigri_da_soggiorno4_11114546.jpg\"\/><\/p>\n<p>&#13;<br \/>\n&#13;<\/p>\n<p>Ma dietro a tutti i concerti e i traguardi raggiunti, c\u2019\u00e8 soprattutto il legame di quattro amici che hanno scelto di condividere un pezzo importante della propria vita. \u00abLa musica \u00e8 ci\u00f2 che ci unisce \u2013 dichiara Fabio \u2013 \u00e8 ci\u00f2 che ci ha fatto conoscere e condividere un percorso di vita che \u00e8 fantastico. Ci ha permesso di crescere insieme, \u00e8 vitalit\u00e0. Tra tanti anni, quando ci volteremo indietro, potremo guardare questo periodo con il sorriso perch\u00e9 \u00e8 veramente qualcosa di unico\u00bb.<\/p>\n<p>&#13;<br \/>\n&#13;<\/p>\n<p>Per loro la musica \u00e8 la \u00abstella polare\u00bb ed \u00e8 per questo che non \u00abesistono piani B\u00bb con cui sostituirla. Ora la band si trova davanti a un nuovo momento di passaggio: dopo anni di gavetta e di esperienze che hanno permesso al progetto di crescere, \u00e8 arrivato il momento di capire quale sar\u00e0 il prossimo passo. <strong>\u00abSiamo un po\u2019 a quel punto della nostra carriera in cui vogliamo fare un salto in avanti<\/strong>. Adesso stiamo realizzando tanta musica, per essere pi\u00f9 fedeli a noi stessi\u00bb, conclude Guglielmo. Senza mai perdere di vista il loro sogno pi\u00f9 grande: \u00ab<strong>Suonare allo Stadio Olimpico<\/strong>\u00bb.\u00a0<\/p>\n<p>                                &#13;<br \/>\n                &#13;<br \/>\n&#13;<br \/>\n                Ultimo aggiornamento: gioved\u00ec 27 agosto 2026, 07:02&#13;<br \/>\n                <br \/>&#13;<br \/>\n                &#13;<br \/>\n                  &#13;<br \/>\n                    &#13;<br \/>\n                        \u00a9 RIPRODUZIONE RISERVATA&#13;<\/p>\n<p>&#13;<\/p>\n<p>                    &#13;<\/p>\n","protected":false},"excerpt":{"rendered":"&#13; &#13; &#13; &#13; Prima la gavetta, le prove, i concerti nei locali e la voglia di costruire&hellip;\n","protected":false},"author":3,"featured_media":651612,"comment_status":"","ping_status":"","sticky":false,"template":"","format":"standard","meta":{"footnotes":"","_share_on_mastodon":"0"},"categories":[1443],"tags":[45975,203,204,1537,90,89,1538,1539,359374,48718],"class_list":["post-651611","post","type-post","status-publish","format-standard","has-post-thumbnail","category-musica","tag-damiano-david","tag-entertainment","tag-intrattenimento","tag-it","tag-italia","tag-italy","tag-music","tag-musica","tag-tigri-da-soggiorno","tag-x-factor"],"share_on_mastodon":{"url":"https:\/\/pubeurope.com\/@it\/117166125081897080","error":""},"_links":{"self":[{"href":"https:\/\/www.europesays.com\/it\/wp-json\/wp\/v2\/posts\/651611","targetHints":{"allow":["GET"]}}],"collection":[{"href":"https:\/\/www.europesays.com\/it\/wp-json\/wp\/v2\/posts"}],"about":[{"href":"https:\/\/www.europesays.com\/it\/wp-json\/wp\/v2\/types\/post"}],"author":[{"embeddable":true,"href":"https:\/\/www.europesays.com\/it\/wp-json\/wp\/v2\/users\/3"}],"replies":[{"embeddable":true,"href":"https:\/\/www.europesays.com\/it\/wp-json\/wp\/v2\/comments?post=651611"}],"version-history":[{"count":0,"href":"https:\/\/www.europesays.com\/it\/wp-json\/wp\/v2\/posts\/651611\/revisions"}],"wp:featuredmedia":[{"embeddable":true,"href":"https:\/\/www.europesays.com\/it\/wp-json\/wp\/v2\/media\/651612"}],"wp:attachment":[{"href":"https:\/\/www.europesays.com\/it\/wp-json\/wp\/v2\/media?parent=651611"}],"wp:term":[{"taxonomy":"category","embeddable":true,"href":"https:\/\/www.europesays.com\/it\/wp-json\/wp\/v2\/categories?post=651611"},{"taxonomy":"post_tag","embeddable":true,"href":"https:\/\/www.europesays.com\/it\/wp-json\/wp\/v2\/tags?post=651611"}],"curies":[{"name":"wp","href":"https:\/\/api.w.org\/{rel}","templated":true}]}}