{"id":651623,"date":"2026-08-27T06:50:12","date_gmt":"2026-08-27T06:50:12","guid":{"rendered":"https:\/\/www.europesays.com\/it\/651623\/"},"modified":"2026-08-27T06:50:12","modified_gmt":"2026-08-27T06:50:12","slug":"mercato-immobiliare-quanto-costa-comprare-casa-nelle-principali-mete-turistiche-italiane-i-dati","status":"publish","type":"post","link":"https:\/\/www.europesays.com\/it\/651623\/","title":{"rendered":"Mercato immobiliare, quanto costa comprare casa nelle principali mete turistiche italiane? I dati"},"content":{"rendered":"<p>Questa evoluzione sta cambiando anche i criteri con cui vengono progettate e valutate le <b>abitazioni<\/b>. Oltre a efficienza energetica, architettura e tecnologia, acquistano importanza <b>luce naturale<\/b>, qualit\u00e0 dell\u2019aria, comfort acustico, verde, servizi e spazi per la socialit\u00e0. La casa diventa quindi un luogo per vivere, ma anche per recuperare energie e favorire l\u2019equilibrio personale. Parallelamente, la smart home si estende alla <b>smart community<\/b>, attraverso strumenti digitali e intelligenza artificiale per ottimizzare servizi e spazi comuni. Il wellness, inoltre, non \u00e8 pi\u00f9 prerogativa del lusso: verde pubblico, sicurezza, mobilit\u00e0 sostenibile e luoghi d\u2019incontro possono migliorare la qualit\u00e0 della vita anche nell\u2019edilizia ordinaria. Il valore di una casa, dunque, <b>si misura sempre pi\u00f9 anche nel benessere che \u00e8 in grado di offrire<\/b>.<\/p>\n<p>\u00a0<\/p>\n<p><b>Per approfondire:<a data-intcmp=\"skytg24_schede_interlink_text\" href=\"https:\/\/tg24.sky.it\/economia\/2026\/08\/04\/affitti-studenti-prezzi-stanze-singole-citta-piu-care-classifica\" rel=\"nofollow noopener\" target=\"_blank\">\u00a0Affitti studenti, calano i prezzi delle stanze singole. La classifica delle citt\u00e0 pi\u00f9 care<\/a><\/b><\/p>\n","protected":false},"excerpt":{"rendered":"Questa evoluzione sta cambiando anche i criteri con cui vengono progettate e valutate le abitazioni. Oltre a efficienza&hellip;\n","protected":false},"author":3,"featured_media":651624,"comment_status":"","ping_status":"","sticky":false,"template":"","format":"standard","meta":{"footnotes":"","_share_on_mastodon":"0"},"categories":[172],"tags":[178,177,5134,727,369,1537,90,89,10586,3792,11519,2062],"class_list":["post-651623","post","type-post","status-publish","format-standard","has-post-thumbnail","category-affari","tag-affari","tag-business","tag-casa","tag-case","tag-digitall","tag-it","tag-italia","tag-italy","tag-mercato-immobiliare","tag-prezzi","tag-selezione-sky-tg24","tag-turismo"],"share_on_mastodon":{"url":"https:\/\/pubeurope.com\/@it\/117166147141004431","error":""},"_links":{"self":[{"href":"https:\/\/www.europesays.com\/it\/wp-json\/wp\/v2\/posts\/651623","targetHints":{"allow":["GET"]}}],"collection":[{"href":"https:\/\/www.europesays.com\/it\/wp-json\/wp\/v2\/posts"}],"about":[{"href":"https:\/\/www.europesays.com\/it\/wp-json\/wp\/v2\/types\/post"}],"author":[{"embeddable":true,"href":"https:\/\/www.europesays.com\/it\/wp-json\/wp\/v2\/users\/3"}],"replies":[{"embeddable":true,"href":"https:\/\/www.europesays.com\/it\/wp-json\/wp\/v2\/comments?post=651623"}],"version-history":[{"count":0,"href":"https:\/\/www.europesays.com\/it\/wp-json\/wp\/v2\/posts\/651623\/revisions"}],"wp:featuredmedia":[{"embeddable":true,"href":"https:\/\/www.europesays.com\/it\/wp-json\/wp\/v2\/media\/651624"}],"wp:attachment":[{"href":"https:\/\/www.europesays.com\/it\/wp-json\/wp\/v2\/media?parent=651623"}],"wp:term":[{"taxonomy":"category","embeddable":true,"href":"https:\/\/www.europesays.com\/it\/wp-json\/wp\/v2\/categories?post=651623"},{"taxonomy":"post_tag","embeddable":true,"href":"https:\/\/www.europesays.com\/it\/wp-json\/wp\/v2\/tags?post=651623"}],"curies":[{"name":"wp","href":"https:\/\/api.w.org\/{rel}","templated":true}]}}