{"id":651693,"date":"2026-08-27T07:57:14","date_gmt":"2026-08-27T07:57:14","guid":{"rendered":"https:\/\/www.europesays.com\/it\/651693\/"},"modified":"2026-08-27T07:57:14","modified_gmt":"2026-08-27T07:57:14","slug":"belgio-ballan-batte-pozzato-nella-corsa-dei-campioni","status":"publish","type":"post","link":"https:\/\/www.europesays.com\/it\/651693\/","title":{"rendered":"BELGIO, BALLAN BATTE POZZATO NELLA CORSA DEI CAMPIONI"},"content":{"rendered":"<p>            <a class=\"category\" href=\"https:\/\/www.tuttobiciweb.it\/articles\/category\/EVENTI\" itemprop=\"about\" rel=\"nofollow noopener\" target=\"_blank\">EVENTI<\/a> | 27\/08\/2026 | 08:05<br \/>\n            <a class=\"author\" href=\"https:\/\/www.tuttobiciweb.it\/articles\/author\/Eros%20Maccioni\" rel=\"nofollow noopener\" target=\"_blank\">di Eros Maccioni<\/a><\/p>\n<p><strong>Primo Ballan , secondo Pozzato. Non \u00e8 un ordine d\u2019arrivo che finir\u00e0 nei palmares, ma nessuno ha regalato niente a nessuno<\/strong> e le migliaia di spettatori che hanno assistito alla<strong> Delanghe Gentlemen Classic di Roeselare<\/strong>, in Belgio, si sono divertiti davvero.La notizia \u00e8 di qualche settimana fa, ma raccontarla \u00e8 sempre un piacere anche perch\u00e9 i protagonisti sono due volti arcinoti del nostro ciclismo e soprattutto amatissimi in Belgio.\n            <\/p>\n<p><strong>La gara riservata alle vecchie glorie del ciclismo compariva nel cartellone a margine della corsa dei professionisti,<\/strong> nella quale Remco Evenepoel (Red Bull &#8211; Bora), secondo al Tour de France e vincitore di due tappe, ha preceduto Tim Merlier (Soudal Quick-Step) e Rune Herregodts (UAE Emirates).\u00a0\u00a0\n            <\/p>\n<p><strong>I campioni del passato si sono sfidati in una kermesse di 35 chilometri a circuito.<\/strong> Fra loro anche le leggende locali <strong>Johan Museeuw, Peter Van Petegem e Dirk De Wolf.<\/strong> Evento di colore, s\u00ec, ma fino a un certo punto, come dimostra l\u2019andatura di tutto riguardo mantenuta dal gruppo. Pozzato, che oltre a una Sanremo e due tappe al Tour ha vinto una E3 Harelbeke, corsa molto famosa in Belgio, ha dovuto vedersela con <strong>un tiratissimo Alessandro Ballan,<\/strong> vincitore di un Fiandre e dell\u2019ultimo campionato del mondo professionisti toccato a un italiano, nel 2008. Nella volata a due il trevigiano \u00e8 riuscito a spuntarla agevolmente. Terzo Debusschere e quarto Musseuw.<\/p>\n<p>Nel contesto della stessa manifestazione <strong>Pozzato, sempre molto acclamato dai tifosi, ha partecipato anche al Rodenbach Special Olympics Race<\/strong>, una cronometro a coppie che affiancava un ex professionista a un atleta con disabilit\u00e0 cognitive.<\/p>\n<p>da Il Giornale di Vicenza<\/p>\n<p>Copyright &amp;copy TBW<\/p>\n","protected":false},"excerpt":{"rendered":"EVENTI | 27\/08\/2026 | 08:05 di Eros Maccioni Primo Ballan , secondo Pozzato. Non \u00e8 un ordine d\u2019arrivo&hellip;\n","protected":false},"author":3,"featured_media":651694,"comment_status":"","ping_status":"","sticky":false,"template":"","format":"standard","meta":{"footnotes":"","_share_on_mastodon":"0"},"categories":[1456],"tags":[49275,291,1824,1825,22062,1537,90,89,219108,245,244],"class_list":["post-651693","post","type-post","status-publish","format-standard","has-post-thumbnail","category-ciclismo","tag-alessandro-ballan","tag-belgio","tag-ciclismo","tag-cycling","tag-filippo-pozzato","tag-it","tag-italia","tag-italy","tag-leggende-del-ciclismo","tag-sport","tag-sports"],"share_on_mastodon":{"url":"https:\/\/pubeurope.com\/@it\/117166410425457156","error":""},"_links":{"self":[{"href":"https:\/\/www.europesays.com\/it\/wp-json\/wp\/v2\/posts\/651693","targetHints":{"allow":["GET"]}}],"collection":[{"href":"https:\/\/www.europesays.com\/it\/wp-json\/wp\/v2\/posts"}],"about":[{"href":"https:\/\/www.europesays.com\/it\/wp-json\/wp\/v2\/types\/post"}],"author":[{"embeddable":true,"href":"https:\/\/www.europesays.com\/it\/wp-json\/wp\/v2\/users\/3"}],"replies":[{"embeddable":true,"href":"https:\/\/www.europesays.com\/it\/wp-json\/wp\/v2\/comments?post=651693"}],"version-history":[{"count":0,"href":"https:\/\/www.europesays.com\/it\/wp-json\/wp\/v2\/posts\/651693\/revisions"}],"wp:featuredmedia":[{"embeddable":true,"href":"https:\/\/www.europesays.com\/it\/wp-json\/wp\/v2\/media\/651694"}],"wp:attachment":[{"href":"https:\/\/www.europesays.com\/it\/wp-json\/wp\/v2\/media?parent=651693"}],"wp:term":[{"taxonomy":"category","embeddable":true,"href":"https:\/\/www.europesays.com\/it\/wp-json\/wp\/v2\/categories?post=651693"},{"taxonomy":"post_tag","embeddable":true,"href":"https:\/\/www.europesays.com\/it\/wp-json\/wp\/v2\/tags?post=651693"}],"curies":[{"name":"wp","href":"https:\/\/api.w.org\/{rel}","templated":true}]}}