{"id":651731,"date":"2026-08-27T08:28:14","date_gmt":"2026-08-27T08:28:14","guid":{"rendered":"https:\/\/www.europesays.com\/it\/651731\/"},"modified":"2026-08-27T08:28:14","modified_gmt":"2026-08-27T08:28:14","slug":"inter-i-prestiti-chi-sono-e-dove-vanno-lesempio-di-pio-e-stankovic","status":"publish","type":"post","link":"https:\/\/www.europesays.com\/it\/651731\/","title":{"rendered":"Inter, i prestiti: chi sono e dove vanno, l&#8217;esempio di Pio e Stankovic"},"content":{"rendered":"<p class=\"paragraph\" spellcheck=\"true\">Trattasi delle creature di Cristian Chivu. Plasmate ad immagine e somiglianza del tecnico nerazzurro fin dalla Primavera. Oggi, in prima squadra, Pio Esposito \u00e8 protagonista ed Aleksandar Stankovic pedina preziosa. Domani&#8230; chiss\u00e0 quali saranno gli altri. Perch\u00e9 l&#8217;Inter pu\u00f2 contare su una sfilza di giovanissimi gi\u00e0 protagonisti in Serie C con l&#8217;Under 23, che nel corso dell&#8217;estate hanno fatto un passo avanti &#8211; tra A e soprattutto B &#8211; e verranno valutati per il futuro. Esattamente come accaduto con Pio e Aleks.\u00a0<\/p>\n","protected":false},"excerpt":{"rendered":"Trattasi delle creature di Cristian Chivu. Plasmate ad immagine e somiglianza del tecnico nerazzurro fin dalla Primavera. Oggi,&hellip;\n","protected":false},"author":3,"featured_media":651732,"comment_status":"","ping_status":"","sticky":false,"template":"","format":"standard","meta":{"footnotes":"","_share_on_mastodon":"0"},"categories":[1452],"tags":[7193,359452,721,1740,1537,90,89,1739,245,244],"class_list":["post-651731","post","type-post","status-publish","format-standard","has-post-thumbnail","category-calcio","tag-appiano","tag-appiano-porte","tag-calcio","tag-football","tag-it","tag-italia","tag-italy","tag-soccer","tag-sport","tag-sports"],"share_on_mastodon":{"url":"https:\/\/pubeurope.com\/@it\/117166532630824435","error":""},"_links":{"self":[{"href":"https:\/\/www.europesays.com\/it\/wp-json\/wp\/v2\/posts\/651731","targetHints":{"allow":["GET"]}}],"collection":[{"href":"https:\/\/www.europesays.com\/it\/wp-json\/wp\/v2\/posts"}],"about":[{"href":"https:\/\/www.europesays.com\/it\/wp-json\/wp\/v2\/types\/post"}],"author":[{"embeddable":true,"href":"https:\/\/www.europesays.com\/it\/wp-json\/wp\/v2\/users\/3"}],"replies":[{"embeddable":true,"href":"https:\/\/www.europesays.com\/it\/wp-json\/wp\/v2\/comments?post=651731"}],"version-history":[{"count":0,"href":"https:\/\/www.europesays.com\/it\/wp-json\/wp\/v2\/posts\/651731\/revisions"}],"wp:featuredmedia":[{"embeddable":true,"href":"https:\/\/www.europesays.com\/it\/wp-json\/wp\/v2\/media\/651732"}],"wp:attachment":[{"href":"https:\/\/www.europesays.com\/it\/wp-json\/wp\/v2\/media?parent=651731"}],"wp:term":[{"taxonomy":"category","embeddable":true,"href":"https:\/\/www.europesays.com\/it\/wp-json\/wp\/v2\/categories?post=651731"},{"taxonomy":"post_tag","embeddable":true,"href":"https:\/\/www.europesays.com\/it\/wp-json\/wp\/v2\/tags?post=651731"}],"curies":[{"name":"wp","href":"https:\/\/api.w.org\/{rel}","templated":true}]}}