{"id":651801,"date":"2026-08-27T09:31:10","date_gmt":"2026-08-27T09:31:10","guid":{"rendered":"https:\/\/www.europesays.com\/it\/651801\/"},"modified":"2026-08-27T09:31:10","modified_gmt":"2026-08-27T09:31:10","slug":"un-posto-al-sole-anticipazioni-27-28-agosto-greta-ha-una-notizia-per-roberto-anna-viene-delusa","status":"publish","type":"post","link":"https:\/\/www.europesays.com\/it\/651801\/","title":{"rendered":"Un Posto al Sole, anticipazioni 27-28 agosto: Greta ha una notizia per Roberto, Anna viene delusa"},"content":{"rendered":"<p>Nuovi problemi sentimentali a <strong>Palazzo Palladini<\/strong>. Nelle puntate di <strong><a href=\"https:\/\/www.ilmessaggero.it\/t\/un-posto-al-sole\" rel=\"nofollow noopener\" target=\"_blank\">Un Posto al Sole<\/a><\/strong> in onda <strong>gioved\u00ec 27 e venerd\u00ec 28 agosto<\/strong>, Greta torner\u00e0 a incontrare Roberto dopo il loro recente riavvicinamento per comunicargli <strong>un&#8217;importante novit\u00e0<\/strong>. Una situazione che aumenter\u00e0 ulteriormente l&#8217;inquietudine di Marina, gi\u00e0 preoccupata perch\u00e9 il suo accordo segreto con Stefano Mori non sta producendo i risultati sperati.<\/p>\n<p>Il giorno successivo sar\u00e0 invece <strong>Anna<\/strong> a vivere un momento difficile. Proprio mentre festeggia il suo compleanno e Alberto sembra sempre pi\u00f9 innamorato di lei, una persona molto cara alla donna finir\u00e0 per darle una <strong>cocente delusione<\/strong>. <strong>Un Posto al Sole<\/strong> va in onda dal luned\u00ec al venerd\u00ec in prima serata su <a href=\"https:\/\/www.ilmessaggero.it\/t\/rai-3\" rel=\"nofollow noopener\" target=\"_blank\">Rai 3<\/a> ed \u00e8 disponibile anche in streaming e on demand su RaiPlay.<\/p>\n","protected":false},"excerpt":{"rendered":"Nuovi problemi sentimentali a Palazzo Palladini. Nelle puntate di Un Posto al Sole in onda gioved\u00ec 27 e&hellip;\n","protected":false},"author":3,"featured_media":651802,"comment_status":"","ping_status":"","sticky":false,"template":"","format":"standard","meta":{"footnotes":"","_share_on_mastodon":"0"},"categories":[174],"tags":[294787,179238,89886,61104,203,204,1537,90,89,2848,2655,2657,2658,4664],"class_list":["post-651801","post","type-post","status-publish","format-standard","has-post-thumbnail","category-intrattenimento","tag-anticipazioni-domani","tag-anticipazioni-oggi","tag-anticipazioni-tv","tag-anticipazioni-un-posto-al-sole","tag-entertainment","tag-intrattenimento","tag-it","tag-italia","tag-italy","tag-rai","tag-rai-3","tag-un-posto-al-sole","tag-un-posto-al-sole-anticipazioni","tag-upas"],"share_on_mastodon":{"url":"https:\/\/pubeurope.com\/@it\/117166780527116834","error":""},"_links":{"self":[{"href":"https:\/\/www.europesays.com\/it\/wp-json\/wp\/v2\/posts\/651801","targetHints":{"allow":["GET"]}}],"collection":[{"href":"https:\/\/www.europesays.com\/it\/wp-json\/wp\/v2\/posts"}],"about":[{"href":"https:\/\/www.europesays.com\/it\/wp-json\/wp\/v2\/types\/post"}],"author":[{"embeddable":true,"href":"https:\/\/www.europesays.com\/it\/wp-json\/wp\/v2\/users\/3"}],"replies":[{"embeddable":true,"href":"https:\/\/www.europesays.com\/it\/wp-json\/wp\/v2\/comments?post=651801"}],"version-history":[{"count":0,"href":"https:\/\/www.europesays.com\/it\/wp-json\/wp\/v2\/posts\/651801\/revisions"}],"wp:featuredmedia":[{"embeddable":true,"href":"https:\/\/www.europesays.com\/it\/wp-json\/wp\/v2\/media\/651802"}],"wp:attachment":[{"href":"https:\/\/www.europesays.com\/it\/wp-json\/wp\/v2\/media?parent=651801"}],"wp:term":[{"taxonomy":"category","embeddable":true,"href":"https:\/\/www.europesays.com\/it\/wp-json\/wp\/v2\/categories?post=651801"},{"taxonomy":"post_tag","embeddable":true,"href":"https:\/\/www.europesays.com\/it\/wp-json\/wp\/v2\/tags?post=651801"}],"curies":[{"name":"wp","href":"https:\/\/api.w.org\/{rel}","templated":true}]}}