{"id":651854,"date":"2026-08-27T10:12:21","date_gmt":"2026-08-27T10:12:21","guid":{"rendered":"https:\/\/www.europesays.com\/it\/651854\/"},"modified":"2026-08-27T10:12:21","modified_gmt":"2026-08-27T10:12:21","slug":"ciclomercato-2027-la-lotto-intermarche-conferma-di-volere-primoz-roglic-siamo-interessati-ma-lo-sono-altre-squadre","status":"publish","type":"post","link":"https:\/\/www.europesays.com\/it\/651854\/","title":{"rendered":"CicloMercato 2027, la Lotto &#8211; Intermarch\u00e9 conferma di volere Primo\u017e Rogli\u010d: &#8220;Siamo interessati, ma lo sono altre squadre&#8221;"},"content":{"rendered":"<p>\t\t<img width=\"1200\" height=\"800\" src=\"https:\/\/www.europesays.com\/it\/wp-content\/uploads\/2026\/06\/1277090692.jpg\" class=\"attachment-full size-full wp-post-image\" alt=\"\" data-main-img=\"1\" decoding=\"async\" fetchpriority=\"high\"  \/><\/p>\n<p>\t\t\t\t\t\t\t \u00a9 Sirotti<\/p>\n<p>\t\t\t\t\t<a href=\"https:\/\/cyclingpro.net\/spaziociclismo\/altro\/scopri-lapp-ufficiale-di-spaziociclismo\/\" title=\"\" rel=\"nofollow noopener\" target=\"_blank\"><br \/>\n\t\t\t\t\t\t<img loading=\"lazy\" decoding=\"async\" src=\"https:\/\/www.europesays.com\/it\/wp-content\/uploads\/2025\/09\/1758060682_662_Banner-App-SpazioCiclismo.png\" alt=\"\" width=\"728\" height=\"91\"\/><br \/>\n\t\t\t\t\t<\/a><\/p>\n<p>Il futuro di <a href=\"https:\/\/cyclingpro.net\/spaziociclismo\/vuelta-2026\/vuelta-a-espana-2026-primoz-roglic-per-me-oggi-e-stata-una-vittoria-due-settimane-fa-non-riuscivo-neanche-a-pedalare\/\" target=\"_blank\" rel=\"noopener nofollow\"><strong>Primo\u017e Rogli\u010d<\/strong><\/a> non \u00e8 ancora chiaro e potrebbe essere uno degli argomenti di questa sessione di\u00a0<strong>ciclomercato<\/strong>. Lo sloveno \u00e8 in scadenza di contratto con la\u00a0<strong>Red Bull \u2013 BORA \u2013 hansgrohe<\/strong>, che ha lasciato intendere di non essere intenzionata a rinnovare l\u2019accordo per le prossime stagioni. Niente di sorprendente, a dire la verit\u00e0, dopo l\u2019arrivo di\u00a0<strong>Remco Evenepoel\u00a0<\/strong>come leader in un team che pu\u00f2 contare su certezze come\u00a0<strong>Florian Lipowitz <\/strong>e <strong>Jai Hindley <\/strong>(fresco di prolungamento fino al 2028) e \u00a0giovani promesse come <strong>Giulio Pellizzari<\/strong>, a cui l\u2019anno prossimo si aggiunger\u00e0\u00a0<strong>Lorenzo Mark Finn<\/strong>. Se in un primo momento il quattro volte vincitore della <strong>Vuelta a Espa\u00f1a<\/strong> sembrava intenzionato a ritirarsi al termine di questa stagione, con il passare delle settimane l\u2019ipotesi pare essere sempre meno concreta.<\/p>\n<p> <a href=\"https:\/\/cyclingpro.net\/spaziociclismo\/abbonati\/\" rel=\"nofollow noopener\" target=\"_blank\"><img decoding=\"async\" src=\"https:\/\/www.europesays.com\/it\/wp-content\/uploads\/2026\/07\/Banner-AdFree-SpazioCiclismo.png\"\/><\/a><\/p>\n<p>Cos\u00ec, diverse squadre hanno mostrato interesse su <a href=\"https:\/\/cyclingpro.net\/spaziociclismo\/vuelta-2026\/vuelta-a-espana-2026-primoz-roglic-ammette-di-non-essere-al-meglio-invece-di-prepararmi-ho-fatto-riabilitazione-che-lo-voglia-o-no-nelle-prime-tappe-avro-gia-alcune-risposte\/\" target=\"_blank\" rel=\"noopener nofollow\"><strong>Primo\u017e Rogli\u010d<\/strong><\/a>, nella speranza di assicurarsi le sue prestazioni. Nelle ultime settimane lo sloveno \u00e8 stato accostato al nome della\u00a0<strong>Lotto \u2013 Intermarch\u00e9<\/strong>, squadra World Tour che perder\u00e0 due dei suoi pezzi pregiati, vale a dire\u00a0<strong>Lennert Van Eetvelt\u00a0<\/strong>e\u00a0<strong>Arnaud De Lie<\/strong>. <a href=\"https:\/\/www.wielerflits.nl\/nieuws\/primoz-roglic-nog-steeds-target-voor-lotto-intermarche-zou-een-win-win-zijn\/\" target=\"_blank\" rel=\"noopener nofollow\">Ai microfoni di\u00a0Wielerflits<\/a>, il direttore sportivo Kurt Van de Wouwer non ha certo smentito: \u201c\u00c8 qualcosa di cui dobbiamo parlare.\u00a0<strong>Siamo interessati a Primoz<\/strong>, ma anche altre squadre lo sono. Da noi sarebbe pi\u00f9 che il benvenuto\u201d.<\/p>\n<p>Riguardo il suo possibile apporto in squadra, non ci sono dubbi: \u201cOvviamente \u00e8 un corridore esperto, ma questo gli pu\u00f2 permettere di avere un doppio ruolo: <strong>da un lato, pu\u00f2 correre per i suoi risultati, per i quali avr\u00e0 sicuramente opportunit\u00e0 nel team, dall\u2019altro pu\u00f2 aiutare Jarno (Widar, ndr) nella crescita<\/strong>. Se potessero correre insieme, sarebbe una vittoria per tutti\u201d. La\u00a0<strong>Lotto \u2013 Intermarch\u00e9\u00a0<\/strong>si aggiunge quindi alla corsa per <strong>Primo\u017e Rogli\u010d<\/strong>, su cui bisogna registrare anche l\u2019interesse di\u00a0<strong>Bahrain Victorious\u00a0<\/strong>e\u00a0<strong>Pinarello Q36.5 Pro Cycling<\/strong>. E chiss\u00e0 che questa <strong>Vuelta a Espa\u00f1a 2026\u00a0<\/strong>non porti gi\u00e0 qualche novit\u00e0 sull\u2019argomento.<\/p>\n<p>Seguici<\/p>\n<p>\t\t\t\t\t\t\t\t\t\t<a href=\"https:\/\/news.google.com\/publications\/CAAqKQgKIiNDQklTRkFnTWFoQUtEbU41WTJ4cGJtZHdjbTh1Ym1WMEtBQVAB?hl=it&amp;gl=IT&amp;ceid=IT%3Ait\" title=\"Google News\" target=\"_blank\" rel=\"nofollow noopener\" class=\"post-followus-btn google-new-btn\"><br \/>\n\t\t\t\t\t\t<img decoding=\"async\" src=\"https:\/\/cyclingpro.net\/spaziociclismo\/wp-content\/themes\/jannah\/assets\/images\/google-news.svg\" alt=\"Google News\" loading=\"lazy\" width=\"120\" height=\"22\"\/><br \/>\n\t\t\t\t\t<\/a><br \/>\n\t\t\t\t\t\t\t\t\t\t<a href=\"https:\/\/flipboard.com\/@SpazioCiclismo\" title=\"Flipboard\" target=\"_blank\" rel=\"nofollow noopener\" class=\"post-followus-btn flipboard-btn\"><br \/>\n\t\t\t\t\t\t<img decoding=\"async\" src=\"https:\/\/cyclingpro.net\/spaziociclismo\/wp-content\/themes\/jannah\/assets\/images\/flipboard.svg\" alt=\"Flipboard\" loading=\"lazy\" width=\"152\" height=\"30\"\/><br \/>\n\t\t\t\t\t<\/a><\/p>\n","protected":false},"excerpt":{"rendered":"\u00a9 Sirotti Il futuro di Primo\u017e Rogli\u010d non \u00e8 ancora chiaro e potrebbe essere uno degli argomenti di&hellip;\n","protected":false},"author":3,"featured_media":557613,"comment_status":"","ping_status":"","sticky":false,"template":"","format":"standard","meta":{"footnotes":"","_share_on_mastodon":"0"},"categories":[1456],"tags":[1824,139641,1825,1537,90,89,131324,1879,245,244],"class_list":["post-651854","post","type-post","status-publish","format-standard","has-post-thumbnail","category-ciclismo","tag-ciclismo","tag-ciclomercato-2027","tag-cycling","tag-it","tag-italia","tag-italy","tag-lotto-intermarche-2026","tag-primoz-roglic","tag-sport","tag-sports"],"share_on_mastodon":{"url":"https:\/\/pubeurope.com\/@it\/117166942983811625","error":""},"_links":{"self":[{"href":"https:\/\/www.europesays.com\/it\/wp-json\/wp\/v2\/posts\/651854","targetHints":{"allow":["GET"]}}],"collection":[{"href":"https:\/\/www.europesays.com\/it\/wp-json\/wp\/v2\/posts"}],"about":[{"href":"https:\/\/www.europesays.com\/it\/wp-json\/wp\/v2\/types\/post"}],"author":[{"embeddable":true,"href":"https:\/\/www.europesays.com\/it\/wp-json\/wp\/v2\/users\/3"}],"replies":[{"embeddable":true,"href":"https:\/\/www.europesays.com\/it\/wp-json\/wp\/v2\/comments?post=651854"}],"version-history":[{"count":0,"href":"https:\/\/www.europesays.com\/it\/wp-json\/wp\/v2\/posts\/651854\/revisions"}],"wp:featuredmedia":[{"embeddable":true,"href":"https:\/\/www.europesays.com\/it\/wp-json\/wp\/v2\/media\/557613"}],"wp:attachment":[{"href":"https:\/\/www.europesays.com\/it\/wp-json\/wp\/v2\/media?parent=651854"}],"wp:term":[{"taxonomy":"category","embeddable":true,"href":"https:\/\/www.europesays.com\/it\/wp-json\/wp\/v2\/categories?post=651854"},{"taxonomy":"post_tag","embeddable":true,"href":"https:\/\/www.europesays.com\/it\/wp-json\/wp\/v2\/tags?post=651854"}],"curies":[{"name":"wp","href":"https:\/\/api.w.org\/{rel}","templated":true}]}}