{"id":651870,"date":"2026-08-27T10:24:17","date_gmt":"2026-08-27T10:24:17","guid":{"rendered":"https:\/\/www.europesays.com\/it\/651870\/"},"modified":"2026-08-27T10:24:17","modified_gmt":"2026-08-27T10:24:17","slug":"lito-sousa-il-pilota-e-youtuber-ha-una-malattia-incurabile-non-ho-paura-di-morire-ma-vorrei-piu-tempo-per-mio-figlio","status":"publish","type":"post","link":"https:\/\/www.europesays.com\/it\/651870\/","title":{"rendered":"Lito Sousa, il pilota e youtuber ha una malattia incurabile: \u00abNon ho paura di morire, ma vorrei pi\u00f9 tempo per mio figlio\u00bb"},"content":{"rendered":"<p>&#13;<br \/>\n                               &#13;<br \/>\n                                                &#13;<br \/>\n                &#13;<\/p>\n<p><strong>Lito Sousa<\/strong>, 59 anni, \u00e8 uno dei pi\u00f9 popolari divulgatori brasiliani di aviazione. Il suo canale YouTube <strong>Avi\u00f5es e M\u00fasicas<\/strong>, aperto nel 2010, conta oltre 3,7 milioni di iscritti. Ex meccanico della Varig e della United Airlines, nel 2021 ha ottenuto la licenza di pilota a 53 anni, raccontando online il percorso per conseguirla. <\/p>\n<p>&#13;<br \/>\n&#13;<\/p>\n<p>Ora la sua storia ha assunto un&#8217;altra dimensione: Sousa \u00e8 affetto dalla <strong>malattia di Creutzfeldt-Jakob<\/strong> (CJD), una rara patologia neurodegenerativa a rapida progressione per la quale non esiste una cura. In un video registrato subito dopo aver ricevuto la diagnosi e diffuso mercoled\u00ec 26 agosto, l&#8217;influencer ha detto di non avere paura di morire, ma di temere soprattutto per il figlio di 7 anni. \u00abVorrei avere molto pi\u00f9 tempo con lui\u00bb ha detto commosso. <\/p>\n<p>&#13;<br \/>\n&#13;<br \/>\n&#13;<br \/>\n&#13;<\/p>\n<p>La famiglia \u00e8 impegnata in una corsa contro il tempo per ottenere l&#8217;accesso a terapie sperimentali. Il ministero della Salute brasiliano ha contattato ricercatori negli Stati Uniti, mentre la moglie, Mila Seidl, sta cercando di ottenere il cosiddetto uso compassionevole di farmaci ancora in sperimentazione. Tra le opzioni figurano l&#8217;ION717 di Ionis Pharmaceuticals e una terapia sviluppata dal Broad Institute, nato dalla collaborazione tra Harvard e il Massachusetts Institute of Technology (Mit). Al momento, per\u00f2, gli studi non accettano nuovi partecipanti.\u00a0<\/p>\n<p>                                &#13;<br \/>\n                &#13;<br \/>\n&#13;<br \/>\n                Ultimo aggiornamento: gioved\u00ec 27 agosto 2026, 08:00&#13;<br \/>\n                <br \/>&#13;<br \/>\n                &#13;<br \/>\n                  &#13;<br \/>\n                    &#13;<br \/>\n                        \u00a9 RIPRODUZIONE RISERVATA&#13;<\/p>\n<p>&#13;<\/p>\n<p>                    &#13;<\/p>\n","protected":false},"excerpt":{"rendered":"&#13; &#13; &#13; &#13; Lito Sousa, 59 anni, \u00e8 uno dei pi\u00f9 popolari divulgatori brasiliani di aviazione. Il&hellip;\n","protected":false},"author":3,"featured_media":651871,"comment_status":"","ping_status":"","sticky":false,"template":"","format":"standard","meta":{"footnotes":"","_share_on_mastodon":"0"},"categories":[175],"tags":[239,2734,1537,90,89,3333,240],"class_list":["post-651870","post","type-post","status-publish","format-standard","has-post-thumbnail","category-salute","tag-health","tag-influencer","tag-it","tag-italia","tag-italy","tag-pilota","tag-salute"],"share_on_mastodon":{"url":"https:\/\/pubeurope.com\/@it\/117166989077267189","error":""},"_links":{"self":[{"href":"https:\/\/www.europesays.com\/it\/wp-json\/wp\/v2\/posts\/651870","targetHints":{"allow":["GET"]}}],"collection":[{"href":"https:\/\/www.europesays.com\/it\/wp-json\/wp\/v2\/posts"}],"about":[{"href":"https:\/\/www.europesays.com\/it\/wp-json\/wp\/v2\/types\/post"}],"author":[{"embeddable":true,"href":"https:\/\/www.europesays.com\/it\/wp-json\/wp\/v2\/users\/3"}],"replies":[{"embeddable":true,"href":"https:\/\/www.europesays.com\/it\/wp-json\/wp\/v2\/comments?post=651870"}],"version-history":[{"count":0,"href":"https:\/\/www.europesays.com\/it\/wp-json\/wp\/v2\/posts\/651870\/revisions"}],"wp:featuredmedia":[{"embeddable":true,"href":"https:\/\/www.europesays.com\/it\/wp-json\/wp\/v2\/media\/651871"}],"wp:attachment":[{"href":"https:\/\/www.europesays.com\/it\/wp-json\/wp\/v2\/media?parent=651870"}],"wp:term":[{"taxonomy":"category","embeddable":true,"href":"https:\/\/www.europesays.com\/it\/wp-json\/wp\/v2\/categories?post=651870"},{"taxonomy":"post_tag","embeddable":true,"href":"https:\/\/www.europesays.com\/it\/wp-json\/wp\/v2\/tags?post=651870"}],"curies":[{"name":"wp","href":"https:\/\/api.w.org\/{rel}","templated":true}]}}