{"id":651892,"date":"2026-08-27T10:44:14","date_gmt":"2026-08-27T10:44:14","guid":{"rendered":"https:\/\/www.europesays.com\/it\/651892\/"},"modified":"2026-08-27T10:44:14","modified_gmt":"2026-08-27T10:44:14","slug":"natalie-portman-di-nuovo-mamma-la-gioia-per-la-nascita-del-terzo-figlio-da-tanguy-destable","status":"publish","type":"post","link":"https:\/\/www.europesays.com\/it\/651892\/","title":{"rendered":"Natalie Portman di nuovo mamma, la gioia per la nascita del terzo figlio da Tanguy Destable"},"content":{"rendered":"<p>La vita sa sorprenderci ogni giorno. Lo sa bene\u00a0<strong>Natalie Portman<\/strong>, che sta vivendo un momento di dolcezza che nemmeno lei si sarebbe aspettata: la splendida attrice \u00e8 diventata\u00a0<strong>mamma per la terza volta<\/strong>.<strong>\u00a0<\/strong>Marted\u00ec 25 agosto \u00e8 nato un delizioso\u00a0<strong>maschietto<\/strong>, frutto dell\u2019amore con il suo compagno, il produttore musicale francese\u00a0<strong>Tanguy Destable<\/strong>\u00a0(conosciuto nell\u2019ambiente artistico come Tepr). Per la star hollywoodiana si tratta del\u00a0<strong>terzo figlio<\/strong>, arrivato all\u2019et\u00e0 di 45 anni per portare una ventata di gioia pura in famiglia.\n<\/p>\n<p>Natalie Portman e Tanguy Destable: un amore sbocciato\u00a0a Parigi dopo il divorzio<\/p>\n<p>Guardando alla storia recente dell\u2019attrice, questa nascita\u00a0somiglia a\u00a0una vera e propria rinascita sentimentale. Per oltre un decennio, la vita coniugale di\u00a0<a href=\"https:\/\/dilei.it\/star-e-vip\/natalie-portman\/\" rel=\"nofollow noopener\" target=\"_blank\"><strong>Natalie Portman<\/strong><\/a>\u00a0\u00e8 stata legata al ballerino e coreografo\u00a0<strong>Benjamin Millepied<\/strong>, conosciuto nel 2010 sul set del film cult\u00a0Il cigno nero. Un\u2019unione profonda, coronata dal matrimonio nel 2012 e dalla nascita di due splendidi bimbi, Aleph e Amalia. Purtroppo, dopo indiscrezioni su presunti tradimenti e mesi difficili, nel 2024 si \u00e8 arrivati al doloroso\u00a0<strong>divorzio da Benjamin Millepied\u00a0<\/strong>che per\u00f2 ha affrontato con coraggio per il bene dei suoi figli che rimangono al centro di ogni cosa.<\/p>\n<p>Ma la Capitale francese, dove l\u2019attrice ha scelto di continuare a vivere, le ha riservato una bellissima sorpresa. \u00c8 proprio tra le vie di Parigi che l\u2019artista ha incrociato lo sguardo di\u00a0<strong>Tanguy Destable<\/strong>. Anche il musicista aveva alle spalle una storia importante con l\u2019attrice Louise Bourgoin, da cui ha avuto due figli. Tra i due \u00e8 scattata una scintilla, che ha rapidamente trasformato la loro complicit\u00e0 in una famiglia allargata pronta ad accogliere una nuova vita. Una gravidanza che lei stessa aveva accolto con stupore, vista l\u2019et\u00e0 matura per concepire, ma che ha trasformato nell\u2019evento pi\u00f9 dolce degli ultimi anni.<\/p>\n<p>Una gravidanza speciale e l\u2019esperienza del parto in Francia<\/p>\n<p><a href=\"https:\/\/dilei.it\/vip\/natalie-portman-incinta-terzo-figlio\/2275830\/\" rel=\"nofollow noopener\" target=\"_blank\">A rivelare la dolce attesa era stata la stessa\u00a0<strong>Natalie Portman<\/strong><\/a>, condividendo sui social uno scatto meraviglioso con il pancione in vista e parole piene d\u2019emozione dedicate al piccolo in arrivo. Questa\u00a0<strong>terza gravidanza<\/strong>\u00a0ha avuto un valore del tutto unico per l\u2019attrice. Come ha raccontato lei stessa con grande intimit\u00e0, vivere la maternit\u00e0 a quarant\u2019anni trascorsi dona una consapevolezza diversa perch\u00e9 la sensazione pi\u00f9 profonda \u00e8 che si tratti di un \u201cmiracolo\u201d e di un privilegio raro da assaporare giorno dopo giorno.<\/p>\n<p>A rendere speciale questo percorso \u00e8 stato anche il luogo in cui \u00e8 avvenuto il lieto evento. A differenza dei primi due parti avvenuti negli Stati Uniti, l\u2019attrice ha scelto di\u00a0<strong>partorire in Francia<\/strong>. Questo le ha permesso di confrontare da vicino due mondi diversi, lodando l\u2019approccio del\u00a0<strong>sistema sanitario francese<\/strong>. L\u2019attrice ha sottolineato come la sanit\u00e0 pubblica d\u2019oltralpe metta al centro la cura e il benessere della persona senza logiche di profitto,\u00a0pi\u00f9\u00a0del modello americano.<\/p>\n<p>\u00a0Oggi, per\u00a0<strong>Natalie Portman e Tanguy Destable<\/strong>\u00a0\u00e8 il momento di godersi ogni singolo secondo di questa nuova avventura, tra coccole, pappe e la felicit\u00e0 incontenibile per il piccolo appena arrivato. Un augurio di cuore a questa bellissima mamma.<\/p>\n<p>\t\t\t\tScopri i personaggi in trend, le storie del momento e molto altro.<br \/>Dove? Sul <a href=\"https:\/\/whatsapp.com\/channel\/0029Vb68mVyHVvTWezDm7d0R\" target=\"_blank\" rel=\"noopener nofollow\">canale WhatsApp di DiLei!<\/a><\/p>\n<p>\t\t\t<a class=\"buttonCall\" href=\"https:\/\/whatsapp.com\/channel\/0029Vb68mVyHVvTWezDm7d0R\" target=\"_blank\" rel=\"noopener nofollow\" title=\"Seguici su WhatsApp\"><br \/>\n\t\t\t\tSeguici su WhatsApp<br \/>\n\t\t\t<\/a><\/p>\n","protected":false},"excerpt":{"rendered":"La vita sa sorprenderci ogni giorno. Lo sa bene\u00a0Natalie Portman, che sta vivendo un momento di dolcezza che&hellip;\n","protected":false},"author":3,"featured_media":651893,"comment_status":"","ping_status":"","sticky":false,"template":"","format":"standard","meta":{"footnotes":"","_share_on_mastodon":"0"},"categories":[1451],"tags":[1621,1620,3099,203,5208,204,1537,90,89,73079,86],"class_list":["post-651892","post","type-post","status-publish","format-standard","has-post-thumbnail","category-celebrita","tag-celebrita","tag-celebrities","tag-divorzio","tag-entertainment","tag-felicita","tag-intrattenimento","tag-it","tag-italia","tag-italy","tag-natalie-portman","tag-vip"],"share_on_mastodon":{"url":"https:\/\/pubeurope.com\/@it\/117167067475645243","error":""},"_links":{"self":[{"href":"https:\/\/www.europesays.com\/it\/wp-json\/wp\/v2\/posts\/651892","targetHints":{"allow":["GET"]}}],"collection":[{"href":"https:\/\/www.europesays.com\/it\/wp-json\/wp\/v2\/posts"}],"about":[{"href":"https:\/\/www.europesays.com\/it\/wp-json\/wp\/v2\/types\/post"}],"author":[{"embeddable":true,"href":"https:\/\/www.europesays.com\/it\/wp-json\/wp\/v2\/users\/3"}],"replies":[{"embeddable":true,"href":"https:\/\/www.europesays.com\/it\/wp-json\/wp\/v2\/comments?post=651892"}],"version-history":[{"count":0,"href":"https:\/\/www.europesays.com\/it\/wp-json\/wp\/v2\/posts\/651892\/revisions"}],"wp:featuredmedia":[{"embeddable":true,"href":"https:\/\/www.europesays.com\/it\/wp-json\/wp\/v2\/media\/651893"}],"wp:attachment":[{"href":"https:\/\/www.europesays.com\/it\/wp-json\/wp\/v2\/media?parent=651892"}],"wp:term":[{"taxonomy":"category","embeddable":true,"href":"https:\/\/www.europesays.com\/it\/wp-json\/wp\/v2\/categories?post=651892"},{"taxonomy":"post_tag","embeddable":true,"href":"https:\/\/www.europesays.com\/it\/wp-json\/wp\/v2\/tags?post=651892"}],"curies":[{"name":"wp","href":"https:\/\/api.w.org\/{rel}","templated":true}]}}