{"id":651923,"date":"2026-08-27T11:10:15","date_gmt":"2026-08-27T11:10:15","guid":{"rendered":"https:\/\/www.europesays.com\/it\/651923\/"},"modified":"2026-08-27T11:10:15","modified_gmt":"2026-08-27T11:10:15","slug":"calciomercato-2026-ultime-news-di-oggi-in-diretta-live-58","status":"publish","type":"post","link":"https:\/\/www.europesays.com\/it\/651923\/","title":{"rendered":"Calciomercato 2026, ultime news di oggi in diretta live"},"content":{"rendered":"<p>\\n  <\/p>\n<li><a href=\"\\&quot;https:\/\/sport.sky.it\/calciomercato\/2026\/08\/26\/leao-galatasaray-calciomercato-milan-news\\&quot;\" data-intcmp=\"\\&quot;skysport_liveblog_interlink_text\\&quot;\">Milan, Leao tra Galatasaray e Aston Villa: a Rafa la decisione<\/a><\/li>\n<p>\\n  <\/p>\n<li><a href=\"\\&quot;https:\/\/sport.sky.it\/calciomercato\/2026\/08\/26\/kessie-juventus-david-calciomercato-news\\&quot;\" data-intcmp=\"\\&quot;skysport_liveblog_interlink_text\\&quot;\">Juventus, la cessione di David pu\u00f2 sbloccare Kessie<\/a><\/li>\n<p>\\n  <\/p>\n<li><a href=\"\\&quot;https:\/\/sport.sky.it\/calciomercato\/2026\/08\/26\/kean-fiorentina-como-calciomercato-news\\&quot;\" data-intcmp=\"\\&quot;skysport_liveblog_interlink_text\\&quot;\">Kean spinge per il Como<\/a><\/li>\n<p>\\n  <\/p>\n<li><a href=\"\\&quot;https:\/\/sport.sky.it\/calciomercato\/2026\/08\/27\/como-ricci-calciomercato-news\\&quot;\" target=\"\\&quot;_blank\\&quot;\" data-intcmp=\"\\&quot;skysport_liveblog_interlink_text\\&quot;\">E intanto la squadra di Fabregas \u00e8 in chiusura per Ricci<\/a><\/li>\n<p>\\n  <\/p>\n<li><a href=\"\\&quot;https:\/\/sport.sky.it\/calciomercato\/2026\/08\/27\/napoli-guiu-calciomercato-news\\&quot;\" data-intcmp=\"\\&quot;skysport_liveblog_interlink_text\\&quot;\">Napoli, per l&#8217;attacco si avanza per Guiu del Chelsea<\/a><\/li>\n<p>\\n  <\/p>\n<li><a href=\"\\&quot;https:\/\/sport.sky.it\/calciomercato\/2026\/08\/26\/atalanta-ahanor-chelsea-calciomercato-news\\&quot;\" data-intcmp=\"\\&quot;skysport_liveblog_interlink_text\\&quot;\">Atalanta, Ahanor verso il Chelsea: contatti per trovare l&#8217;intesa<\/a><\/li>\n<p>\\n  <\/p>\n<li><a href=\"\\&quot;https:\/\/sport.sky.it\/calciomercato\/2026\/08\/26\/roma-morato-calciomercato-news\\&quot;\" data-intcmp=\"\\&quot;skysport_liveblog_interlink_text\\&quot;\">Roma, idea Morato se parte Ziolkowski<\/a><\/li>\n<p>\\n  <\/p>\n<li><a href=\"\\&quot;https:\/\/sport.sky.it\/calciomercato\/2026\/08\/27\/parma-fabbian-calciomercato-news\\&quot;\" data-intcmp=\"\\&quot;skysport_liveblog_interlink_text\\&quot;\">Parma-Fabbian, si pu\u00f2 chiudere<\/a><\/li>\n<p>\\n  <\/p>\n<li><a href=\"\\&quot;https:\/\/sport.sky.it\/calciomercato\/2026\/08\/26\/fiorentina-dodo-nottingham-forest-calciomercato-news\\&quot;\" data-intcmp=\"\\&quot;skysport_liveblog_interlink_text\\&quot;\">Fiorentina, il Nottingham offre 7 milioni per Dodo<\/a><\/li>\n<p>\\n  <\/p>\n<li><a href=\"\\&quot;https:\/\/sport.sky.it\/calciomercato\/calciomercato-serie-a-estate-2026-acquisti-ufficiali\\&quot;\" data-intcmp=\"\\&quot;skysport_liveblog_interlink_text\\&quot;\">Lazio, ufficiale Pinamonti<\/a><\/li>\n<p>\\n  <\/p>\n<li><a href=\"\\&quot;https:\/\/sport.sky.it\/calciomercato\/calciomercato-serie-a-estate-2026-acquisti-ufficiali\\&quot;\" data-intcmp=\"\\&quot;skysport_liveblog_interlink_text\\&quot;\">Serie A, gli acquisti ufficiali<\/a><\/li>\n<p>\\n  <\/p>\n<li><a href=\"\\&quot;https:\/\/sport.sky.it\/calciomercato\/tabellone\\&quot;\" data-intcmp=\"\\&quot;skysport_liveblog_interlink_text\\&quot;\">Tabellone mercato Serie A<\/a><\/li>\n<p>\\n  <\/p>\n<li><a href=\"\\&quot;https:\/\/sport.sky.it\/calciomercato\/calciomercato-serie-b-estate-2026-acquisti-ufficiali\\&quot;\" data-intcmp=\"\\&quot;skysport_liveblog_interlink_text\\&quot;\">Serie B: la gallery con tutti gli affari dell&#8217;estate<\/a><\/li>\n<p>\\n  <\/p>\n<li><a href=\"\\&quot;https:\/\/sport.sky.it\/calciomercato\/calciomercato-serie-b-estate-2026-acquisti-ufficiali#00\\&quot;\" data-intcmp=\"\\&quot;skysport_liveblog_interlink_text\\&quot;\">Le trattative concluse in Serie B<\/a><\/li>\n<p>\\n  <\/p>\n<li><a href=\"\\&quot;https:\/\/sport.sky.it\/calciomercato\/calciomercato-2026-acquisti-ufficiali-estero-estate\\&quot;\" data-intcmp=\"\\&quot;skysport_liveblog_interlink_text\\&quot;\">Tutti i colpi di mercato all&#8217;estero<\/a><\/li>\n<p>\\n&#8221;,&#8221;postId&#8221;:&#8221;41737aae-b6bc-4cde-81ee-1258bb67afd2&#8243;,&#8221;postLink&#8221;:{&#8220;title&#8221;:&#8221;&#8221;,&#8221;url&#8221;:&#8221;&#8221;,&#8221;imageSrc&#8221;:&#8221;&#8221;}}],&#8221;posts&#8221;:[{&#8220;timestamp&#8221;:&#8221;2026-08-27T10:55:00.499Z&#8221;,&#8221;timestampUtcIt&#8221;:&#8221;2026-08-27T12:55:00+0200&#8243;,&#8221;altBackground&#8221;:false,&#8221;title&#8221;:&#8221;Torino, \u00e8 fatta per la cessione di Pedersen all&#8217;Olympiacos&#8221;,&#8221;content&#8221;:&#8221;<\/p>\n<p><strong>Pedersen <\/strong>si prepara a salutare il Torino e la Serie A:<strong> \u00e8 fatta per la cessione del classe 2000 all&#8217;Olympiacos<\/strong>. Operazione da 8 milioni di euro pi\u00f9 una percentuale sulla futura rivendita, come avevamo anticipato nella giornata di ieri.<\/p>\n<p>&#8220;,&#8221;postId&#8221;:&#8221;221d55a4-a25a-4a08-8168-72ba616d8294&#8243;,&#8221;postLink&#8221;:{&#8220;title&#8221;:&#8221;&#8221;,&#8221;url&#8221;:&#8221;&#8221;,&#8221;imageSrc&#8221;:&#8221;&#8221;}},{&#8220;timestamp&#8221;:&#8221;2026-08-27T10:36:27.752Z&#8221;,&#8221;timestampUtcIt&#8221;:&#8221;2026-08-27T12:36:27+0200&#8243;,&#8221;video&#8221;:{&#8220;videoId&#8221;:&#8221;1120116&#8243;,&#8221;videoPageUrl&#8221;:&#8221;https:\/\/video.sky.it\/sport\/calciomercato\/serie-a\/video\/kessie-juventus-calciomercato-video-1120116&#8243;},&#8221;altBackground&#8221;:true,&#8221;title&#8221;:&#8221;Juventus, continua la trattativa per Kessi\u00e8.&#8221;,&#8221;content&#8221;:&#8221;<\/p>\n<p>Si continua a lavorare per <strong>Franck Kessi\u00e9<\/strong> ma la Juventus deve confezionare delle uscite<\/p>\n<p>&#8220;,&#8221;postId&#8221;:&#8221;972e2a70-a79b-4f55-9921-d8b69cc52957&#8243;,&#8221;postLink&#8221;:{&#8220;title&#8221;:&#8221;&#8221;,&#8221;url&#8221;:&#8221;&#8221;,&#8221;imageSrc&#8221;:&#8221;&#8221;}},{&#8220;timestamp&#8221;:&#8221;2026-08-27T10:02:28.565Z&#8221;,&#8221;timestampUtcIt&#8221;:&#8221;2026-08-27T12:02:28+0200&#8243;,&#8221;video&#8221;:{&#8220;videoId&#8221;:&#8221;1120106&#8243;,&#8221;videoPageUrl&#8221;:&#8221;https:\/\/video.sky.it\/sport\/calciomercato\/serie-a\/video\/miretti-besiktas-partenza-video-1120106&#8243;},&#8221;altBackground&#8221;:true,&#8221;title&#8221;:&#8221;Juventus, Miretti in partenza per la Turchia&#8221;,&#8221;content&#8221;:&#8221;<\/p>\n<p>Tutto fatto per il trasferimento di Miretti al Besiktas. Come annunciato il giocatore \u00e8 partito questa mattina per la Turchia per sostenere le visite mediche con il club turco.\u00a0<\/p>\n<p>&#8220;,&#8221;postId&#8221;:&#8221;106c7c4d-b4da-4059-b7fe-6951c7e8e902&#8243;,&#8221;postLink&#8221;:{&#8220;title&#8221;:&#8221;&#8221;,&#8221;url&#8221;:&#8221;&#8221;,&#8221;imageSrc&#8221;:&#8221;&#8221;}},{&#8220;timestamp&#8221;:&#8221;2026-08-27T09:45:00.719Z&#8221;,&#8221;timestampUtcIt&#8221;:&#8221;2026-08-27T11:45:00+0200&#8243;,&#8221;altBackground&#8221;:false,&#8221;title&#8221;:&#8221;Bouaddi al City: le cessioni pi\u00f9 care della storia del Lille&#8221;,&#8221;content&#8221;:&#8221;<\/p>\n<p>Non solo <strong>Bouaddi<\/strong>, che balza al primo posto, ecco le <strong>cessioni pi\u00f9 care<\/strong> della storia del <strong>Lille<\/strong><\/p>\n<p>&#8220;,&#8221;postId&#8221;:&#8221;2fa7a440-c13b-454a-a7ce-8a794ea43f76&#8243;,&#8221;postLink&#8221;:{&#8220;title&#8221;:&#8221;Le cessioni record del Lille: Bouaddi al 1\u00b0 posto. CLASSIFICA&#8221;,&#8221;url&#8221;:&#8221;https:\/\/sport.sky.it\/calciomercato\/calciomercato-lille-cessioni-piu-care&#8221;,&#8221;imageSrc&#8221;:&#8221;https:\/\/sport.sky.it\/assets\/images\/12c7ccad60f7ed1fcb593a583d268c94fc9cb192\/skysport\/it\/calcio\/calciomercato\/calciomercato-2026-acquisti-ufficiali-estero-estate\/sito_man_city_bouaddi_1.jpg?im=Resize,width=1218&#8243;}},{&#8220;timestamp&#8221;:&#8221;2026-08-27T09:27:56.063Z&#8221;,&#8221;timestampUtcIt&#8221;:&#8221;2026-08-27T11:27:56+0200&#8243;,&#8221;altBackground&#8221;:false,&#8221;title&#8221;:&#8221;Genoa in pressing per Cancellieri: si vuole chiudere a breve&#8221;,&#8221;content&#8221;:&#8221;<\/p>\n<p>Il <strong>Genoa <\/strong>spinge per regalare a Daniele de Rossi un rinforzo in attacco: l&#8217;obiettivo \u00e8 <strong>Matteo Cancellieri,<\/strong> esterno della <strong>Lazio <\/strong>in scadenza nel 2027. Anche la Fiorentina \u00e8 sul giocatore, ma non ha mai affondato realmente il colpo. I rossobl\u00f9 attendono <strong>l&#8217;ok definitivo del giocatore.<\/strong><\/p>\n<p>&#8220;,&#8221;postId&#8221;:&#8221;edab0e17-11ce-451d-815a-0b649cf53c1e&#8221;,&#8221;postLink&#8221;:{&#8220;title&#8221;:&#8221;&#8221;,&#8221;url&#8221;:&#8221;&#8221;,&#8221;imageSrc&#8221;:&#8221;&#8221;}},{&#8220;timestamp&#8221;:&#8221;2026-08-27T09:20:00.063Z&#8221;,&#8221;timestampUtcIt&#8221;:&#8221;2026-08-27T11:20:00+0200&#8243;,&#8221;altBackground&#8221;:false,&#8221;title&#8221;:&#8221;Palermo, ufficiale Perin dalla Juventus&#8221;,&#8221;content&#8221;:&#8221;<\/p>\n<p><strong>Mattia Perin <\/strong>\u00e8 un nuovo giocatore del <strong>Palermo<\/strong>. Il portiere ex <strong>Juventus <\/strong>ha firmato un contratto pluriennale. Lascia i bianconeri dopo 8 anni<\/p>\n<p>&#8220;,&#8221;postId&#8221;:&#8221;5aa2300e-a947-4c3b-a1d7-8460e5910c15&#8243;,&#8221;postLink&#8221;:{&#8220;title&#8221;:&#8221;&#8221;,&#8221;url&#8221;:&#8221;&#8221;,&#8221;imageSrc&#8221;:&#8221;&#8221;}},{&#8220;timestamp&#8221;:&#8221;2026-08-27T09:10:00.775Z&#8221;,&#8221;timestampUtcIt&#8221;:&#8221;2026-08-27T11:10:00+0200&#8243;,&#8221;altBackground&#8221;:false,&#8221;title&#8221;:&#8221;Manchester City, ufficiale l&#8217;arrivo di Bouaddi&#8221;,&#8221;content&#8221;:&#8221;<\/p>\n<p>Il <strong>Manchester City <\/strong>ha annunciato il sostituto di Rodri: \u00e8 il <strong>18enne marocchino Ayyoub Bouaddi<\/strong>, che arriva dal Lille per <strong>95 milioni<\/strong> di euro e ha firmato un <strong>contratto fino al 2031<\/strong><\/p>\n<p>&#8220;,&#8221;postId&#8221;:&#8221;3828b47e-cf1a-40e0-b558-75d95c23f1fe&#8221;,&#8221;postLink&#8221;:{&#8220;title&#8221;:&#8221;&#8221;,&#8221;url&#8221;:&#8221;&#8221;,&#8221;imageSrc&#8221;:&#8221;&#8221;}},{&#8220;timestamp&#8221;:&#8221;2026-08-27T09:00:00.975Z&#8221;,&#8221;timestampUtcIt&#8221;:&#8221;2026-08-27T11:00:00+0200&#8243;,&#8221;altBackground&#8221;:false,&#8221;title&#8221;:&#8221;Serie B, Brunori ufficiale all&#8217;Ascoli&#8221;,&#8221;content&#8221;:&#8221;<\/p>\n<p>Dopo Palermo e Sampdoria, per <strong>Matteo Brunori <\/strong>\u00e8 pronta una nuova avventura in Serie B: \u00e8 un nuovo giocatore dell&#8217;<strong>Ascoli<\/strong>. Operazione in <strong>prestito con diritto di riscatto<\/strong><\/p>\n<p>&#8220;,&#8221;postId&#8221;:&#8221;ebd0fd6d-a65c-4c56-a32b-369466b84cb8&#8243;,&#8221;postLink&#8221;:{&#8220;title&#8221;:&#8221;Matteo Brunori \u00e8 un nuovo giocatore dell&#8217;Ascoli&#8221;,&#8221;url&#8221;:&#8221;https:\/\/sport.sky.it\/calciomercato\/calciomercato-serie-b-estate-2026-acquisti-ufficiali&#8221;,&#8221;imageSrc&#8221;:&#8221;https:\/\/sport.sky.it\/assets\/images\/ba91be4abae58672b2133b4d22b2ab2383014e51\/skysport\/it\/calcio\/calciomercato\/calciomercato-serie-b-estate-2026-acquisti-ufficiali\/brunori_Ascoli_1.jpg?im=Resize,width=1218&#8243;}},{&#8220;timestamp&#8221;:&#8221;2026-08-27T08:50:00.991Z&#8221;,&#8221;timestampUtcIt&#8221;:&#8221;2026-08-27T10:50:00+0200&#8243;,&#8221;altBackground&#8221;:false,&#8221;title&#8221;:&#8221;Fiorentina, il Nottingham su Dod\u00f4: offerti 7 milioni&#8221;,&#8221;content&#8221;:&#8221;<\/p>\n<p>Interesse dalla Premier League per <strong>Dod\u00f4<\/strong>: il <strong>Nottingham Forest <\/strong>ha fatto un&#8217;offerta alla <strong>Fiorentina <\/strong>da <strong>7 milioni di euro<\/strong>. Una proposta ritenuta troppo bassa dalla societ\u00e0 viola. Al momento le parti restano distanti: per proseguire nella trattativa servir\u00e0 un rilancio del Nottingham Forest, chiamato ad avvicinarsi alle richieste della Fiorentina<\/p>\n<p>&#8220;,&#8221;postId&#8221;:&#8221;553aed1b-c54b-48c2-89b3-83ae4f9b4668&#8243;,&#8221;postLink&#8221;:{&#8220;title&#8221;:&#8221;&#8221;,&#8221;url&#8221;:&#8221;&#8221;,&#8221;imageSrc&#8221;:&#8221;&#8221;}},{&#8220;timestamp&#8221;:&#8221;2026-08-27T08:40:00.342Z&#8221;,&#8221;timestampUtcIt&#8221;:&#8221;2026-08-27T10:40:00+0200&#8243;,&#8221;altBackground&#8221;:false,&#8221;title&#8221;:&#8221;Parma, si pu\u00f2 chiudere per Fabbian della Fiorentina&#8221;,&#8221;content&#8221;:&#8221;<\/p>\n<p><strong>Giovanni Fabbian <\/strong>pu\u00f2 diventare un nuovo giocatore del <strong>Parma<\/strong>. Il centrocampista piace a Carlos Cuesta e nelle prossime ore si pu\u00f2 chiudere il suo trasferimento dalla <strong>Fiorentina<\/strong><\/p>\n<p>&#8220;,&#8221;postId&#8221;:&#8221;d68c8d76-7ae1-4460-9914-dfc5f99c59a9&#8243;,&#8221;postLink&#8221;:{&#8220;title&#8221;:&#8221;&#8221;,&#8221;url&#8221;:&#8221;&#8221;,&#8221;imageSrc&#8221;:&#8221;&#8221;}},{&#8220;timestamp&#8221;:&#8221;2026-08-27T08:30:00.342Z&#8221;,&#8221;timestampUtcIt&#8221;:&#8221;2026-08-27T10:30:00+0200&#8243;,&#8221;altBackground&#8221;:false,&#8221;title&#8221;:&#8221;Atalanta, Ahanor verso il Chelsea: contatti per trovare l&#8217;intesa&#8221;,&#8221;content&#8221;:&#8221;<\/p>\n<p>L&#8217;asse tra <strong>Chelsea <\/strong>e <strong>Atalanta <\/strong>torna a scaldarsi dopo l&#8217;operazione che ha portato Marco Palestra a Londra. I Blues sono infatti vicini a <strong>Honest Ahanor<\/strong>, con la trattativa entrata nella fase decisiva.<strong> Contatti in corso<\/strong> tra i due club per trovare l&#8217;intesa finale: pronta un&#8217;offerta superiore ai <strong>40 milioni di euro<\/strong><\/p>\n<p>&#8220;,&#8221;postId&#8221;:&#8221;ed36dd2b-1fbc-4932-b0e8-0dd7f41d2db3&#8243;,&#8221;postLink&#8221;:{&#8220;title&#8221;:&#8221;&#8221;,&#8221;url&#8221;:&#8221;&#8221;,&#8221;imageSrc&#8221;:&#8221;&#8221;}},{&#8220;timestamp&#8221;:&#8221;2026-08-27T08:20:00.254Z&#8221;,&#8221;timestampUtcIt&#8221;:&#8221;2026-08-27T10:20:00+0200&#8243;,&#8221;altBackground&#8221;:false,&#8221;title&#8221;:&#8221;Intanto il Monza chiude per Ngonge&#8221;,&#8221;content&#8221;:&#8221;<\/p>\n<p>Il club brianzolo ha chiuso per\u00a0<strong>Cyril Ngonge<\/strong> dal Napoli in <strong>prestito con diritto di riscatto<\/strong>. Nella giornata di oggi atteso lo scambio dei documenti per poi programmare visite mediche e firma<\/p>\n<p>&#8220;,&#8221;postId&#8221;:&#8221;3330e78a-8c34-4e8e-bf09-40ec73e9bd72&#8243;,&#8221;postLink&#8221;:{&#8220;title&#8221;:&#8221;&#8221;,&#8221;url&#8221;:&#8221;&#8221;,&#8221;imageSrc&#8221;:&#8221;&#8221;}},{&#8220;timestamp&#8221;:&#8221;2026-08-27T08:12:07.267Z&#8221;,&#8221;timestampUtcIt&#8221;:&#8221;2026-08-27T10:12:07+0200&#8243;,&#8221;altBackground&#8221;:false,&#8221;title&#8221;:&#8221;Newcastle, ufficiale Nico Gonzalez&#8221;,&#8221;content&#8221;:&#8221;<\/p>\n<p>Il Newcastle ha ufficializzato l&#8217;acquisto di Nico Gonzalez dal Manchester City. Operazione da <strong>56 milioni di euro. <\/strong>Il centrocampista spagnolo, di 24 anni, indosser\u00e0 la <strong>maglia numero 6<\/strong><\/p>\n<p>\\n&#8221;,&#8221;postId&#8221;:&#8221;8daa9f34-0615-4165-b041-21ee6727ec17&#8243;,&#8221;postLink&#8221;:{&#8220;title&#8221;:&#8221;Newcastle, ufficiale Nico Gonzalez dal City: le cifre del trasferimento&#8221;,&#8221;url&#8221;:&#8221;https:\/\/sport.sky.it\/calciomercato\/calciomercato-2026-acquisti-ufficiali-estero-estate&#8221;,&#8221;imageSrc&#8221;:&#8221;https:\/\/sport.sky.it\/assets\/images\/adc9208c3206a231e07b871ce294ea5d324399b7\/skysport\/it\/calcio\/calciomercato\/calciomercato-2026-acquisti-ufficiali-estero-estate\/nico_gonzalez_newcastle.jpg?im=Resize,width=1218&#8243;}},{&#8220;timestamp&#8221;:&#8221;2026-08-27T08:10:00.335Z&#8221;,&#8221;timestampUtcIt&#8221;:&#8221;2026-08-27T10:10:00+0200&#8243;,&#8221;altBackground&#8221;:false,&#8221;title&#8221;:&#8221;Roma, idea Morato del Nottingham Forest se Ziolkowski va al Monza&#8221;,&#8221;content&#8221;:&#8221;<\/p>\n<p>La <strong>Roma <\/strong>valuta un nuovo innesto in difesa se dovesse partire <strong>Ziolkowski<\/strong>: il <strong>Monza <\/strong>ha messo nel mirino il difensore polacco che ha gi\u00e0 dato il via libera al trasferimento. Si attende l&#8217;ok dei giallorossi che hanno individuato in <strong>Morato <\/strong>del <strong>Nottingham Forest <\/strong>il sostituto. Entrambe le operazioni dovrebbero essere fatte in prestito<\/p>\n<p>&#8220;,&#8221;postId&#8221;:&#8221;722afbf5-2f18-4d9a-bf2e-5f56c359fafa&#8221;,&#8221;postLink&#8221;:{&#8220;title&#8221;:&#8221;&#8221;,&#8221;url&#8221;:&#8221;&#8221;,&#8221;imageSrc&#8221;:&#8221;&#8221;}},{&#8220;timestamp&#8221;:&#8221;2026-08-27T08:00:00.919Z&#8221;,&#8221;timestampUtcIt&#8221;:&#8221;2026-08-27T10:00:00+0200&#8243;,&#8221;altBackground&#8221;:false,&#8221;title&#8221;:&#8221;Sassuolo, accordo con Sebastiano Esposito: oggi le visite&#8221;,&#8221;content&#8221;:&#8221;<\/p>\n<p><strong>Sebastiano Esposito <\/strong>sar\u00e0 un nuovo giocatore del <strong>Sassuolo<\/strong>: trovato l&#8217;accordo economico con il giocatore e con il <strong>Cagliari <\/strong>sulla base di uno scambio di prestiti con <strong>Riccardo Ciervo <\/strong>che fa il percorso inverso. Oggi le visite mediche\u00a0<\/p>\n<p>&#8220;,&#8221;postId&#8221;:&#8221;031277cf-0453-4864-bf9a-d9bcee94b916&#8243;,&#8221;postLink&#8221;:{&#8220;title&#8221;:&#8221;&#8221;,&#8221;url&#8221;:&#8221;&#8221;,&#8221;imageSrc&#8221;:&#8221;&#8221;}},{&#8220;timestamp&#8221;:&#8221;2026-08-27T07:50:00.294Z&#8221;,&#8221;timestampUtcIt&#8221;:&#8221;2026-08-27T09:50:00+0200&#8243;,&#8221;altBackground&#8221;:false,&#8221;title&#8221;:&#8221;Fiorentina, Kean spinge per il Como: il club lo multa e si allena da solo&#8221;,&#8221;content&#8221;:&#8221;<\/p>\n<p>Si alza la tensione tra <strong>Moise Kean <\/strong>e la <strong>Fiorentina<\/strong>. L&#8217;attaccante ha saltato l&#8217;allenamento mattutino di ieri presentandosi in ritardo al Viola Park senza il consenso della societ\u00e0, una decisione unilaterale con cui intende forzare la mano alla dirigenza e accelerare il suo passaggio al <strong>Como <\/strong>di Fabregas. Il club viola <strong>ha deciso di multarlo<\/strong>,\u00a0riconvocandolo nel pomeriggio per<strong> allenarsi individualmente<\/strong>. Inoltre la Fiorentina non accetter\u00e0 l&#8217;offerta del Como prima di aver trovato il sostituto<\/p>\n<p>&#8220;,&#8221;postId&#8221;:&#8221;1e2fc730-18f4-45d3-bdc0-c06e9a62b333&#8243;,&#8221;postLink&#8221;:{&#8220;title&#8221;:&#8221;&#8221;,&#8221;url&#8221;:&#8221;&#8221;,&#8221;imageSrc&#8221;:&#8221;&#8221;}},{&#8220;timestamp&#8221;:&#8221;2026-08-27T07:47:00.236Z&#8221;,&#8221;timestampUtcIt&#8221;:&#8221;2026-08-27T09:47:00+0200&#8243;,&#8221;altBackground&#8221;:false,&#8221;title&#8221;:&#8221;Como-Ricci, operazione in chiusura&#8221;,&#8221;content&#8221;:&#8221;<\/p>\n<p>Il <strong>Como<\/strong> \u00e8 in chiusura per l&#8217;acquisto in <strong>prestito con diritto di riscatto<\/strong> di <strong>Ricci<\/strong> dal <strong>Milan<\/strong>. Il centrocampista italiano si prepara a diventare un nuovo giocatore della squadra di Fabregas<\/p>\n<p>&#8220;,&#8221;postId&#8221;:&#8221;3f1f8530-29ad-4b49-82a7-81f12880a107&#8243;,&#8221;postLink&#8221;:{&#8220;title&#8221;:&#8221;&#8221;,&#8221;url&#8221;:&#8221;&#8221;,&#8221;imageSrc&#8221;:&#8221;&#8221;}},{&#8220;timestamp&#8221;:&#8221;2026-08-27T07:41:18.835Z&#8221;,&#8221;timestampUtcIt&#8221;:&#8221;2026-08-27T09:41:18+0200&#8243;,&#8221;altBackground&#8221;:false,&#8221;title&#8221;:&#8221;Lazio, ufficiale Pinamonti&#8221;,&#8221;content&#8221;:&#8221;<\/p>\n<p>Andrea <strong>Pinamonti <\/strong>\u00e8 ufficialmente un nuovo giocatore della <strong>Lazio<\/strong>. Operazione a <strong>titolo definitivo da circa 12 milioni<\/strong> di euro tra parte fissa e bonus. L&#8217;attaccante indosser\u00e0 la <strong>maglia numero 9<\/strong><\/p>\n<p>&#8220;,&#8221;social&#8221;:{&#8220;socialType&#8221;:&#8221;twitter&#8221;,&#8221;src&#8221;:&#8221;https:\/\/twitter.com\/officialsslazio\/status\/2092877409355796816?s=46&#8243;,&#8221;cookieAllowed&#8221;:true},&#8221;postId&#8221;:&#8221;67050c2d-2762-437c-8829-89716b194a1c&#8221;,&#8221;postLink&#8221;:{&#8220;title&#8221;:&#8221;&#8221;,&#8221;url&#8221;:&#8221;&#8221;,&#8221;imageSrc&#8221;:&#8221;&#8221;}},{&#8220;timestamp&#8221;:&#8221;2026-08-27T07:40:00.310Z&#8221;,&#8221;timestampUtcIt&#8221;:&#8221;2026-08-27T09:40:00+0200&#8243;,&#8221;altBackground&#8221;:false,&#8221;title&#8221;:&#8221;Napoli, per l&#8217;attacco si avanza per Guiu del Chelsea&#8221;,&#8221;content&#8221;:&#8221;<\/p>\n<p>Il <strong>Napoli <\/strong>continua a lavorare per completare il reparto offensivo e nelle ultime ore ha intensificato i contatti per <strong>Marc Guiu<\/strong>. L&#8217;attaccante spagnolo del <strong>Chelsea <\/strong>\u00e8 diventato un obiettivo concreto degli azzurri, alla ricerca di un profilo giovane dopo la partenza di Romelu Lukaku. Il classe 2006 pu\u00f2 rappresentare un&#8217;opportunit\u00e0 interessante per la sua situazione da &#8216;fuori lista&#8217;<\/p>\n<p>&#8220;,&#8221;postId&#8221;:&#8221;ed88a3b6-1ee9-4d3d-8b6f-03268c3a9122&#8243;,&#8221;postLink&#8221;:{&#8220;title&#8221;:&#8221;&#8221;,&#8221;url&#8221;:&#8221;&#8221;,&#8221;imageSrc&#8221;:&#8221;&#8221;}},{&#8220;timestamp&#8221;:&#8221;2026-08-27T07:30:00.102Z&#8221;,&#8221;timestampUtcIt&#8221;:&#8221;2026-08-27T09:30:00+0200&#8243;,&#8221;altBackground&#8221;:false,&#8221;title&#8221;:&#8221;Juventus, la cessione di David pu\u00f2 sbloccare Kessie e Zirkzee&#8221;,&#8221;content&#8221;:&#8221;<\/p>\n<p>La <strong>Juventus <\/strong>insiste per <strong>Franck Kessie <\/strong>ma prima serviranno delle cessioni. L&#8217;uscita di <strong>Miretti<\/strong>, infatti, non \u00e8 sufficiente da un punto di vista economico per via del settlement agreement con la Uefa, perch\u00e9 l&#8217;ivoriano ha un ingaggio superiore al classe 2003. Per sbloccare la situazione, l&#8217;idea dei bianconeri \u00e8 quella di vendere quindi <strong>Jonathan David<\/strong>, che potrebbe sbloccare anche l&#8217;arrivo di <strong>Joshua Zirkzee<\/strong><\/p>\n<p>&#8220;,&#8221;postId&#8221;:&#8221;c42e788f-51c5-4ccd-b914-b9d6694aa3c6&#8243;,&#8221;postLink&#8221;:{&#8220;title&#8221;:&#8221;&#8221;,&#8221;url&#8221;:&#8221;&#8221;,&#8221;imageSrc&#8221;:&#8221;&#8221;}},{&#8220;timestamp&#8221;:&#8221;2026-08-27T07:29:58.506Z&#8221;,&#8221;timestampUtcIt&#8221;:&#8221;2026-08-27T09:29:58+0200&#8243;,&#8221;altBackground&#8221;:false,&#8221;title&#8221;:&#8221;Lecce, ufficiale Ilic&#8221;,&#8221;content&#8221;:&#8221;<\/p>\n<p>Trasferimento in <strong>prestito con diritto di riscatto<\/strong> per il centrocampista classe 2001, che \u00e8 ufficialmente un nuovo giocatore giallorosso<\/p>\n<p>&#8220;,&#8221;postId&#8221;:&#8221;1f69bb4d-f4d6-4f8f-891a-3c7a1d3003e5&#8243;,&#8221;postLink&#8221;:{&#8220;title&#8221;:&#8221;Lecce, ufficiale Ivan Ilic: svelato il numero di maglia&#8221;,&#8221;url&#8221;:&#8221;https:\/\/sport.sky.it\/calciomercato\/calciomercato-serie-a-estate-2026-acquisti-ufficiali&#8221;,&#8221;imageSrc&#8221;:&#8221;https:\/\/sport.sky.it\/assets\/images\/ac6f3386ee4c3e12914dd13c0925d137bd026f97\/skysport\/it\/calcio\/calciomercato\/calciomercato-serie-a-estate-2026-acquisti-ufficiali\/ilic_lecce_2.jpg?im=Resize,width=1218&#8243;}},{&#8220;timestamp&#8221;:&#8221;2026-08-27T07:20:00.902Z&#8221;,&#8221;timestampUtcIt&#8221;:&#8221;2026-08-27T09:20:00+0200&#8243;,&#8221;altBackground&#8221;:false,&#8221;title&#8221;:&#8221;Chi per il dopo Leao? Il Milan pensa ad Alvyn Sanches&#8221;,&#8221;content&#8221;:&#8221;<\/p>\n<p>La possibile partenza di Leao pu\u00f2 spingere il <strong>Milan <\/strong>a intervenire sulla trequarti. Tra i profili seguiti c&#8217;\u00e8 <strong>Alvyn Sanches<\/strong>, classe 2003 dello Young Boys, apprezzato da tempo dall&#8217;area scouting rossonera e ritenuto adatto al sistema di Amorim. Non c&#8217;\u00e8 ancora una trattativa avanzata, <strong>ma ci sono stati nuovi contatti e il suo nome \u00e8 nella lista dei possibili rinforzi che il club sta valutando in queste ore. <\/strong>Non \u00e8 detto, per\u00f2, che i rossoneri vadano ad acquistare un nuovo attaccante nel corso di questa sessione di mercato.<\/p>\n<p>&#8220;,&#8221;postId&#8221;:&#8221;d1a5cb59-b119-446e-b995-4439b9eb5845&#8243;,&#8221;postLink&#8221;:{&#8220;title&#8221;:&#8221;&#8221;,&#8221;url&#8221;:&#8221;&#8221;,&#8221;imageSrc&#8221;:&#8221;&#8221;}},{&#8220;timestamp&#8221;:&#8221;2026-08-27T07:10:00.639Z&#8221;,&#8221;timestampUtcIt&#8221;:&#8221;2026-08-27T09:10:00+0200&#8243;,&#8221;altBackground&#8221;:false,&#8221;title&#8221;:&#8221;Milan, intesa con il Galatasaray per la cessione di Leao ma l&#8217;Aston Villa rilancia&#8221;,&#8221;content&#8221;:&#8221;<\/p>\n<p>Il futuro di <strong>Rafael <\/strong>Leao \u00e8 tutt&#8217;altro che scritto. Il <strong>Milan <\/strong>nelle scorse ore ha trovato l&#8217;accordo con il <strong>Galatasaray <\/strong>per <strong>45 milioni di euro pi\u00f9 bonus<\/strong>, ma ora l&#8217;<strong>Aston Villa<\/strong> ha rilanciato, offrendo<strong> 42 milioni pi\u00f9 3 di bonus<\/strong>. Per quanto riguarda l&#8217;ingaggio, il club turco offre <strong>10 milioni pi\u00f9 2 di bonus<\/strong>, ma l&#8217;attaccante ne vorrebbe <strong>12 pi\u00f9 3 di bonus. <\/strong>La decisione finale spetter\u00e0 a Leao<\/p>\n<p>&#8220;,&#8221;postId&#8221;:&#8221;2bae8eda-5265-4f7b-86ca-a41815963c10&#8243;,&#8221;postLink&#8221;:{&#8220;title&#8221;:&#8221;&#8221;,&#8221;url&#8221;:&#8221;&#8221;,&#8221;imageSrc&#8221;:&#8221;&#8221;}},{&#8220;timestamp&#8221;:&#8221;2026-08-27T07:09:12.390Z&#8221;,&#8221;timestampUtcIt&#8221;:&#8221;2026-08-27T09:09:12+0200&#8243;,&#8221;video&#8221;:{&#8220;videoId&#8221;:&#8221;1120090&#8243;,&#8221;videoPageUrl&#8221;:&#8221;https:\/\/video.sky.it\/sport\/calciomercato\/serie-a\/video\/udinese-mrozek-arrivo-calciomercato-video-1120090&#8243;},&#8221;altBackground&#8221;:true,&#8221;title&#8221;:&#8221;Udinese, iniziate le visite mediche di Mrozek&#8221;,&#8221;content&#8221;:&#8221;<\/p>\n<p>Il nuovo portiere dell&#8217;Udinese ha iniziato le visite mediche con il club bianconero<\/p>\n<p>&#8220;,&#8221;postId&#8221;:&#8221;7104dbef-7c6b-49ce-afa0-75be0227c32f&#8221;,&#8221;postLink&#8221;:{&#8220;title&#8221;:&#8221;&#8221;,&#8221;url&#8221;:&#8221;&#8221;,&#8221;imageSrc&#8221;:&#8221;&#8221;}}]}&#8221; query='{&#8220;configurationName&#8221;:&#8221;LIVEBLOG_CONTAINER_WIDGET&#8221;,&#8221;liveblogId&#8221;:&#8221;959bbc6e-af71-4d79-a6b7-af689ef08b24&#8243;,&#8221;tenant&#8221;:&#8221;sport&#8221;,&#8221;limit&#8221;:800}&#8217; config='{&#8220;live&#8221;:true,&#8221;isWebView&#8221;:false,&#8221;postsPerPageMobile&#8221;:10,&#8221;postsPerPageDesktop&#8221;:10}&#8217;&gt;<br \/>\n          Calciomercato, le news di oggiLeggi di pi\u00f9 <\/p>\n<p>meno di un minuto fa<\/p>\n<p>Torino, \u00e8 fatta per la cessione di Pedersen all&#8217;Olympiacos<\/p>\n<p><strong>Pedersen <\/strong>si prepara a salutare il Torino e la Serie A:<strong> \u00e8 fatta per la cessione del classe 2000 all&#8217;Olympiacos<\/strong>. Operazione da 8 milioni di euro pi\u00f9 una percentuale sulla futura rivendita, come avevamo anticipato nella giornata di ieri.<\/p>\n<p>19 minuti fa<\/p>\n<p>Juventus, continua la trattativa per Kessi\u00e8.<\/p>\n<p>Si continua a lavorare per <strong>Franck Kessi\u00e9<\/strong> ma la Juventus deve confezionare delle uscite<\/p>\n<p>53 minuti fa<\/p>\n<p>Juventus, Miretti in partenza per la Turchia<\/p>\n<p>Tutto fatto per il trasferimento di Miretti al Besiktas. Come annunciato il giocatore \u00e8 partito questa mattina per la Turchia per sostenere le visite mediche con il club turco.\u00a0<\/p>\n<p>11:45<\/p>\n<p>Bouaddi al City: le cessioni pi\u00f9 care della storia del Lille<\/p>\n<p>Non solo <strong>Bouaddi<\/strong>, che balza al primo posto, ecco le <strong>cessioni pi\u00f9 care<\/strong> della storia del <strong>Lille<\/strong><\/p>\n<p><a href=\"https:\/\/sport.sky.it\/calciomercato\/calciomercato-lille-cessioni-piu-care\" title=\"Le cessioni record del Lille: Bouaddi al 1\u00b0 posto. CLASSIFICA\" class=\"lvbg-post-link\" data-intcmp=\"skysport_liveblog_liveblog-preview_null\" data-analytics-element=\"liveblog-preview\" rel=\"nofollow noopener\" target=\"_blank\"><img alt=\"Le cessioni record del Lille: Bouaddi al 1\u00b0 posto. CLASSIFICA\" style=\"opacity:0;transition:opacity 0.3s\" class=\"lvbg-post-link__image\"\/>Le cessioni record del Lille: Bouaddi al 1\u00b0 posto. CLASSIFICAVai al contenuto <\/a><\/p>\n<p>11:27<\/p>\n<p>Genoa in pressing per Cancellieri: si vuole chiudere a breve<\/p>\n<p>Il <strong>Genoa <\/strong>spinge per regalare a Daniele de Rossi un rinforzo in attacco: l&#8217;obiettivo \u00e8 <strong>Matteo Cancellieri,<\/strong> esterno della <strong>Lazio <\/strong>in scadenza nel 2027. Anche la Fiorentina \u00e8 sul giocatore, ma non ha mai affondato realmente il colpo. I rossobl\u00f9 attendono <strong>l&#8217;ok definitivo del giocatore.<\/strong><\/p>\n<p>11:20<\/p>\n<p>Palermo, ufficiale Perin dalla Juventus<\/p>\n<p><strong>Mattia Perin <\/strong>\u00e8 un nuovo giocatore del <strong>Palermo<\/strong>. Il portiere ex <strong>Juventus <\/strong>ha firmato un contratto pluriennale. Lascia i bianconeri dopo 8 anni<\/p>\n<p>11:10<\/p>\n<p>Manchester City, ufficiale l&#8217;arrivo di Bouaddi<\/p>\n<p>Il <strong>Manchester City <\/strong>ha annunciato il sostituto di Rodri: \u00e8 il <strong>18enne marocchino Ayyoub Bouaddi<\/strong>, che arriva dal Lille per <strong>95 milioni<\/strong> di euro e ha firmato un <strong>contratto fino al 2031<\/strong><\/p>\n<p>11:00<\/p>\n<p>Serie B, Brunori ufficiale all&#8217;Ascoli<\/p>\n<p>Dopo Palermo e Sampdoria, per <strong>Matteo Brunori <\/strong>\u00e8 pronta una nuova avventura in Serie B: \u00e8 un nuovo giocatore dell&#8217;<strong>Ascoli<\/strong>. Operazione in <strong>prestito con diritto di riscatto<\/strong><\/p>\n<p><a href=\"https:\/\/sport.sky.it\/calciomercato\/calciomercato-serie-b-estate-2026-acquisti-ufficiali\" title=\"Matteo Brunori \u00e8 un nuovo giocatore dell&#039;Ascoli\" class=\"lvbg-post-link\" data-intcmp=\"skysport_liveblog_liveblog-preview_null\" data-analytics-element=\"liveblog-preview\" rel=\"nofollow noopener\" target=\"_blank\"><img alt=\"Matteo Brunori \u00e8 un nuovo giocatore dell'Ascoli\" style=\"opacity:0;transition:opacity 0.3s\" class=\"lvbg-post-link__image\"\/>Matteo Brunori \u00e8 un nuovo giocatore dell&#8217;AscoliVai al contenuto <\/a><\/p>\n<p>10:50<\/p>\n<p>Fiorentina, il Nottingham su Dod\u00f4: offerti 7 milioni<\/p>\n<p>Interesse dalla Premier League per <strong>Dod\u00f4<\/strong>: il <strong>Nottingham Forest <\/strong>ha fatto un&#8217;offerta alla <strong>Fiorentina <\/strong>da <strong>7 milioni di euro<\/strong>. Una proposta ritenuta troppo bassa dalla societ\u00e0 viola. Al momento le parti restano distanti: per proseguire nella trattativa servir\u00e0 un rilancio del Nottingham Forest, chiamato ad avvicinarsi alle richieste della Fiorentina<\/p>\n<p>10:40<\/p>\n<p>Parma, si pu\u00f2 chiudere per Fabbian della Fiorentina<\/p>\n<p><strong>Giovanni Fabbian <\/strong>pu\u00f2 diventare un nuovo giocatore del <strong>Parma<\/strong>. Il centrocampista piace a Carlos Cuesta e nelle prossime ore si pu\u00f2 chiudere il suo trasferimento dalla <strong>Fiorentina<\/strong><\/p>\n<p>10:30<\/p>\n<p>Atalanta, Ahanor verso il Chelsea: contatti per trovare l&#8217;intesa<\/p>\n<p>L&#8217;asse tra <strong>Chelsea <\/strong>e <strong>Atalanta <\/strong>torna a scaldarsi dopo l&#8217;operazione che ha portato Marco Palestra a Londra. I Blues sono infatti vicini a <strong>Honest Ahanor<\/strong>, con la trattativa entrata nella fase decisiva.<strong> Contatti in corso<\/strong> tra i due club per trovare l&#8217;intesa finale: pronta un&#8217;offerta superiore ai <strong>40 milioni di euro<\/strong><\/p>\n<p>10:20<\/p>\n<p>Intanto il Monza chiude per Ngonge<\/p>\n<p>Il club brianzolo ha chiuso per\u00a0<strong>Cyril Ngonge<\/strong> dal Napoli in <strong>prestito con diritto di riscatto<\/strong>. Nella giornata di oggi atteso lo scambio dei documenti per poi programmare visite mediche e firma<\/p>\n<p>10:12<\/p>\n<p>Newcastle, ufficiale Nico Gonzalez<\/p>\n<p>Il Newcastle ha ufficializzato l&#8217;acquisto di Nico Gonzalez dal Manchester City. Operazione da <strong>56 milioni di euro. <\/strong>Il centrocampista spagnolo, di 24 anni, indosser\u00e0 la <strong>maglia numero 6<\/strong><\/p>\n<p><a href=\"https:\/\/sport.sky.it\/calciomercato\/calciomercato-2026-acquisti-ufficiali-estero-estate\" title=\"Newcastle, ufficiale Nico Gonzalez dal City: le cifre del trasferimento\" class=\"lvbg-post-link\" data-intcmp=\"skysport_liveblog_liveblog-preview_null\" data-analytics-element=\"liveblog-preview\" rel=\"nofollow noopener\" target=\"_blank\"><img alt=\"Newcastle, ufficiale Nico Gonzalez dal City: le cifre del trasferimento\" style=\"opacity:0;transition:opacity 0.3s\" class=\"lvbg-post-link__image\"\/>Newcastle, ufficiale Nico Gonzalez dal City: le cifre del trasferimentoVai al contenuto <\/a><\/p>\n<p>10:10<\/p>\n<p>Roma, idea Morato del Nottingham Forest se Ziolkowski va al Monza<\/p>\n<p>La <strong>Roma <\/strong>valuta un nuovo innesto in difesa se dovesse partire <strong>Ziolkowski<\/strong>: il <strong>Monza <\/strong>ha messo nel mirino il difensore polacco che ha gi\u00e0 dato il via libera al trasferimento. Si attende l&#8217;ok dei giallorossi che hanno individuato in <strong>Morato <\/strong>del <strong>Nottingham Forest <\/strong>il sostituto. Entrambe le operazioni dovrebbero essere fatte in prestito<\/p>\n<p>10:00<\/p>\n<p>Sassuolo, accordo con Sebastiano Esposito: oggi le visite<\/p>\n<p><strong>Sebastiano Esposito <\/strong>sar\u00e0 un nuovo giocatore del <strong>Sassuolo<\/strong>: trovato l&#8217;accordo economico con il giocatore e con il <strong>Cagliari <\/strong>sulla base di uno scambio di prestiti con <strong>Riccardo Ciervo <\/strong>che fa il percorso inverso. Oggi le visite mediche\u00a0<\/p>\n<p>09:50<\/p>\n<p>Fiorentina, Kean spinge per il Como: il club lo multa e si allena da solo<\/p>\n<p>Si alza la tensione tra <strong>Moise Kean <\/strong>e la <strong>Fiorentina<\/strong>. L&#8217;attaccante ha saltato l&#8217;allenamento mattutino di ieri presentandosi in ritardo al Viola Park senza il consenso della societ\u00e0, una decisione unilaterale con cui intende forzare la mano alla dirigenza e accelerare il suo passaggio al <strong>Como <\/strong>di Fabregas. Il club viola <strong>ha deciso di multarlo<\/strong>,\u00a0riconvocandolo nel pomeriggio per<strong> allenarsi individualmente<\/strong>. Inoltre la Fiorentina non accetter\u00e0 l&#8217;offerta del Como prima di aver trovato il sostituto<\/p>\n<p>09:47<\/p>\n<p>Como-Ricci, operazione in chiusura<\/p>\n<p>Il <strong>Como<\/strong> \u00e8 in chiusura per l&#8217;acquisto in <strong>prestito con diritto di riscatto<\/strong> di <strong>Ricci<\/strong> dal <strong>Milan<\/strong>. Il centrocampista italiano si prepara a diventare un nuovo giocatore della squadra di Fabregas<\/p>\n<p>09:41<\/p>\n<p>Lazio, ufficiale Pinamonti<\/p>\n<p>Andrea <strong>Pinamonti <\/strong>\u00e8 ufficialmente un nuovo giocatore della <strong>Lazio<\/strong>. Operazione a <strong>titolo definitivo da circa 12 milioni<\/strong> di euro tra parte fissa e bonus. L&#8217;attaccante indosser\u00e0 la <strong>maglia numero 9<\/strong><\/p>\n<p>09:40<\/p>\n<p>Napoli, per l&#8217;attacco si avanza per Guiu del Chelsea<\/p>\n<p>Il <strong>Napoli <\/strong>continua a lavorare per completare il reparto offensivo e nelle ultime ore ha intensificato i contatti per <strong>Marc Guiu<\/strong>. L&#8217;attaccante spagnolo del <strong>Chelsea <\/strong>\u00e8 diventato un obiettivo concreto degli azzurri, alla ricerca di un profilo giovane dopo la partenza di Romelu Lukaku. Il classe 2006 pu\u00f2 rappresentare un&#8217;opportunit\u00e0 interessante per la sua situazione da &#8216;fuori lista&#8217;<\/p>\n<p>09:30<\/p>\n<p>Juventus, la cessione di David pu\u00f2 sbloccare Kessie e Zirkzee<\/p>\n<p>La <strong>Juventus <\/strong>insiste per <strong>Franck Kessie <\/strong>ma prima serviranno delle cessioni. L&#8217;uscita di <strong>Miretti<\/strong>, infatti, non \u00e8 sufficiente da un punto di vista economico per via del settlement agreement con la Uefa, perch\u00e9 l&#8217;ivoriano ha un ingaggio superiore al classe 2003. Per sbloccare la situazione, l&#8217;idea dei bianconeri \u00e8 quella di vendere quindi <strong>Jonathan David<\/strong>, che potrebbe sbloccare anche l&#8217;arrivo di <strong>Joshua Zirkzee<\/strong><\/p>\n<p>09:29<\/p>\n<p>Lecce, ufficiale Ilic<\/p>\n<p>Trasferimento in <strong>prestito con diritto di riscatto<\/strong> per il centrocampista classe 2001, che \u00e8 ufficialmente un nuovo giocatore giallorosso<\/p>\n<p><a href=\"https:\/\/sport.sky.it\/calciomercato\/calciomercato-serie-a-estate-2026-acquisti-ufficiali\" title=\"Lecce, ufficiale Ivan Ilic: svelato il numero di maglia\" class=\"lvbg-post-link\" data-intcmp=\"skysport_liveblog_liveblog-preview_null\" data-analytics-element=\"liveblog-preview\" rel=\"nofollow noopener\" target=\"_blank\"><img alt=\"Lecce, ufficiale Ivan Ilic: svelato il numero di maglia\" style=\"opacity:0;transition:opacity 0.3s\" class=\"lvbg-post-link__image\"\/>Lecce, ufficiale Ivan Ilic: svelato il numero di magliaVai al contenuto <\/a><\/p>\n<p>09:20<\/p>\n<p>Chi per il dopo Leao? Il Milan pensa ad Alvyn Sanches<\/p>\n<p>La possibile partenza di Leao pu\u00f2 spingere il <strong>Milan <\/strong>a intervenire sulla trequarti. Tra i profili seguiti c&#8217;\u00e8 <strong>Alvyn Sanches<\/strong>, classe 2003 dello Young Boys, apprezzato da tempo dall&#8217;area scouting rossonera e ritenuto adatto al sistema di Amorim. Non c&#8217;\u00e8 ancora una trattativa avanzata, <strong>ma ci sono stati nuovi contatti e il suo nome \u00e8 nella lista dei possibili rinforzi che il club sta valutando in queste ore. <\/strong>Non \u00e8 detto, per\u00f2, che i rossoneri vadano ad acquistare un nuovo attaccante nel corso di questa sessione di mercato.<\/p>\n<p>Leggi di pi\u00f9 <\/p>\n<p>09:10<\/p>\n<p>Milan, intesa con il Galatasaray per la cessione di Leao ma l&#8217;Aston Villa rilancia<\/p>\n<p>Il futuro di <strong>Rafael <\/strong>Leao \u00e8 tutt&#8217;altro che scritto. Il <strong>Milan <\/strong>nelle scorse ore ha trovato l&#8217;accordo con il <strong>Galatasaray <\/strong>per <strong>45 milioni di euro pi\u00f9 bonus<\/strong>, ma ora l&#8217;<strong>Aston Villa<\/strong> ha rilanciato, offrendo<strong> 42 milioni pi\u00f9 3 di bonus<\/strong>. Per quanto riguarda l&#8217;ingaggio, il club turco offre <strong>10 milioni pi\u00f9 2 di bonus<\/strong>, ma l&#8217;attaccante ne vorrebbe <strong>12 pi\u00f9 3 di bonus. <\/strong>La decisione finale spetter\u00e0 a Leao<\/p>\n<p>09:09<\/p>\n<p>Udinese, iniziate le visite mediche di Mrozek<\/p>\n<p>Il nuovo portiere dell&#8217;Udinese ha iniziato le visite mediche con il club bianconero<\/p>\n<p>      <script async src=\"https:\/\/platform.twitter.com\/widgets.js\" charset=\"utf-8\"><\/script><\/p>\n","protected":false},"excerpt":{"rendered":"\\n Milan, Leao tra Galatasaray e Aston Villa: a Rafa la decisione \\n Juventus, la cessione di David&hellip;\n","protected":false},"author":3,"featured_media":612905,"comment_status":"","ping_status":"","sticky":false,"template":"","format":"standard","meta":{"footnotes":"","_share_on_mastodon":"0"},"categories":[1452],"tags":[569,586,6300,721,353,6295,6293,6294,3705,2263,1740,5281,6298,350,1537,90,89,558,5188,6296,553,11121,248,6301,987,6299,1739,245,244,1641,2817,222],"class_list":["post-651923","post","type-post","status-publish","format-standard","has-post-thumbnail","category-calcio","tag-atalanta","tag-bologna","tag-cagliari","tag-calcio","tag-calciomercato","tag-calciomercato-estero","tag-calciomercato-serie-a","tag-calciomercato-serie-b","tag-como","tag-fiorentina","tag-football","tag-frosinone","tag-genoa","tag-inter","tag-it","tag-italia","tag-italy","tag-juventus","tag-lazio","tag-lecce","tag-milan","tag-monza","tag-napoli","tag-parma","tag-roma","tag-sassuolo","tag-soccer","tag-sport","tag-sports","tag-torino","tag-udinese","tag-venezia"],"share_on_mastodon":{"url":"https:\/\/pubeurope.com\/@it\/117167169661984293","error":""},"_links":{"self":[{"href":"https:\/\/www.europesays.com\/it\/wp-json\/wp\/v2\/posts\/651923","targetHints":{"allow":["GET"]}}],"collection":[{"href":"https:\/\/www.europesays.com\/it\/wp-json\/wp\/v2\/posts"}],"about":[{"href":"https:\/\/www.europesays.com\/it\/wp-json\/wp\/v2\/types\/post"}],"author":[{"embeddable":true,"href":"https:\/\/www.europesays.com\/it\/wp-json\/wp\/v2\/users\/3"}],"replies":[{"embeddable":true,"href":"https:\/\/www.europesays.com\/it\/wp-json\/wp\/v2\/comments?post=651923"}],"version-history":[{"count":0,"href":"https:\/\/www.europesays.com\/it\/wp-json\/wp\/v2\/posts\/651923\/revisions"}],"wp:featuredmedia":[{"embeddable":true,"href":"https:\/\/www.europesays.com\/it\/wp-json\/wp\/v2\/media\/612905"}],"wp:attachment":[{"href":"https:\/\/www.europesays.com\/it\/wp-json\/wp\/v2\/media?parent=651923"}],"wp:term":[{"taxonomy":"category","embeddable":true,"href":"https:\/\/www.europesays.com\/it\/wp-json\/wp\/v2\/categories?post=651923"},{"taxonomy":"post_tag","embeddable":true,"href":"https:\/\/www.europesays.com\/it\/wp-json\/wp\/v2\/tags?post=651923"}],"curies":[{"name":"wp","href":"https:\/\/api.w.org\/{rel}","templated":true}]}}