{"id":651928,"date":"2026-08-27T11:14:16","date_gmt":"2026-08-27T11:14:16","guid":{"rendered":"https:\/\/www.europesays.com\/it\/651928\/"},"modified":"2026-08-27T11:14:16","modified_gmt":"2026-08-27T11:14:16","slug":"matrimonio-a-prima-vista-17-ecco-il-cast","status":"publish","type":"post","link":"https:\/\/www.europesays.com\/it\/651928\/","title":{"rendered":"Matrimonio a prima vista 17: ecco il cast"},"content":{"rendered":"<p>39 anni di Salerno, coach del benessere. Ha sempre avuto un rapporto complesso con la madre, mentre con il padre ha condiviso un legame profondo e speciale. La sua scomparsa, avvenuta un anno fa, ha rappresentato per lei un dolore enorme. Nel tempo libero ama viaggiare, allenarsi, ballare latino-americano e trascorrere del tempo con gli amici. Oggi desidera incontrare un uomo maturo e affidabile, capace di ascoltarla e farla sentire una priorit\u00e0. Cristiana praticante, crede profondamente nei valori del matrimonio e della famiglia, che rappresentano il suo pi\u00f9 grande progetto di vita.<\/p>\n<p><strong>Fabio<\/strong><img decoding=\"async\" alt=\"Matrimonio a prima vista 17 ecco il cast\" loading=\"lazy\" class=\"ResponsiveImageContainer-dkeESL cQPiWi responsive-image__image\"   src=\"https:\/\/www.europesays.com\/it\/wp-content\/uploads\/2026\/08\/unnamed%20(26).jpg\"\/><\/p>\n<p>38 anni di Polla (SA), co-proprietario di un laboratorio di pasticceria artigianale e di un ristorante giappo-pizzeria. \u00c8 un grande lavoratore ed \u00e8 soddisfatto del percorso che ha costruito, avendo trasformato la professione dei suoi sogni nella sua realt\u00e0 quotidiana. Vive nella villetta di famiglia, occupando l&#8217;appartamento al piano inferiore rispetto a quello dei genitori. Insieme alla sorella si prende cura della madre, rimasta invalida in seguito a un ictus avvenuto dieci anni fa. Dal punto di vista sentimentale ha vissuto una sola relazione importante, durata sette anni. Si definisce un uomo romantico e sincero, che ama corteggiare, ascoltare e prendersi cura della persona che ha accanto che spera di incontrare proprio grazie a Matrimonio a prima vista.<\/p>\n","protected":false},"excerpt":{"rendered":"39 anni di Salerno, coach del benessere. Ha sempre avuto un rapporto complesso con la madre, mentre con&hellip;\n","protected":false},"author":3,"featured_media":651929,"comment_status":"","ping_status":"","sticky":false,"template":"","format":"standard","meta":{"footnotes":"","_share_on_mastodon":"0"},"categories":[1444],"tags":[203,204,1537,90,89,5704,253],"class_list":["post-651928","post","type-post","status-publish","format-standard","has-post-thumbnail","category-tv","tag-entertainment","tag-intrattenimento","tag-it","tag-italia","tag-italy","tag-programmi-tv","tag-tv"],"share_on_mastodon":{"url":"https:\/\/pubeurope.com\/@it\/117167186479382394","error":""},"_links":{"self":[{"href":"https:\/\/www.europesays.com\/it\/wp-json\/wp\/v2\/posts\/651928","targetHints":{"allow":["GET"]}}],"collection":[{"href":"https:\/\/www.europesays.com\/it\/wp-json\/wp\/v2\/posts"}],"about":[{"href":"https:\/\/www.europesays.com\/it\/wp-json\/wp\/v2\/types\/post"}],"author":[{"embeddable":true,"href":"https:\/\/www.europesays.com\/it\/wp-json\/wp\/v2\/users\/3"}],"replies":[{"embeddable":true,"href":"https:\/\/www.europesays.com\/it\/wp-json\/wp\/v2\/comments?post=651928"}],"version-history":[{"count":0,"href":"https:\/\/www.europesays.com\/it\/wp-json\/wp\/v2\/posts\/651928\/revisions"}],"wp:featuredmedia":[{"embeddable":true,"href":"https:\/\/www.europesays.com\/it\/wp-json\/wp\/v2\/media\/651929"}],"wp:attachment":[{"href":"https:\/\/www.europesays.com\/it\/wp-json\/wp\/v2\/media?parent=651928"}],"wp:term":[{"taxonomy":"category","embeddable":true,"href":"https:\/\/www.europesays.com\/it\/wp-json\/wp\/v2\/categories?post=651928"},{"taxonomy":"post_tag","embeddable":true,"href":"https:\/\/www.europesays.com\/it\/wp-json\/wp\/v2\/tags?post=651928"}],"curies":[{"name":"wp","href":"https:\/\/api.w.org\/{rel}","templated":true}]}}