{"id":651936,"date":"2026-08-27T11:19:15","date_gmt":"2026-08-27T11:19:15","guid":{"rendered":"https:\/\/www.europesays.com\/it\/651936\/"},"modified":"2026-08-27T11:19:15","modified_gmt":"2026-08-27T11:19:15","slug":"beautiful-anticipazioni-31-agosto-6-settembre-brooke-sorprende-hope-e-carter-semisvestiti-ridge-si-avvicina-a-taylor","status":"publish","type":"post","link":"https:\/\/www.europesays.com\/it\/651936\/","title":{"rendered":"Beautiful, anticipazioni 31 agosto-6 settembre: Brooke sorprende Hope e Carter semisvestiti, Ridge si avvicina a Taylor"},"content":{"rendered":"<p>Il segreto di <strong>Hope e Carter<\/strong> rischia di essere scoperto. Nelle puntate di <strong><a href=\"https:\/\/www.ilmessaggero.it\/t\/beautiful\" rel=\"nofollow noopener\" target=\"_blank\">Beautiful<\/a><\/strong> in onda nella settimana da <strong>luned\u00ec 31 agosto a domenica 6 settembre<\/strong>, Brooke entrer\u00e0 nell&#8217;ufficio stilisti nel momento peggiore possibile e sorprender\u00e0 la figlia e l&#8217;avvocato mentre si baciano appassionatamente e sono <strong>semisvestiti<\/strong>. I due ammetteranno la forte attrazione che provano l&#8217;uno per l&#8217;altra, ma chiederanno alla Logan di mantenere il segreto.<\/p>\n<p>Alla Forrester Creations continuer\u00e0 intanto lo scontro sulle nuove strategie dell&#8217;azienda. <strong>Ridge rivaluter\u00e0 il progetto di Ivy ed Electra e decider\u00e0 di produrre la loro linea di gioielli<\/strong>, nonostante il precedente rifiuto di Steffy. Lo stilista vivr\u00e0 inoltre un nuovo momento di forte intimit\u00e0 con Taylor, che gli comunicher\u00e0 buone notizie sulle proprie condizioni di salute. <strong>Beautiful<\/strong> va in onda su <a href=\"https:\/\/www.ilmessaggero.it\/t\/canale-5\" rel=\"nofollow noopener\" target=\"_blank\">Canale 5<\/a> intorno alle <strong>13.40<\/strong> ed \u00e8 disponibile anche in streaming e on demand su Mediaset Infinity.<\/p>\n","protected":false},"excerpt":{"rendered":"Il segreto di Hope e Carter rischia di essere scoperto. Nelle puntate di Beautiful in onda nella settimana&hellip;\n","protected":false},"author":3,"featured_media":651937,"comment_status":"","ping_status":"","sticky":false,"template":"","format":"standard","meta":{"footnotes":"","_share_on_mastodon":"0"},"categories":[174],"tags":[1518,190251,294787,179238,89886,16275,685,92063,203,204,1537,90,89,9060,11099],"class_list":["post-651936","post","type-post","status-publish","format-standard","has-post-thumbnail","category-intrattenimento","tag-anticipazioni","tag-anticipazioni-beautiful","tag-anticipazioni-domani","tag-anticipazioni-oggi","tag-anticipazioni-tv","tag-beautiful","tag-canale-5","tag-domani-in-tv","tag-entertainment","tag-intrattenimento","tag-it","tag-italia","tag-italy","tag-mediaset","tag-oggi-in-tv"],"share_on_mastodon":{"url":"https:\/\/pubeurope.com\/@it\/117167205128261468","error":""},"_links":{"self":[{"href":"https:\/\/www.europesays.com\/it\/wp-json\/wp\/v2\/posts\/651936","targetHints":{"allow":["GET"]}}],"collection":[{"href":"https:\/\/www.europesays.com\/it\/wp-json\/wp\/v2\/posts"}],"about":[{"href":"https:\/\/www.europesays.com\/it\/wp-json\/wp\/v2\/types\/post"}],"author":[{"embeddable":true,"href":"https:\/\/www.europesays.com\/it\/wp-json\/wp\/v2\/users\/3"}],"replies":[{"embeddable":true,"href":"https:\/\/www.europesays.com\/it\/wp-json\/wp\/v2\/comments?post=651936"}],"version-history":[{"count":0,"href":"https:\/\/www.europesays.com\/it\/wp-json\/wp\/v2\/posts\/651936\/revisions"}],"wp:featuredmedia":[{"embeddable":true,"href":"https:\/\/www.europesays.com\/it\/wp-json\/wp\/v2\/media\/651937"}],"wp:attachment":[{"href":"https:\/\/www.europesays.com\/it\/wp-json\/wp\/v2\/media?parent=651936"}],"wp:term":[{"taxonomy":"category","embeddable":true,"href":"https:\/\/www.europesays.com\/it\/wp-json\/wp\/v2\/categories?post=651936"},{"taxonomy":"post_tag","embeddable":true,"href":"https:\/\/www.europesays.com\/it\/wp-json\/wp\/v2\/tags?post=651936"}],"curies":[{"name":"wp","href":"https:\/\/api.w.org\/{rel}","templated":true}]}}