{"id":651984,"date":"2026-08-27T12:04:17","date_gmt":"2026-08-27T12:04:17","guid":{"rendered":"https:\/\/www.europesays.com\/it\/651984\/"},"modified":"2026-08-27T12:04:17","modified_gmt":"2026-08-27T12:04:17","slug":"zirkzee-alla-juventus-ecco-perche-e-preferito-a-sorloth","status":"publish","type":"post","link":"https:\/\/www.europesays.com\/it\/651984\/","title":{"rendered":"Zirkzee alla Juventus: ecco perch\u00e9 \u00e8 preferito a Sorloth"},"content":{"rendered":"<p>                                Tecnicamente ai bianconeri serve una punta di peso, alla Sorloth. Ma anche Spalletti \u00e8 consapevole della situazione finanziaria del club e di quanto il tipo di contratto faccia preferire l&#8217;olandese al norvegese<\/p>\n<p>            <a class=\"image is-50x50\" href=\"https:\/\/www.gazzetta.it\/redazione\/guglielmo-buccheri\/\" rel=\"nofollow noopener\" target=\"_blank\"><br \/>\n                <img decoding=\"async\" class=\"is-rounded\" src=\"https:\/\/www.europesays.com\/it\/wp-content\/uploads\/2025\/09\/1758781509_607_omino.png\" alt=\"Guglielmo Buccheri\"\/><br \/>\n            <\/a><\/p>\n<p>Giornalista<\/p>\n<p>                    27 agosto &#8211; 13:12  &#8211; TORINO<\/p>\n<p class=\"paragraph\" spellcheck=\"true\">Un centravanti che non c\u2019\u00e8 e che se ci fosse risolverebbe i problemi. Luciano Spalletti, tecnico bianconero alla stagione della verit\u00e0, ha mandato un messaggio chiaro e diretto, destinazione la Continassa: da qui al gong di mercato meglio puntare su un &#8220;vero&#8221; nove che conosca il mestiere quando l\u2019area di rigore si ingolfa. Se le premesse sono queste cosa c\u2019entra un profilo alla Zirkzee nell\u2019agenda dei vertici bianconeri? C\u2019entra nella misura in cui occorre fare di necessit\u00e0 virt\u00f9 ora che le uniche operazioni possibili in casa <a href=\"https:\/\/www.gazzetta.it\/calcio\/squadre\/juventus\/notizie\/\" rel=\"nofollow noopener\" target=\"_blank\">Juventus<\/a> sono legate ai prestiti o agli scambi.\u00a0Il motivo va ricercato sull\u2019accordo sottoscritto con l\u2019Uefa e che segna un percorso, l\u2019unico possibile, per rimettersi in linea di galleggiamento con parametri e conti cos\u00ec come chiede il governo del pallone continentale. Tradotto: tutti sanno, alla Continassa e dintorni, quali siano le priorit\u00e0 tecniche per dare un senso compiuto all\u2019attacco della Signora, ma tutti, Spalletti in primis, sono consapevolmente a conoscenza della situazione finanziaria del club.\u00a0<\/p>\n<p>    profilo ideale\u2014 \u00a0<\/p>\n<p class=\"paragraph is-inline\" spellcheck=\"true\">Un tipo alla Sorloth, ammesso che l\u2019Atletico Madrid volesse realmente privarsene, sarebbe la risposta ideale al momento che attraversa la Juventus, ma un tipo alla Zirkzee, a condizione di fare presto per arrivare alla fumata bianca, rappresenta l\u2019ottimo oggi come formula contrattuale.\u00a0L\u2019ex bolognese, allo stesso tempo, si porta, comunque, in dote la capacit\u00e0 di interpretare il ruolo in modo camaleontico: un po\u2019 punta, un po\u2019 trequartista e, alla luce della lunga degenza che aspetta il giovane Yildiz, avere a disposizione uno che sappia sdoppiarsi vale il pieno di ricchezza.\u00a0<\/p>\n<p><a class=\"is-partner-link\" href=\"https:\/\/fantacampionato.gazzetta.it\/?intcmp=FC2627_CTArticolo2627\" rel=\"nofollow noopener\" target=\"_blank\">60 milioni di fantallenatori, un&#8217;unica classifica nazionale: sfida l&#8217;Italia intera su Fantacampionato! Oltre 340.000\u20ac di montepremi. Gioca ora!<\/a><\/p>\n<p>    cosa si muove\u2014 \u00a0<\/p>\n<p class=\"paragraph is-inline\" spellcheck=\"true\">Serve un nove di &#8220;peso&#8221;, pu\u00f2 andare bene un nove e mezzo: l\u2019ex ct azzurro lo sa bene. Ma ancora prima serve che il canadese David faccia la valigia: l\u2019Atletico ha bussato alla porta della Continassa, bisogna capire se si fermer\u00e0 sul pianerottolo o se si metter\u00e0 seduto attorno ad un tavolo. Da qui a marted\u00ec all\u2019ora di cena non sono escluse sorprese anche perch\u00e9 il mercato le regala sempre e sempre in maniera imprevista quando sta per andare in vacanza: se spuntasse un nove in prestito il ribaltone potrebbe essere repentino. Al momento avanti con Zirkzee. E con un &#8220;settlement agreement&#8221; da rispettare perch\u00e9 non si pu\u00f2 fare altrimenti.<\/p>\n<p class=\"is-copyright\">\u00a9 RIPRODUZIONE RISERVATA<\/p>\n","protected":false},"excerpt":{"rendered":"Tecnicamente ai bianconeri serve una punta di peso, alla Sorloth. Ma anche Spalletti \u00e8 consapevole della situazione finanziaria&hellip;\n","protected":false},"author":3,"featured_media":651985,"comment_status":"","ping_status":"","sticky":false,"template":"","format":"standard","meta":{"footnotes":"","_share_on_mastodon":"0"},"categories":[1452],"tags":[579,111730,32,5358,585,721,554,7521,12028,16262,359547,1740,31016,1537,90,89,558,1412,11630,98,2717,7634,2181,786,68707,359548,1739,127860,24806,245,244,4583,5396],"class_list":["post-651984","post","type-post","status-publish","format-standard","has-post-thumbnail","category-calcio","tag-accordo","tag-accordo-sottoscritto","tag-andare","tag-atletico","tag-bianconeri","tag-calcio","tag-club","tag-continassa","tag-entra","tag-finanziaria","tag-finanziaria-club","tag-football","tag-ideale","tag-it","tag-italia","tag-italy","tag-juventus","tag-mercato","tag-peso","tag-porta","tag-profilo","tag-punta","tag-serve","tag-situazione","tag-situazione-finanziaria","tag-situazione-finanziaria-club","tag-soccer","tag-sorloth","tag-spalletti","tag-sport","tag-sports","tag-tipo","tag-zirkzee"],"share_on_mastodon":{"url":"https:\/\/pubeurope.com\/@it\/117167383052567599","error":""},"_links":{"self":[{"href":"https:\/\/www.europesays.com\/it\/wp-json\/wp\/v2\/posts\/651984","targetHints":{"allow":["GET"]}}],"collection":[{"href":"https:\/\/www.europesays.com\/it\/wp-json\/wp\/v2\/posts"}],"about":[{"href":"https:\/\/www.europesays.com\/it\/wp-json\/wp\/v2\/types\/post"}],"author":[{"embeddable":true,"href":"https:\/\/www.europesays.com\/it\/wp-json\/wp\/v2\/users\/3"}],"replies":[{"embeddable":true,"href":"https:\/\/www.europesays.com\/it\/wp-json\/wp\/v2\/comments?post=651984"}],"version-history":[{"count":0,"href":"https:\/\/www.europesays.com\/it\/wp-json\/wp\/v2\/posts\/651984\/revisions"}],"wp:featuredmedia":[{"embeddable":true,"href":"https:\/\/www.europesays.com\/it\/wp-json\/wp\/v2\/media\/651985"}],"wp:attachment":[{"href":"https:\/\/www.europesays.com\/it\/wp-json\/wp\/v2\/media?parent=651984"}],"wp:term":[{"taxonomy":"category","embeddable":true,"href":"https:\/\/www.europesays.com\/it\/wp-json\/wp\/v2\/categories?post=651984"},{"taxonomy":"post_tag","embeddable":true,"href":"https:\/\/www.europesays.com\/it\/wp-json\/wp\/v2\/tags?post=651984"}],"curies":[{"name":"wp","href":"https:\/\/api.w.org\/{rel}","templated":true}]}}