{"id":652004,"date":"2026-08-27T12:15:13","date_gmt":"2026-08-27T12:15:13","guid":{"rendered":"https:\/\/www.europesays.com\/it\/652004\/"},"modified":"2026-08-27T12:15:13","modified_gmt":"2026-08-27T12:15:13","slug":"caro-energia-bollette-in-aumento-fino-al-40-quanto-spenderanno-le-famiglie-da-settembre","status":"publish","type":"post","link":"https:\/\/www.europesays.com\/it\/652004\/","title":{"rendered":"Caro energia, bollette in aumento fino al 40%: quanto spenderanno le famiglie da settembre"},"content":{"rendered":"<p>Dopo il caro carburante, <strong>per gli italiani potrebbe arrivare anche il caro energia<\/strong>. Secondo un&#8217;analisi di Facile.it, <strong>tra settembre e dicembre 2026 le bollette di luce e gas potrebbero costare quasi il 40% in pi\u00f9 rispetto allo stesso periodo dello scorso anno.<\/strong> Per una famiglia tipo con un contratto nel mercato libero a prezzo indicizzato, la spesa complessiva nei prossimi quattro mesi potrebbe raggiungere 982 euro, circa 270 euro in pi\u00f9 rispetto al 2025.<\/p>\n<p>Gli aumenti <\/p>\n<p>A pesare sulle previsioni \u00e8 soprattutto <strong>l&#8217;andamento dei prezzi all&#8217;ingrosso dell&#8217;energia, condizionato anche dal protrarsi delle tensioni internazionali.<\/strong> Le stime elaborate sui dati EEX indicano infatti un PUN in crescita del 65% su base annua nei prossimi quattro mesi. Ancora pi\u00f9 marcato l&#8217;aumento previsto per il gas: il PSV, l&#8217;indice di riferimento per il prezzo all&#8217;ingrosso, potrebbe registrare un incremento del 113% rispetto al 2025. Se queste quotazioni dovessero essere confermate,<strong> la spesa per l&#8217;elettricit\u00e0 di una famiglia tipo arriverebbe a 273 euro tra settembre e dicembre, con un aumento del 27<\/strong>% rispetto allo stesso periodo dell&#8217;anno precedente. <strong>Per il gas, invece, la previsione \u00e8 di una bolletta da 709 euro, pari a un incremento del 43% su base annua<\/strong>.<\/p>\n<p>Nel complesso, quindi, la combinazione tra luce e gas potrebbe portare la spesa energetica dei prossimi mesi a livelli sensibilmente superiori a quelli del 2025. Una situazione che rende particolarmente importante, secondo Facile.it, verificare le condizioni del proprio contratto e confrontare le diverse offerte disponibili sul mercato. Tra le possibilit\u00e0 da valutare c&#8217;\u00e8 anche il passaggio a una tariffa a prezzo fisso, che pu\u00f2 offrire maggiore protezione nel caso di ulteriori rincari.\u00a0<\/p>\n<p>&#13;<br \/>\n                                \u00a9 RIPRODUZIONE RISERVATA&#13;<\/p>\n<p>&#13;<\/p>\n<p>\n                            Risparmio e investimenti, ogni venerd\u00ec<br \/>\n                            <b>Iscriviti<\/b> e ricevi le notizie via email\n                        <\/p>\n","protected":false},"excerpt":{"rendered":"Dopo il caro carburante, per gli italiani potrebbe arrivare anche il caro energia. Secondo un&#8217;analisi di Facile.it, tra&hellip;\n","protected":false},"author":3,"featured_media":652005,"comment_status":"","ping_status":"","sticky":false,"template":"","format":"standard","meta":{"footnotes":"","_share_on_mastodon":"0"},"categories":[172],"tags":[178,24015,32637,177,8740,260833,3566,1537,90,89],"class_list":["post-652004","post","type-post","status-publish","format-standard","has-post-thumbnail","category-affari","tag-affari","tag-aumenti","tag-bollette","tag-business","tag-carburante","tag-caro-energia","tag-energia","tag-it","tag-italia","tag-italy"],"share_on_mastodon":{"url":"https:\/\/pubeurope.com\/@it\/117167425118191827","error":""},"_links":{"self":[{"href":"https:\/\/www.europesays.com\/it\/wp-json\/wp\/v2\/posts\/652004","targetHints":{"allow":["GET"]}}],"collection":[{"href":"https:\/\/www.europesays.com\/it\/wp-json\/wp\/v2\/posts"}],"about":[{"href":"https:\/\/www.europesays.com\/it\/wp-json\/wp\/v2\/types\/post"}],"author":[{"embeddable":true,"href":"https:\/\/www.europesays.com\/it\/wp-json\/wp\/v2\/users\/3"}],"replies":[{"embeddable":true,"href":"https:\/\/www.europesays.com\/it\/wp-json\/wp\/v2\/comments?post=652004"}],"version-history":[{"count":0,"href":"https:\/\/www.europesays.com\/it\/wp-json\/wp\/v2\/posts\/652004\/revisions"}],"wp:featuredmedia":[{"embeddable":true,"href":"https:\/\/www.europesays.com\/it\/wp-json\/wp\/v2\/media\/652005"}],"wp:attachment":[{"href":"https:\/\/www.europesays.com\/it\/wp-json\/wp\/v2\/media?parent=652004"}],"wp:term":[{"taxonomy":"category","embeddable":true,"href":"https:\/\/www.europesays.com\/it\/wp-json\/wp\/v2\/categories?post=652004"},{"taxonomy":"post_tag","embeddable":true,"href":"https:\/\/www.europesays.com\/it\/wp-json\/wp\/v2\/tags?post=652004"}],"curies":[{"name":"wp","href":"https:\/\/api.w.org\/{rel}","templated":true}]}}