{"id":652084,"date":"2026-08-27T13:26:20","date_gmt":"2026-08-27T13:26:20","guid":{"rendered":"https:\/\/www.europesays.com\/it\/652084\/"},"modified":"2026-08-27T13:26:20","modified_gmt":"2026-08-27T13:26:20","slug":"sandra-bullock-dopo-quattro-anni-di-nuovo-sul-red-carpet-dopo-aver-visto-il-look-possiamo-dire-che-e-valsa-la-pena-aspettare","status":"publish","type":"post","link":"https:\/\/www.europesays.com\/it\/652084\/","title":{"rendered":"Sandra Bullock, dopo quattro anni di nuovo sul red carpet. Dopo aver visto il look, possiamo dire che \u00e8 valsa la pena aspettare"},"content":{"rendered":"<p>E invece <strong>Sandra Bullock,<\/strong> per il suo ritorno sul tappeto rosso? Decide di osare, sorprendere, sfoggiando un abito leopardato griffato <strong>Givenchy,<\/strong> proveniente dalla <strong>collezione Autunno-Inverno 2026\/27 opera della direttrice creativa Sarah Burton:<\/strong> un vestito midi con corpetto bustier, con tanto di spacco e un enorme fiocco sul fianco.<\/p>\n<p><img decoding=\"async\" alt=\"Sandra Bullock in Givenchy.\" loading=\"lazy\" class=\"ResponsiveImageContainer-dkeESL cQPiWi responsive-image__image\"   src=\"https:\/\/www.europesays.com\/it\/wp-content\/uploads\/2026\/08\/GettyImages-2292213532.jpg\"\/><\/p>\n<p>Sandra Bullock in Givenchy.<\/p>\n<p>Karwai Tang<\/p>\n<p>A darle un ulteriore tocco di luce ci pensano i gioielli di diamanti <strong>Jessica McCormack:<\/strong> due collane con pendente, un paio di delicati orecchini pendenti e un anello a forma di serpente del valore di oltre 30 mila dollari. Ancor pi\u00f9 audaci per\u00f2 sono le d\u00e9collet\u00e9 nere con cinturino a T e dalla punta aperta: basta voltarsi per notare dei vistosi pompon sul tacco.<\/p>\n<p><img decoding=\"async\" alt=\"I sandali Givenchy indossati da Sandra Bullock.\" loading=\"lazy\" class=\"ResponsiveImageContainer-dkeESL cQPiWi responsive-image__image\"   src=\"https:\/\/www.europesays.com\/it\/wp-content\/uploads\/2026\/08\/GettyImages-2292213539.jpg\"\/><\/p>\n<p>I sandali Givenchy indossati da Sandra Bullock.<\/p>\n<p>Karwai Tang<\/p>\n","protected":false},"excerpt":{"rendered":"E invece Sandra Bullock, per il suo ritorno sul tappeto rosso? Decide di osare, sorprendere, sfoggiando un abito&hellip;\n","protected":false},"author":3,"featured_media":652085,"comment_status":"","ping_status":"","sticky":false,"template":"","format":"standard","meta":{"footnotes":"","_share_on_mastodon":"0"},"categories":[1451],"tags":[1621,1620,1675,203,204,1537,90,89,11722,119511],"class_list":["post-652084","post","type-post","status-publish","format-standard","has-post-thumbnail","category-celebrita","tag-celebrita","tag-celebrities","tag-chanel","tag-entertainment","tag-intrattenimento","tag-it","tag-italia","tag-italy","tag-nicole-kidman","tag-sandra-bullock"],"share_on_mastodon":{"url":"https:\/\/pubeurope.com\/@it\/117167705392832299","error":""},"_links":{"self":[{"href":"https:\/\/www.europesays.com\/it\/wp-json\/wp\/v2\/posts\/652084","targetHints":{"allow":["GET"]}}],"collection":[{"href":"https:\/\/www.europesays.com\/it\/wp-json\/wp\/v2\/posts"}],"about":[{"href":"https:\/\/www.europesays.com\/it\/wp-json\/wp\/v2\/types\/post"}],"author":[{"embeddable":true,"href":"https:\/\/www.europesays.com\/it\/wp-json\/wp\/v2\/users\/3"}],"replies":[{"embeddable":true,"href":"https:\/\/www.europesays.com\/it\/wp-json\/wp\/v2\/comments?post=652084"}],"version-history":[{"count":0,"href":"https:\/\/www.europesays.com\/it\/wp-json\/wp\/v2\/posts\/652084\/revisions"}],"wp:featuredmedia":[{"embeddable":true,"href":"https:\/\/www.europesays.com\/it\/wp-json\/wp\/v2\/media\/652085"}],"wp:attachment":[{"href":"https:\/\/www.europesays.com\/it\/wp-json\/wp\/v2\/media?parent=652084"}],"wp:term":[{"taxonomy":"category","embeddable":true,"href":"https:\/\/www.europesays.com\/it\/wp-json\/wp\/v2\/categories?post=652084"},{"taxonomy":"post_tag","embeddable":true,"href":"https:\/\/www.europesays.com\/it\/wp-json\/wp\/v2\/tags?post=652084"}],"curies":[{"name":"wp","href":"https:\/\/api.w.org\/{rel}","templated":true}]}}