{"id":652091,"date":"2026-08-27T13:31:19","date_gmt":"2026-08-27T13:31:19","guid":{"rendered":"https:\/\/www.europesays.com\/it\/652091\/"},"modified":"2026-08-27T13:31:19","modified_gmt":"2026-08-27T13:31:19","slug":"superman-man-of-tomorrow-terminate-le-riprese-del-film-i-sky-tg24","status":"publish","type":"post","link":"https:\/\/www.europesays.com\/it\/652091\/","title":{"rendered":"Superman: Man of Tomorrow, terminate le riprese del film I Sky TG24"},"content":{"rendered":"<p>\u201cLe<strong> riprese principali <\/strong>di Man of Tomorrow sono <strong>terminate<\/strong>\u201d. In un post Instagram, <a data-intcmp=\"skytg24_foglia articolo_interlink_text\" href=\"https:\/\/tg24.sky.it\/spettacolo\/serie-tv\/2026\/05\/27\/superman-euphoria-cameo\" target=\"_self\" rel=\"nofollow noopener\">James Gunn<\/a> ha condiviso un aggiornamento sugli sviluppi del <strong>film<\/strong> <a data-intcmp=\"skytg24_foglia articolo_interlink_text\" href=\"https:\/\/tg24.sky.it\/spettacolo\/cinema\/2025\/09\/03\/man-of-tomorrow-data-uscita\" target=\"_self\" rel=\"nofollow noopener\">Superman: Man of Tomorrow<\/a>, il sequel della pellicola <a data-intcmp=\"skytg24_foglia articolo_interlink_text\" href=\"https:\/\/tg24.sky.it\/spettacolo\/cinema\/2025\/07\/10\/scene-post-credit-superman-2025\" target=\"_self\" rel=\"nofollow noopener\">Superman<\/a> (2025). \u201c\u00c8 stata un\u2019esperienza davvero gioiosa e sono immensamente grato al cast e alla troupe\u201d, ha concluso in occasione dell\u2019ultimo giorno sul set. Il film di DC Studios, con protagonista <a data-intcmp=\"skytg24_foglia articolo_interlink_text\" href=\"https:\/\/tg24.sky.it\/spettacolo\/cinema\/2026\/04\/15\/superman-david-corenswet\" target=\"_self\" rel=\"nofollow noopener\">David Corenswet<\/a> nei panni di Clark Kent (apparso anche in <a data-intcmp=\"skytg24_foglia articolo_interlink_text\" href=\"https:\/\/tg24.sky.it\/spettacolo\/cinema\/2026\/06\/25\/supergirl-film\" target=\"_self\" rel=\"nofollow noopener\">Supergirl<\/a> con Milly Alcock, uscito nell\u2019estate 2026), arriver\u00e0 nei <strong>cinema<\/strong> il <strong>9 luglio 2027<\/strong>. Per celebrare il traguardo, Gunn ha pubblicato due foto. Nella prima, l\u2019attore <strong>Nicholas Hoult<\/strong>, che interpreta <strong>Lex Luthor<\/strong> nell\u2019universo DC, saluta verso l\u2019obiettivo mentre nuota nelle acque verdi di un lago, dove si \u00e8 tuffato dopo l\u2019ultima ripresa. Nella seconda, invece, compare \u201cil gruppo di esperti (tranne Brian) che si \u00e8 riunito nella sala video durante tutte le riprese. Rendono divertente fare film\u201d. Soltanto lo scorso aprile, <a data-intcmp=\"skytg24_foglia articolo_interlink_text\" href=\"https:\/\/tg24.sky.it\/spettacolo\/cinema\/2026\/04\/21\/superman-man-of-tomorrow\" target=\"_self\" rel=\"nofollow noopener\">Gunn aveva annunciato per la prima volta su Instagram l\u2019inizio delle riprese<\/a> con la foto di un distintivo con la scritta \u201cLuthor, A\u201d, una scacchiera e un sacchetto di patatine. All\u2019inizio di giugno aveva poi svelato in anteprima la tuta da combattimento di Lex Luthor: \u201cProva costume. In diretta dal set di Man of Tomorrow\u201d.<\/p>\n<p>\t\t \tLA TRAMA E IL CAST<\/p>\n<p>Il film Superman: Man of Tomorrow \u00e8 il sequel di Superman (2025), con protagonista l\u2019attore David Corenswet nei panni dell\u2019Uomo di Acciaio. Nella nuova avventura, Superman \u00e8 costretto a collaborare con il suo avversario, Lex Luthor (Nicholas Hoult) per sconfiggere una minaccia ancora pi\u00f9 grande: il super-intelligente antagonista Brainiac (Lars Eidinger). Il <strong>cast<\/strong> include anche Rachel Brosnahan nei panni di Lois Lane, Skyler Gisondo nei panni di Jimmy Olsen, Sara Sampaio nei panni di Eve Teschmacher, Isabela Merced nei panni di Hawkgirl, Nathan Fillion nei panni di Guy Gardner, Edi Gathegi nei panni di Mister Terrific e Adria Arjona nei panni di Maxima. Milly Alcock, che nel precedente episodio aveva fatto un cameo nei panni di Kara Zor-El, la cugina di Superman, torner\u00e0 nel sequel dopo aver ricoperto il ruolo di protagonista nel blockbuster Supergirl (2026). Inoltre, Aaron Pierre, che interpreta il ruolo di John Stewart nella serie tv Lanterns, approder\u00e0 sul grande schermo proprio nel sequel. Infine, Xolo Maridue\u00f1a vestir\u00e0 ancora una volta i panni di Blue Beetle dopo l\u2019omonimo film diretto da \u00c1ngel Manuel Soto nel 2023.<\/p>\n<p>\t\t\t<a class=\"c-inline-card j-inline-card c-inline-card--with-image\" href=\"https:\/\/tg24.sky.it\/spettacolo\/cinema\/2026\/05\/07\/superman-man-of-tomorrow-matthew-lillard\" rel=\"follow nofollow noopener\" data-intcmp=\"skytg24_articolo_approfondimenti_inline\" target=\"_blank\"><\/p>\n<p>\t\t\t         <img decoding=\"async\" crossorigin=\"anonymous\" alt=\"\"  loading=\"lazy\"  src=\"https:\/\/www.europesays.com\/it\/wp-content\/uploads\/2026\/08\/matthew-lillard-getty.jpg\"\/><\/p>\n<p>\n\t\t\t         Approfondimento<br \/>\n\t\t\t         Superman: Man of Tomorrow, Matthew Lillard nel cast del film\n\t\t\t      <\/p>\n<p>\t\t\t<\/a><\/p>\n<p>\t\t \tGLI SVILUPPI DEI PROGETTI DC STUDIOS<\/p>\n<p>James Gunn ha recentemente smentito le voci sui progetti dei DC Studios in seguito alla fusione tra Paramount e Warner Bros.. Come spiega la rivista Deadline, l&#8217;operazione straordinaria tra le due societ\u00e0 \u00e8 attualmente in fase di stallo, ma questa situazione non implica in ogni caso la sospensione dello sviluppo dei franchise di supereroi di DC. \u201cNulla \u00e8 in sospeso\u201d, ha anzi confermato Gunn, che ha risposto cos\u00ec alla domanda di un fan su Threads. Un altro fan ha poi pubblicato uno screenshot, nel quale si affermava che il regista Andy Muschietti aveva dichiarato che i lavori sul film di Batman, basato su The Brave and the Bold, erano stati sospesi proprio a causa della fusione. \u201cNon sembra una cosa che Andy avrebbe detto, ma il progetto non \u00e8 assolutamente in sospeso&#8221;, ha risposto Gunn.<\/p>\n<p>\t\t\t<a class=\"c-inline-card j-inline-card c-inline-card--with-image\" href=\"https:\/\/tg24.sky.it\/spettacolo\/cinema\/2026\/03\/13\/superman-man-of-tomorrow-aaron-pierre\" rel=\"follow nofollow noopener\" data-intcmp=\"skytg24_articolo_approfondimenti_inline\" target=\"_blank\"><\/p>\n<p>\t\t\t         <img decoding=\"async\" crossorigin=\"anonymous\" alt=\"\"  loading=\"lazy\"  src=\"https:\/\/www.europesays.com\/it\/wp-content\/uploads\/2026\/04\/aaron-GettyImages-2262568566.jpg\"\/><\/p>\n<p>\n\t\t\t         Approfondimento<br \/>\n\t\t\t         Superman: Man of Tomorrow, Aaron Pierre entra nel cast del film sequel\n\t\t\t      <\/p>\n<p>\t\t\t<\/a><\/p>\n","protected":false},"excerpt":{"rendered":"\u201cLe riprese principali di Man of Tomorrow sono terminate\u201d. In un post Instagram, James Gunn ha condiviso un&hellip;\n","protected":false},"author":3,"featured_media":652092,"comment_status":"","ping_status":"","sticky":false,"template":"","format":"standard","meta":{"footnotes":"","_share_on_mastodon":"0"},"categories":[1442],"tags":[203,454,204,1537,90,89,1521,3111,4666],"class_list":["post-652091","post","type-post","status-publish","format-standard","has-post-thumbnail","category-film","tag-entertainment","tag-film","tag-intrattenimento","tag-it","tag-italia","tag-italy","tag-movies","tag-sequel","tag-superman"],"share_on_mastodon":{"url":"https:\/\/pubeurope.com\/@it\/117167724974112740","error":""},"_links":{"self":[{"href":"https:\/\/www.europesays.com\/it\/wp-json\/wp\/v2\/posts\/652091","targetHints":{"allow":["GET"]}}],"collection":[{"href":"https:\/\/www.europesays.com\/it\/wp-json\/wp\/v2\/posts"}],"about":[{"href":"https:\/\/www.europesays.com\/it\/wp-json\/wp\/v2\/types\/post"}],"author":[{"embeddable":true,"href":"https:\/\/www.europesays.com\/it\/wp-json\/wp\/v2\/users\/3"}],"replies":[{"embeddable":true,"href":"https:\/\/www.europesays.com\/it\/wp-json\/wp\/v2\/comments?post=652091"}],"version-history":[{"count":0,"href":"https:\/\/www.europesays.com\/it\/wp-json\/wp\/v2\/posts\/652091\/revisions"}],"wp:featuredmedia":[{"embeddable":true,"href":"https:\/\/www.europesays.com\/it\/wp-json\/wp\/v2\/media\/652092"}],"wp:attachment":[{"href":"https:\/\/www.europesays.com\/it\/wp-json\/wp\/v2\/media?parent=652091"}],"wp:term":[{"taxonomy":"category","embeddable":true,"href":"https:\/\/www.europesays.com\/it\/wp-json\/wp\/v2\/categories?post=652091"},{"taxonomy":"post_tag","embeddable":true,"href":"https:\/\/www.europesays.com\/it\/wp-json\/wp\/v2\/tags?post=652091"}],"curies":[{"name":"wp","href":"https:\/\/api.w.org\/{rel}","templated":true}]}}