{"id":652268,"date":"2026-08-27T15:53:21","date_gmt":"2026-08-27T15:53:21","guid":{"rendered":"https:\/\/www.europesays.com\/it\/652268\/"},"modified":"2026-08-27T15:53:21","modified_gmt":"2026-08-27T15:53:21","slug":"incidente-lungo-la-e45-auto-si-ribalta","status":"publish","type":"post","link":"https:\/\/www.europesays.com\/it\/652268\/","title":{"rendered":"Incidente lungo la E45, auto si ribalta"},"content":{"rendered":"<p>Incidente nel primo pomeriggio di oggi, 27 agosto, lungo la E45 poco prima dello svincolo di Citt\u00e0 di Castello nord, in direzione sud.<\/p>\n<p>Per cause ancora in fase di accertamento un&#8217;auto si \u00e8 ribaltata lungo la carreggiata: nel sinistro, \u00e8 rimasta ferita una persona. Per consentire la messa in sicurezza dell&#8217;area provvisoriamente \u00e8 stata chiusa la carreggiata in direzione sud tra gli svincoli Piastra Logistica e Citt\u00e0 di Castello nord. Dalle prime informazioni, sul posto sarebbe arrivato anche l&#8217;elisoccorso Nibbio.<\/p>\n<p>Il traffico \u00e8 deviato sulla viabilit\u00e0 secondaria con indicazioni sul posto.<\/p>\n<p>Il personale Anas \u00e8 intervenuto per ripristinare la transitabilit\u00e0.<\/p>\n<p>Notizia in aggiornamento<\/p>\n","protected":false},"excerpt":{"rendered":"Incidente nel primo pomeriggio di oggi, 27 agosto, lungo la E45 poco prima dello svincolo di Citt\u00e0 di&hellip;\n","protected":false},"author":3,"featured_media":652269,"comment_status":"","ping_status":"","sticky":false,"template":"","format":"standard","meta":{"footnotes":"","_share_on_mastodon":"0"},"categories":[79],"tags":[11498,14,93,94,35265,11149,1537,90,89,7,15,11,84,91,12,85,92],"class_list":["post-652268","post","type-post","status-publish","format-standard","has-post-thumbnail","category-italia","tag-citta-di-castello","tag-cronaca","tag-cronaca-italiana","tag-cronacaitaliana","tag-e45","tag-incidente-stradale","tag-it","tag-italia","tag-italy","tag-news","tag-notizie","tag-ultime-notizie","tag-ultime-notizie-e-news-di-oggi","tag-ultime-notizie-italia","tag-ultimenotizie","tag-ultimenotizieenewsdioggi","tag-ultimenotizieitalia"],"share_on_mastodon":{"url":"https:\/\/pubeurope.com\/@it\/117168282552533844","error":""},"_links":{"self":[{"href":"https:\/\/www.europesays.com\/it\/wp-json\/wp\/v2\/posts\/652268","targetHints":{"allow":["GET"]}}],"collection":[{"href":"https:\/\/www.europesays.com\/it\/wp-json\/wp\/v2\/posts"}],"about":[{"href":"https:\/\/www.europesays.com\/it\/wp-json\/wp\/v2\/types\/post"}],"author":[{"embeddable":true,"href":"https:\/\/www.europesays.com\/it\/wp-json\/wp\/v2\/users\/3"}],"replies":[{"embeddable":true,"href":"https:\/\/www.europesays.com\/it\/wp-json\/wp\/v2\/comments?post=652268"}],"version-history":[{"count":0,"href":"https:\/\/www.europesays.com\/it\/wp-json\/wp\/v2\/posts\/652268\/revisions"}],"wp:featuredmedia":[{"embeddable":true,"href":"https:\/\/www.europesays.com\/it\/wp-json\/wp\/v2\/media\/652269"}],"wp:attachment":[{"href":"https:\/\/www.europesays.com\/it\/wp-json\/wp\/v2\/media?parent=652268"}],"wp:term":[{"taxonomy":"category","embeddable":true,"href":"https:\/\/www.europesays.com\/it\/wp-json\/wp\/v2\/categories?post=652268"},{"taxonomy":"post_tag","embeddable":true,"href":"https:\/\/www.europesays.com\/it\/wp-json\/wp\/v2\/tags?post=652268"}],"curies":[{"name":"wp","href":"https:\/\/api.w.org\/{rel}","templated":true}]}}