{"id":652297,"date":"2026-08-27T16:16:14","date_gmt":"2026-08-27T16:16:14","guid":{"rendered":"https:\/\/www.europesays.com\/it\/652297\/"},"modified":"2026-08-27T16:16:14","modified_gmt":"2026-08-27T16:16:14","slug":"casa-abis-facciamo-ridere-raccontando-le-dinamiche-di-coppia-sandra-e-raimondo-unispirazione","status":"publish","type":"post","link":"https:\/\/www.europesays.com\/it\/652297\/","title":{"rendered":"Casa Abis: &#8220;Facciamo ridere raccontando le dinamiche di coppia. Sandra e Raimondo? Un&#8217;ispirazione&#8221;"},"content":{"rendered":"<p><strong>Casa Abis<\/strong> \u00e8 molto pi\u00f9 di un fenomeno social. <strong>Gabriele Abis e Stella Falchi<\/strong>, coppia sentimentale e artistica, spopolano coi loro sketch comici che raccontano le dinamiche di vita vera tra uomini e donne. I loro video\u00a0 divertentissimi fanno milioni di visualizzazioni e a teatro il loro spettacolo, <strong>Ancora in 2<\/strong>, ha ottenuto un successo enorme, tanto che torneranno a calcare le scene di tutta Italia da febbraio 2027.<\/p>\n<p><strong>Stella e Gabriele<\/strong> ci raccontano la loro storia d\u2019amore svelando un dettaglio da vera e propria commedia romantica, come \u00e8 nata Casa Abis, quali sono i loro progetti futuri con il sogno del cinema, affascinati da Sandra e Raimondo per la loro capacit\u00e0 di costruire una lunga carriera insieme.<\/p>\n<p><strong>Vi siete conosciuti prima come coppia nella vita o come coppia professionale?<\/strong><br \/><strong>Gabriele:<\/strong> Sicuramente prima come coppia privata. In realt\u00e0 ci conosciamo da tantissimo tempo, anche se non ce ne eravamo resi conto subito: abbiamo frequentato insieme persino l\u2019asilo e la scuola materna. L\u2019abbiamo scoperto soltanto dopo esserci fidanzati, quando abbiamo trovato delle fotografie in cui eravamo nello stesso posto e addirittura nella stessa classe.<br \/><strong>Stella:<\/strong> Ufficialmente, invece, ci siamo conosciuti a diciott\u2019anni grazie ad amicizie comuni. Poi, quando abbiamo approfondito la conoscenza, \u00e8 arrivato anche il lavoro: tutto \u00e8 cominciato grazie a una pi\u00e8ce teatrale.<br \/><strong>Gabriele:<\/strong> Avevo scritto e diretto uno spettacolo e cercavo un\u2019attrice che sapesse anche ballare. Ho incontrato Stella per caso e le ho chiesto se volesse partecipare al progetto. Ha accettato e abbiamo iniziato a collaborare. Insomma, forse era davvero destino.<\/p>\n<p><strong>E quando \u00e8 nata l\u2019idea di trasformarvi in Casa Abis?<\/strong><br \/><strong>Gabriele:<\/strong> In realt\u00e0 Casa Abis \u00e8 stata la concretizzazione di qualcosa che facevamo gi\u00e0. Dal 2016, da quando stavamo insieme, ci divertivamo a riprenderci e a realizzare piccoli video comici.<br \/><strong>Stella:<\/strong> Era una vera e propria valvola di sfogo. La nostra quotidianit\u00e0 professionale era soprattutto il teatro: testi, prosa, spettacoli, corsi con gli allievi. Era un lavoro pi\u00f9 impegnativo e strutturato, mentre quei video nascevano semplicemente dal desiderio di divertirci. Mettevamo il telefono davanti a noi e vedevamo che cosa succedeva.<br \/><strong>Gabriele:<\/strong> Nell\u2019estate del 2021, dopo il Covid, abbiamo pensato: perch\u00e9 non provare a pubblicare sui social quei video divertenti di coppia che gi\u00e0 facevamo? Il pubblico ha apprezzato e, con impegno e costanza, \u00e8 arrivato poi l\u2019exploit nell\u2019inverno del 2022.<\/p>\n<p><strong>Nei vostri sketch quanto c\u2019\u00e8 della vostra vera vita di coppia?<\/strong><br \/><strong>Stella:<\/strong> Non prendiamo spunto esclusivamente da noi. Certo, essere un uomo e una donna ci offre gi\u00e0 un universo enorme con cui giocare, ma sarebbe limitante raccontare soltanto i nostri problemi o i nostri fraintendimenti.<br \/><strong>Gabriele:<\/strong> Ci ispirano gli amici, i parenti, le situazioni che qualcuno ci racconta, le osservazioni sulla vita quotidiana. Ci interessano soprattutto quei meccanismi universali in cui le persone possono riconoscersi.<\/p>\n<p><strong>Secondo voi, allora, per che cosa litigano pi\u00f9 spesso uomini e donne?<\/strong><br \/><strong>Stella:<\/strong> Per me un grande tema \u00e8 la gestione del tempo. Ho l\u2019impressione che molte donne pensino continuamente a tutto ci\u00f2 che devono fare e provino a incastrare pi\u00f9 cose nello stesso arco di tempo. Gli uomini, invece, almeno secondo lo stereotipo su cui giochiamo noi, vivono il tempo in maniera molto pi\u00f9 dilatata e tranquilla.<br \/><strong>Gabriele:<\/strong> Io direi che la differenza sta soprattutto nella gestione delle emozioni. L\u2019uomo tende maggiormente a cercare una soluzione pratica al problema; la donna, invece, spesso sente il bisogno di viverlo, elaborarlo, metabolizzarlo e cercare anche empatia. Ed \u00e8 l\u00ec che possono nascere molti fraintendimenti.<\/p>\n<p><strong>Avete parlato di stereotipi. Nella comicit\u00e0 funzionano ancora?<br \/><\/strong><strong>Gabriele:<\/strong> Assolutamente s\u00ec. Lo stereotipo \u00e8 alla base della comicit\u00e0, perch\u00e9 permette al pubblico di riconoscersi immediatamente in qualcosa. La grande comicit\u00e0 degli anni Ottanta e Novanta, per esempio, era costruita proprio su questi meccanismi. Naturalmente lo stereotipo nella vita reale pu\u00f2 essere qualcosa da superare, ma la comicit\u00e0 ha anche il compito di raccontare gli errori, le contraddizioni e le cose pi\u00f9 inconfessabili dell\u2019essere umano. Secondo me il comico non deve necessariamente prendere posizione: deve essere capace di osservare e raccontare.<br \/><strong>Stella:<\/strong> Pensiamo, per esempio, a <a href=\"https:\/\/dilei.it\/star-e-vip\/checco-zalone\/\" rel=\"nofollow noopener\" target=\"_blank\">Checco Zalone<\/a>: racconta l\u2019italiano medio e i suoi stereotipi. Non \u00e8 necessario sapere quanto quel personaggio coincida con ci\u00f2 che pensa realmente l\u2019artista. Quello che conta \u00e8 la capacit\u00e0 di raccontare un certo tipo di umanit\u00e0.<\/p>\n<p><strong>\u00c8 vero che, almeno in parte, vi siete ispirati a Sandra e Raimondo Vianello?<\/strong><br \/><strong>Stella:<\/strong><a href=\"https:\/\/dilei.it\/lifestyle\/17-gennaio-1988-cosi-nasceva-casa-vianello\/1346495\/\" rel=\"nofollow noopener\" target=\"_blank\"> Sandra e Raimondo<\/a> hanno fatto parte della mia infanzia. Li guardavo e mi divertivo moltissimo, quindi sicuramente qualcosa \u00e8 rimasto dentro di me. Da bambina mi divertivo persino a imitare Sandra e la celebre scena del letto.<br \/><strong>Gabriele:<\/strong> Pi\u00f9 che una fonte diretta per i nostri personaggi, sono un\u2019ispirazione per la carriera. Sarebbe bellissimo riuscire a ripercorrere, in qualche modo, un percorso artistico cos\u00ec importante. Anche il nome Casa Abis pu\u00f2 richiamare quel tipo di immaginario legato alla coppia, ma soprattutto siamo affascinati dalla loro capacit\u00e0 di costruire una lunga carriera insieme.<\/p>\n<p><strong>Da esperti di dinamiche di coppia, che cosa pensate di un fenomeno che ha spopolato come Temptation Island?<\/strong><br \/><strong>Gabriele:<\/strong> \u00c8 una trasmissione fortissima, capace di tenere milioni di persone davanti alla televisione. Oggi non \u00e8 semplice riuscire a creare un appuntamento cos\u00ec coinvolgente. Per me \u00e8 un prodotto interessante perch\u00e9 mette al centro emozioni come la gelosia e le dinamiche sentimentali attraverso una sorta di esperimento.<br \/><strong>Stella:<\/strong> Io confesso di fare pi\u00f9 fatica. Ogni tanto ho provato a guardarlo perch\u00e9 sono curiosa, ma mi mette in imbarazzo. Mi chiedo sempre se stiano recitando, anche se mi dicono che non \u00e8 cos\u00ec. Inoltre, per quanto le reazioni possano essere autentiche, il contesto non \u00e8 la vita quotidiana: \u00e8 una situazione costruita appositamente per mettere alla prova una coppia.<br \/><strong>Gabriele:<\/strong> Proprio per questo l\u2019ho trovato un esperimento curioso: si osservano persone che scelgono di mettere i propri sentimenti e la propria relazione in una situazione estrema, davanti alle telecamere. E comunque \u00e8 innegabile che riesca a suscitare dibattito.<\/p>\n<p><strong>E per quanto riguarda il cinema: che cosa sognate per il vostro futuro?<\/strong><br \/><strong>Gabriele:<\/strong> Siamo convinti che il nostro pubblico sarebbe felice di vederci anche al cinema. Vorremmo raccontarci in modo semplice, mantenendo quel linguaggio che gi\u00e0 ci appartiene.<br \/><strong>Stella:<\/strong> Il nostro sogno sono le rom-com, le commedie romantiche. Ci piacerebbe interpretare due protagonisti che, di volta in volta, vivono situazioni diverse e complicate, ma che in qualche modo ritrovano sempre il loro legame.<br \/><strong>Gabriele:<\/strong> In fondo, i nostri contenuti sul web sono gi\u00e0 dei piccoli film. Non guardiamo in camera, non facciamo lifestyle o influencer marketing: costruiamo sketch con due personaggi che interagiscono tra loro. Sono storie brevi che potrebbero tranquillamente essere estrapolate da un film. Stiamo lavorando a questo sogno, anche se sappiamo che i tempi non sono semplici.<br \/><strong>Stella:<\/strong> C\u2019\u00e8 poi anche un pregiudizio legato ai social. Molti ci hanno conosciuti attraverso quelle piattaforme e magari non sanno che noi facciamo teatro e recitazione da sempre. Casa Abis \u00e8 arrivata dopo. Siamo felici del percorso fatto sui social, perch\u00e9 li abbiamo utilizzati come artisti per arrivare al pubblico, e per noi \u00e8 stato un grande strumento. Per\u00f2 speriamo che chi ci incontra oggi abbia la curiosit\u00e0 di scoprire anche tutto ci\u00f2 che c\u2019\u00e8 stato prima e tutto quello che possiamo fare oltre Casa Abis.<\/p>\n<p><strong>Quindi, dopo aver conquistato il pubblico con gli sketch, il prossimo obiettivo \u00e8 farlo ridere anche al cinema?<\/strong><br \/><strong>Stella:<\/strong> Sarebbe davvero bellissimo.<br \/><strong>Gabriele:<\/strong> Diciamo che ci stiamo lavorando e ce la stiamo mettendo tutta. Il nostro sogno \u00e8 continuare a raccontare storie, sempre insieme, cambiando magari il formato, ma senza perdere quello che siamo.\u00a0Casa Abis, del resto, \u00e8 nata proprio cos\u00ec: da una coppia, da una storia condivisa e dalla voglia di osservare la realt\u00e0 con leggerezza. E forse \u00e8 questo il segreto della loro comicit\u00e0: trasformare le differenze, i fraintendimenti e persino le piccole discussioni quotidiane in qualcosa che, alla fine, fa sentire tutti un po\u2019 pi\u00f9 a casa.<\/p>\n","protected":false},"excerpt":{"rendered":"Casa Abis \u00e8 molto pi\u00f9 di un fenomeno social. Gabriele Abis e Stella Falchi, coppia sentimentale e artistica,&hellip;\n","protected":false},"author":3,"featured_media":652298,"comment_status":"","ping_status":"","sticky":false,"template":"","format":"standard","meta":{"footnotes":"","_share_on_mastodon":"0"},"categories":[174],"tags":[203,6272,204,1537,90,89,4887],"class_list":["post-652297","post","type-post","status-publish","format-standard","has-post-thumbnail","category-intrattenimento","tag-entertainment","tag-interviste","tag-intrattenimento","tag-it","tag-italia","tag-italy","tag-teatro"],"share_on_mastodon":{"url":"https:\/\/pubeurope.com\/@it\/117168373073581152","error":""},"_links":{"self":[{"href":"https:\/\/www.europesays.com\/it\/wp-json\/wp\/v2\/posts\/652297","targetHints":{"allow":["GET"]}}],"collection":[{"href":"https:\/\/www.europesays.com\/it\/wp-json\/wp\/v2\/posts"}],"about":[{"href":"https:\/\/www.europesays.com\/it\/wp-json\/wp\/v2\/types\/post"}],"author":[{"embeddable":true,"href":"https:\/\/www.europesays.com\/it\/wp-json\/wp\/v2\/users\/3"}],"replies":[{"embeddable":true,"href":"https:\/\/www.europesays.com\/it\/wp-json\/wp\/v2\/comments?post=652297"}],"version-history":[{"count":0,"href":"https:\/\/www.europesays.com\/it\/wp-json\/wp\/v2\/posts\/652297\/revisions"}],"wp:featuredmedia":[{"embeddable":true,"href":"https:\/\/www.europesays.com\/it\/wp-json\/wp\/v2\/media\/652298"}],"wp:attachment":[{"href":"https:\/\/www.europesays.com\/it\/wp-json\/wp\/v2\/media?parent=652297"}],"wp:term":[{"taxonomy":"category","embeddable":true,"href":"https:\/\/www.europesays.com\/it\/wp-json\/wp\/v2\/categories?post=652297"},{"taxonomy":"post_tag","embeddable":true,"href":"https:\/\/www.europesays.com\/it\/wp-json\/wp\/v2\/tags?post=652297"}],"curies":[{"name":"wp","href":"https:\/\/api.w.org\/{rel}","templated":true}]}}