{"id":652405,"date":"2026-08-27T17:43:20","date_gmt":"2026-08-27T17:43:20","guid":{"rendered":"https:\/\/www.europesays.com\/it\/652405\/"},"modified":"2026-08-27T17:43:20","modified_gmt":"2026-08-27T17:43:20","slug":"maltempo-allerta-arancione-in-lombardia-e-gialla-in-piemonte-temporali-e-vento-forte","status":"publish","type":"post","link":"https:\/\/www.europesays.com\/it\/652405\/","title":{"rendered":"Maltempo, allerta arancione in Lombardia e gialla in Piemonte: temporali e vento forte"},"content":{"rendered":"<p>Una perturbazione in transito sulle Alpi riporta i temporali al Nord dopo giorni di caldo. Per venerd\u00ec 28 agosto la Protezione civile ha diramato allerta arancione in Lombardia e gialla anche in Piemonte, con rovesci intensi, raffiche di vento e grandinate. In Veneto resta l&#8217;allerta per il caldo, prima del calo delle temperature nel weekend<\/p>\n<p>Il caldo lascia spazio ai temporali. Una perturbazione in rapido transito sull&#8217;arco alpino riporta l&#8217;instabilit\u00e0 al Nord e per la giornata di venerd\u00ec 28 agosto la Protezione civile ha diramato l&#8217;allerta arancione per rischio temporali su alcuni settori della Lombardia, e l&#8217;allerta gialla su altre zone della stessa regione e del Piemonte. Attesi rovesci forti, raffiche di vento e grandinate.<\/p>\n<p>\t\t \t<strong>Cosa succede venerd\u00ec<\/strong><\/p>\n<p>A cambiare lo scenario \u00e8 il passaggio veloce di un impulso perturbato, che porta un rapido aumento dei venti in quota e dell&#8217;instabilit\u00e0. Dalle prime ore del mattino sono attesi venti meridionali da burrasca a burrasca forte sui settori alpini di Lombardia, Veneto e Provincia autonoma di Trento. Le piogge colpiranno soprattutto i settori alpini e pedemontani di Piemonte e Lombardia, con i fenomeni pi\u00f9 intensi nelle zone settentrionali. A completare il quadro, secondo la Protezione civile, rovesci di forte intensit\u00e0, forti raffiche di vento, grandinate locali e frequente attivit\u00e0 elettrica.<\/p>\n<p>\t\t\t<a class=\"c-inline-card j-inline-card c-inline-card--with-image\" href=\"https:\/\/tg24.sky.it\/cronaca\/2026\/08\/27\/caldo-bollini-citta\" rel=\"follow nofollow noopener\" data-intcmp=\"skytg24_articolo_approfondimenti_inline\" target=\"_blank\"><\/p>\n<p>\t\t\t         <img decoding=\"async\" crossorigin=\"anonymous\" alt=\"\"  loading=\"lazy\"  src=\"https:\/\/www.europesays.com\/it\/wp-content\/uploads\/2026\/08\/1787852600_737_caldo_ansa_3456.JPG\"\/><\/p>\n<p>\n\t\t\t         Leggi anche<br \/>\n\t\t\t         Nuova ondata di caldo sull&#8217;Italia: quali saranno le citt\u00e0 pi\u00f9 roventi\n\t\t\t      <\/p>\n<p>\t\t\t<\/a><\/p>\n<p>\t\t\t<strong>Il caldo in Veneto<\/strong><\/p>\n<p>Diverso il quadro in Veneto, dove la Protezione civile regionale ha dichiarato l&#8217;allerta gialla per il rischio di ondate di calore, valida per oggi e domani su gran parte del territorio, insieme a quella per rischio vento sulle dorsali prealpine e sulle Dolomiti. Anche qui, per\u00f2, venerd\u00ec pomeriggio \u00e8 attesa una crescente instabilit\u00e0, con rovesci e temporali che dalle zone montane potranno estendersi in forma locale alla pianura, senza escludere fenomeni intensi. Il disagio legato al caldo, oggi intenso su pedemontana, pianura e costa, \u00e8 destinato ad attenuarsi.<\/p>\n<p>\t\t\t<strong>Il weekend<\/strong><\/p>\n<p>Per il fine settimana il tempo si fa a tratti variabile, soprattutto sulle zone montane e pedemontane, ma con probabilit\u00e0 molto bassa di pioggia e vento. Tra sabato e domenica il disagio fisico dovrebbe ridursi ulteriormente, restando al pi\u00f9 moderato solo sulla costa.<\/p>\n<p>\t            TAG:<\/p>\n","protected":false},"excerpt":{"rendered":"Una perturbazione in transito sulle Alpi riporta i temporali al Nord dopo giorni di caldo. Per venerd\u00ec 28&hellip;\n","protected":false},"author":3,"featured_media":652406,"comment_status":"","ping_status":"","sticky":false,"template":"","format":"standard","meta":{"footnotes":"","_share_on_mastodon":"0"},"categories":[79],"tags":[4167,6489,14,93,94,1537,90,89,5762,437,7,15,2059,11,84,91,12,85,92,108],"class_list":["post-652405","post","type-post","status-publish","format-standard","has-post-thumbnail","category-italia","tag-allerta","tag-allerta-meteo","tag-cronaca","tag-cronaca-italiana","tag-cronacaitaliana","tag-it","tag-italia","tag-italy","tag-lombardia","tag-maltempo","tag-news","tag-notizie","tag-piemonte","tag-ultime-notizie","tag-ultime-notizie-e-news-di-oggi","tag-ultime-notizie-italia","tag-ultimenotizie","tag-ultimenotizieenewsdioggi","tag-ultimenotizieitalia","tag-veneto"],"share_on_mastodon":{"url":"https:\/\/pubeurope.com\/@it\/117168715109594617","error":""},"_links":{"self":[{"href":"https:\/\/www.europesays.com\/it\/wp-json\/wp\/v2\/posts\/652405","targetHints":{"allow":["GET"]}}],"collection":[{"href":"https:\/\/www.europesays.com\/it\/wp-json\/wp\/v2\/posts"}],"about":[{"href":"https:\/\/www.europesays.com\/it\/wp-json\/wp\/v2\/types\/post"}],"author":[{"embeddable":true,"href":"https:\/\/www.europesays.com\/it\/wp-json\/wp\/v2\/users\/3"}],"replies":[{"embeddable":true,"href":"https:\/\/www.europesays.com\/it\/wp-json\/wp\/v2\/comments?post=652405"}],"version-history":[{"count":0,"href":"https:\/\/www.europesays.com\/it\/wp-json\/wp\/v2\/posts\/652405\/revisions"}],"wp:featuredmedia":[{"embeddable":true,"href":"https:\/\/www.europesays.com\/it\/wp-json\/wp\/v2\/media\/652406"}],"wp:attachment":[{"href":"https:\/\/www.europesays.com\/it\/wp-json\/wp\/v2\/media?parent=652405"}],"wp:term":[{"taxonomy":"category","embeddable":true,"href":"https:\/\/www.europesays.com\/it\/wp-json\/wp\/v2\/categories?post=652405"},{"taxonomy":"post_tag","embeddable":true,"href":"https:\/\/www.europesays.com\/it\/wp-json\/wp\/v2\/tags?post=652405"}],"curies":[{"name":"wp","href":"https:\/\/api.w.org\/{rel}","templated":true}]}}