{"id":652445,"date":"2026-08-27T18:24:18","date_gmt":"2026-08-27T18:24:18","guid":{"rendered":"https:\/\/www.europesays.com\/it\/652445\/"},"modified":"2026-08-27T18:24:18","modified_gmt":"2026-08-27T18:24:18","slug":"as-roma-le-avversarie-in-champions-league-2026-2027-dopo-il-sorteggio","status":"publish","type":"post","link":"https:\/\/www.europesays.com\/it\/652445\/","title":{"rendered":"AS Roma, le avversarie in Champions League 2026\/2027 dopo il sorteggio"},"content":{"rendered":"<p>La Roma, con Inter, Napoli e Como, rappresenter\u00e0 l\u2019Italia nella Champions League 2026\/2027. I giallorossi mancano dalla massima competizione europea da sette anni e i Friedkin dopo oltre un miliardo speso dal loro insediamento sono riusciti a conquistare la qualificazione all\u2019Europa che conta grazie al lavoro di Gasperini. Ora si apre un nuovo capitolo per la propriet\u00e0 americana, con la squadra inserita nella seconda fascia dopo il buon lavoro fatto negli anni passati in Conference League ed Europa League.\u00a0<\/p>\n<p>I sorteggi\u00a0<\/p>\n<p>Ecco i risultati dei sorteggi e tutti gli incontri della fase a campionato della Champions League 2026\/2027 dell\u2019AS Roma.\u00a0<\/p>\n<p>Le avversarie dell&#8217;AS Roma nella league phase della Champions League sono: il Real Madrid di Mourinho all&#8217;Olimpico, il Paris Saint-Germain di Luis Enrique e campione delle ultime due edizioni della Champions League in trasferta, Sporting Lisbona in casa, Manchester United all&#8217;Old Trafford, Lille in casa, Fenerbahce in trasferta, Bratislava in casa, Aek Atene in trasferta.\u00a0<\/p>\n<p>Il calendario con date e gli orari delle partite, saranno comunicati sabato 29 agosto.<\/p>\n<p>Il focus sulle avversarie della Roma\u00a0<\/p>\n<p>Il Real Madrid di Mourinho. L\u2019uomo che ha condotto la Roma al primo successo Uefa, la Conference League e alla finale di Europa League persa a Budapest torner\u00e0 a Roma e l\u2019accoglienza sar\u00e0 da chi \u00e8 stato acclamato e accolto da eroe nella Capitale. Mou ha allenato la Roma nelle stagioni 2021\/2022, 2022\/2023 prima di essere esonerato. Due stagioni in mezzo in giallorosso.\u00a0<\/p>\n<p>Oltre a Mou, la Roma sfider\u00e0 un altro pezzo del suo passato ovvero il Psg di Luis Enrique e campioni delle ultime due edizioni della Champions League. Il tecnico spagnolo a Roma ha allenato soltanto nella stagione 2011\/2012 facendosi le ossa. Un&#8217;annata in cui ha provato a proporre il suo calcio, ma non fu capito del tutto. La tifoseria \u00e8 rimasta molto legata al tecnico anche per la sua storia umana. Nel Psg anche Marquinos giocatore che ha vestito la maglia giallorossa per una stagione 2013\/2014 prima di sposare la causa parigina.\u00a0<\/p>\n<p>Lo Sporting Lisbona giocher\u00e0 all&#8217;Olimpico. I portoghesi hanno cambiato tanto in questa stagione perdendo pezzi importanti. Una squadra ostica quella lusitana, allenata da Rui Borges che lo scorso arriv\u00f2 fino ai quarti di finale della Champions League.\u00a0<\/p>\n<p>La Roma a distanza di anni torner\u00e0 all&#8217;Old Trafford contro il Manchester United di Carrick. I Red Devils sono in piena fase di trasformazione e non hanno ben iniziato la stagione. La stella \u00e8 senza dubbi il capitano Bruno Fernandes, ex Novara diventato grande in Inghilterra. Il Teatro dei Sogni \u00e8 diventato per\u00f2 un incubo per la Roma dopo il fatidico 7-1 subito nella stagione 2006\/2007 e pi\u00f9 recentemente dopo il 6-2 del 2021.\u00a0<\/p>\n<p>Lille \u00e8 un fresco ricordo della Roma di Gasp. I giallorossi hanno sfidato e perso contro i francesi all&#8217;Olimpico lo scorso anno in Europa League nel match valido per la fase a campionato. Contro Giroud e compagni a essere ricordato \u00e8 stato il triplice errore dal dischetto di Dovbyk e Soul\u00e9.\u00a0<\/p>\n<p>Sulla strada la Roma trover\u00e0 pure un altro ex Lukaku (ex attaccante giallorosso nella stagione 2023\/2024) e vecchie e quasi nuove conoscenze da Guendouzi pronto a ripetere i duelli visti in maglia Lazio contro Dybala e Greenwood sogno non concretizzato del mercato di Gasperini. Una trasferta insidiosa a Istanbul per la Roma.\u00a0<\/p>\n<p>Lo Slovan Bratislava \u00e8 l&#8217;ultima squadra ad essersi qualificata a questa fase della Champions League. Gli slovacchi hanno eliminato in rimonta ai supplementari il Celje. Eroe della serata Martinez autore del gol qualificazione al 100esimo.\u00a0<\/p>\n<p>Aek Atene arriva anche lei dai preliminari. I greci hanno superato agevolmente il Levski Sofia per 4-0 dopo il pareggio dell&#8217;andata. A difendere la porta dei greci ci sar\u00e0 Strakosha ex portiere della Lazio.\u00a0<\/p>\n<p>Il regolamento della Champions League 2026\/2027\u00a0<\/p>\n<p>La Champions League 2026\/2027 vedr\u00e0 al posto dei gironi un girone unico per la fase a campionato. Ogni squadra giocher\u00e0 8 partite (4 in casa, 4 in trasferta) contro due squadre di ogni fascia. Al termine si passer\u00e0 alla fase a eliminazione diretta. Chi si qualifica dal 1\u00b0 all\u2019ottavo posto avanza direttamente agli ottavi, dal nono al 24esimo posto dovr\u00e0 giocare gli spareggi, dal 25esimo al 36esimo eliminazione.\u00a0\u00a0<\/p>\n<p>Le fasce della Champions League 2026\/2027\u2028<\/p>\n<p>Di seguito la suddivisione per fasce delle 36 squadre che prenderanno parte alla Champions League 2026\/2027:\u00a0<\/p>\n<p>Fascia 1: Bayern Monaco, Real Madrid, Paris Saint-Germain; Liverpool, Inter, Manchester City, Arsenal, Barcellona, Atletico Madrid;<\/p>\n<p>Fascia 2: Borussia Dortmund, <strong>AS ROMA<\/strong>, Aston Villa, Porto, Manchester United, Club Brugge, Real Betis, PSV Eindhoven;<\/p>\n<p>Fascia 3: Feyenoord, Lille, Bodo\/Glimt, Napoli, Lipsia, Villarreal, Fenerbahce, Shaktar Donetsk, Galatasaray;<\/p>\n<p>Fascia 4: Slavia Praga, Slovan Bratislava, Stoccarda, AEK Atene, Lask, Como, Lens, Viking, Sabah.\u00a0<\/p>\n<p>Le date della Champions League 2026\/2027\u00a0<\/p>\n<p>Le partite di Champions League partiranno fra l\u20198-10 settembre con la prima giornata. A seguire si ritorna in campo 13\/14 ottobre (2nda giornata), 20\/21 ottobre (terza), 3\/4 novembre (quarta), 24\/2 novembre (quinta), 8\/9 dicembre (sesta), 19\/20 gennaio (settima), 27 gennaio (ottava). Superata questa fase ci saranno i playoff (16\/17 febbraio &#8211; 23\/24 marzo), ottavi (9\/10 &#8211; 16\/17 marzo), quarti (6\/7 &#8211; 13\/14 aprile), semifinali (27\/28 aprile 4\/5 maggio) e infine la finale al Metropolitano di Madrid il 5 giugno.\u00a0<\/p>\n","protected":false},"excerpt":{"rendered":"La Roma, con Inter, Napoli e Como, rappresenter\u00e0 l\u2019Italia nella Champions League 2026\/2027. I giallorossi mancano dalla massima&hellip;\n","protected":false},"author":3,"featured_media":652446,"comment_status":"","ping_status":"","sticky":false,"template":"","format":"standard","meta":{"footnotes":"","_share_on_mastodon":"0"},"categories":[1452],"tags":[7724,721,1970,1740,1537,90,89,1739,55332,245,244],"class_list":["post-652445","post","type-post","status-publish","format-standard","has-post-thumbnail","category-calcio","tag-as-roma","tag-calcio","tag-champions-league","tag-football","tag-it","tag-italia","tag-italy","tag-soccer","tag-sorteggi","tag-sport","tag-sports"],"share_on_mastodon":{"url":"https:\/\/pubeurope.com\/@it\/117168876433999636","error":""},"_links":{"self":[{"href":"https:\/\/www.europesays.com\/it\/wp-json\/wp\/v2\/posts\/652445","targetHints":{"allow":["GET"]}}],"collection":[{"href":"https:\/\/www.europesays.com\/it\/wp-json\/wp\/v2\/posts"}],"about":[{"href":"https:\/\/www.europesays.com\/it\/wp-json\/wp\/v2\/types\/post"}],"author":[{"embeddable":true,"href":"https:\/\/www.europesays.com\/it\/wp-json\/wp\/v2\/users\/3"}],"replies":[{"embeddable":true,"href":"https:\/\/www.europesays.com\/it\/wp-json\/wp\/v2\/comments?post=652445"}],"version-history":[{"count":0,"href":"https:\/\/www.europesays.com\/it\/wp-json\/wp\/v2\/posts\/652445\/revisions"}],"wp:featuredmedia":[{"embeddable":true,"href":"https:\/\/www.europesays.com\/it\/wp-json\/wp\/v2\/media\/652446"}],"wp:attachment":[{"href":"https:\/\/www.europesays.com\/it\/wp-json\/wp\/v2\/media?parent=652445"}],"wp:term":[{"taxonomy":"category","embeddable":true,"href":"https:\/\/www.europesays.com\/it\/wp-json\/wp\/v2\/categories?post=652445"},{"taxonomy":"post_tag","embeddable":true,"href":"https:\/\/www.europesays.com\/it\/wp-json\/wp\/v2\/tags?post=652445"}],"curies":[{"name":"wp","href":"https:\/\/api.w.org\/{rel}","templated":true}]}}