{"id":652471,"date":"2026-08-27T18:38:19","date_gmt":"2026-08-27T18:38:19","guid":{"rendered":"https:\/\/www.europesays.com\/it\/652471\/"},"modified":"2026-08-27T18:38:19","modified_gmt":"2026-08-27T18:38:19","slug":"con-la-quinta-ondata-di-caldo-dellestate-arriva-anche-la-sabbia-del-sahara-sul-mediterraneo","status":"publish","type":"post","link":"https:\/\/www.europesays.com\/it\/652471\/","title":{"rendered":"Con la quinta ondata di caldo dell&#8217;estate, arriva anche la sabbia del Sahara sul Mediterraneo"},"content":{"rendered":"<p><strong>Una vasta nube di pulviscolo africano ha raggiunto il Mediterraneo insieme a una nuova massa d&#8217;aria rovente. Cieli lattiginosi, temperature oltre i 40 gradi e polveri in aumento soprattutto al Centro-Sud. Secondo Copernicus le concentrazioni caleranno da luned\u00ec, ma il caldo rester\u00e0 a lungo<\/strong><\/p>\n<p>Cieli lattiginosi, una luce quasi irreale e il ritorno improvviso di un caldo pesante dopo qualche giorno di tregua: sull&#8217;Italia \u00e8 arrivata la sabbia del Sahara, trasportata dalla stessa circolazione atmosferica che sta spingendo verso la Penisola una nuova massa d&#8217;aria rovente. Le immagini satellitari del Mediterraneo mostrano una vasta nube di pulviscolo che dal Nord Africa si allunga verso Sardegna, Sicilia e resto del Paese, con concentrazioni cos\u00ec alte da far quasi sparire la Sicilia sotto una coltre grigio-giallastra. Il fenomeno interessa soprattutto il Centro-Sud, dove le massime potranno superare i 40 gradi.<\/p>\n<p>\t\t \t<strong>Perch\u00e9 arriva la polvere del Sahara<\/strong><\/p>\n<p>Le polveri desertiche possono percorrere migliaia di chilometri. I venti sollevano grandi quantit\u00e0 di particelle dalle regioni aride dell&#8217;Africa settentrionale e le trasportano fino al Mediterraneo e all&#8217;Europa. Una parte resta negli strati pi\u00f9 alti dell&#8217;atmosfera, un&#8217;altra pu\u00f2 arrivare fino al suolo facendo aumentare temporaneamente le concentrazioni di particolato. \u00c8 per questo che, durante queste incursioni, sulle auto si deposita la classica patina rossastra, soprattutto quando la sabbia viene trascinata a terra dalla pioggia, evento raro in queste giornate.<\/p>\n<p>\t\t\t<a class=\"c-inline-card j-inline-card c-inline-card--with-image\" href=\"https:\/\/tg24.sky.it\/cronaca\/2026\/08\/27\/previsioni-meteo-allerta-maltempo\" rel=\"follow nofollow noopener\" data-intcmp=\"skytg24_articolo_approfondimenti_inline\" target=\"_blank\"><\/p>\n<p>\t\t\t         <img decoding=\"async\" crossorigin=\"anonymous\" alt=\"\"  loading=\"lazy\"  src=\"https:\/\/www.europesays.com\/it\/wp-content\/uploads\/2026\/08\/1787855897_459_Screenshot_2026-08-27_165513.png\"\/><\/p>\n<p>\n\t\t\t         Leggi anche<br \/>\n\t\t\t         Maltempo, allerta arancione in Lombardia e gialla in Piemonte\n\t\t\t      <\/p>\n<p>\t\t\t<\/a><\/p>\n<p>\t\t\t<strong>Il legame con l&#8217;ondata di caldo<\/strong><\/p>\n<p>L&#8217;origine \u00e8 la stessa dell&#8217;ondata di caldo che accompagner\u00e0 l&#8217;Italia per alcuni giorni: la circolazione atmosferica sta richiamando aria direttamente dal Nord Africa. Tra il 27 e il 28 agosto il caldo torner\u00e0 particolarmente intenso al Sud e sulle Isole maggiori. In Sicilia e Sardegna le massime potranno superare localmente i 40 gradi, con valori molto alti attesi anche in Calabria, Puglia, Basilicata e nelle zone interne del Centro.<\/p>\n<p>\t\t \t<strong>Quanto durer\u00e0<\/strong><\/p>\n<p>Le previsioni del centro europeo Copernicus stimano una riduzione delle polveri a partire da luned\u00ec, ma le temperature resteranno elevate per almeno parte della prossima settimana. Le tendenze per l&#8217;inizio di settembre indicano infatti massime, e anche minime, generalmente superiori alle medie, soprattutto sul Mediterraneo e sulle regioni centro-meridionali.<\/p>\n<p>\t\t\t<a class=\"c-inline-card j-inline-card c-inline-card--with-image\" href=\"https:\/\/tg24.sky.it\/cronaca\/2026\/08\/27\/caldo-bollini-citta\" rel=\"follow nofollow noopener\" data-intcmp=\"skytg24_articolo_approfondimenti_inline\" target=\"_blank\"><\/p>\n<p>\t\t\t         <img decoding=\"async\" crossorigin=\"anonymous\" alt=\"\"  loading=\"lazy\"  src=\"https:\/\/www.europesays.com\/it\/wp-content\/uploads\/2026\/08\/1787852600_737_caldo_ansa_3456.JPG\"\/><\/p>\n<p>\n\t\t\t         Leggi anche<br \/>\n\t\t\t         Nuova ondata di caldo sull&#8217;Italia: quali saranno le citt\u00e0 pi\u00f9 roventi\n\t\t\t      <\/p>\n<p>\t\t\t<\/a><\/p>\n<p>\t\t\t<strong>Quei giorni di &#8220;fresco&#8221; che erano solo normali<\/strong><\/p>\n<p>La nuova ondata arriva dopo alcune giornate in cui, soprattutto al Nord, molti avevano avuto la sensazione che fosse finalmente arrivato il fresco. In realt\u00e0 era successo qualcosa di meno straordinario: le temperature erano semplicemente tornate attorno ai valori normali per la seconda met\u00e0 di agosto. Il contesto resta quello di un&#8217;estate europea segnata da temperature eccezionali. Secondo il servizio climatico Copernicus, giugno 2026 \u00e8 stato il secondo giugno pi\u00f9 caldo mai registrato in Europa, con una media superiore di 1,78 gradi rispetto al periodo di riferimento 1991-2020. Ancora pi\u00f9 netto il dato sull&#8217;Europa occidentale: sommando giugno e luglio, il 2026 ha fatto segnare il bimestre pi\u00f9 caldo della serie Copernicus avviata nel 1979, con un&#8217;anomalia di 2,79 gradi sopra la media.<\/p>\n<p>\t            TAG:<\/p>\n","protected":false},"excerpt":{"rendered":"Una vasta nube di pulviscolo africano ha raggiunto il Mediterraneo insieme a una nuova massa d&#8217;aria rovente. Cieli&hellip;\n","protected":false},"author":3,"featured_media":652472,"comment_status":"","ping_status":"","sticky":false,"template":"","format":"standard","meta":{"footnotes":"","_share_on_mastodon":"0"},"categories":[6],"tags":[1534,14,8,1537,90,89,7,15,82,9,83,10,5103,13,11,80,84,12,81,85],"class_list":["post-652471","post","type-post","status-publish","format-standard","has-post-thumbnail","category-ultime-notizie","tag-caldo","tag-cronaca","tag-headlines","tag-it","tag-italia","tag-italy","tag-news","tag-notizie","tag-notizie-di-cronaca","tag-notizie-principali","tag-notiziedicronaca","tag-notizieprincipali","tag-sabbia","tag-titoli","tag-ultime-notizie","tag-ultime-notizie-di-cronaca","tag-ultime-notizie-e-news-di-oggi","tag-ultimenotizie","tag-ultimenotiziedicronaca","tag-ultimenotizieenewsdioggi"],"share_on_mastodon":{"url":"https:\/\/pubeurope.com\/@it\/117168931993601560","error":""},"_links":{"self":[{"href":"https:\/\/www.europesays.com\/it\/wp-json\/wp\/v2\/posts\/652471","targetHints":{"allow":["GET"]}}],"collection":[{"href":"https:\/\/www.europesays.com\/it\/wp-json\/wp\/v2\/posts"}],"about":[{"href":"https:\/\/www.europesays.com\/it\/wp-json\/wp\/v2\/types\/post"}],"author":[{"embeddable":true,"href":"https:\/\/www.europesays.com\/it\/wp-json\/wp\/v2\/users\/3"}],"replies":[{"embeddable":true,"href":"https:\/\/www.europesays.com\/it\/wp-json\/wp\/v2\/comments?post=652471"}],"version-history":[{"count":0,"href":"https:\/\/www.europesays.com\/it\/wp-json\/wp\/v2\/posts\/652471\/revisions"}],"wp:featuredmedia":[{"embeddable":true,"href":"https:\/\/www.europesays.com\/it\/wp-json\/wp\/v2\/media\/652472"}],"wp:attachment":[{"href":"https:\/\/www.europesays.com\/it\/wp-json\/wp\/v2\/media?parent=652471"}],"wp:term":[{"taxonomy":"category","embeddable":true,"href":"https:\/\/www.europesays.com\/it\/wp-json\/wp\/v2\/categories?post=652471"},{"taxonomy":"post_tag","embeddable":true,"href":"https:\/\/www.europesays.com\/it\/wp-json\/wp\/v2\/tags?post=652471"}],"curies":[{"name":"wp","href":"https:\/\/api.w.org\/{rel}","templated":true}]}}