{"id":652504,"date":"2026-08-27T19:12:11","date_gmt":"2026-08-27T19:12:11","guid":{"rendered":"https:\/\/www.europesays.com\/it\/652504\/"},"modified":"2026-08-27T19:12:11","modified_gmt":"2026-08-27T19:12:11","slug":"piazza-gremita-per-una-grande-festa","status":"publish","type":"post","link":"https:\/\/www.europesays.com\/it\/652504\/","title":{"rendered":"Piazza gremita per una grande festa"},"content":{"rendered":"<p>Un\u2019estate ricca di appuntamenti, partecipazione e momenti di festa \u00e8 culminata a Canda in una serata all\u2019insegna dello spettacolo e del divertimento, <strong>capace di richiamare in piazza circa 600-700 persone in un paese che conta circa 800 anime<\/strong>. A fare gli onori di casa, dal palco, il sindaco Simone Ghirelli, che ha innanzitutto ringraziato il numeroso pubblico presente: \u201cE\u2019 veramente uno spettacolo vedere una piazza cos\u00ec gremita\u201d, ha sottolineato, ricordando un\u2019estate caratterizzata da numerose iniziative, tra le quali la rassegna teatrale.<\/p>\n<p><strong>Cuore della serata di domenica \u00e8 stato Barutz con il suo \u201cCasa di riposo show\u201d,<\/strong> uno spettacolo durato circa due ore e capace di coinvolgere il pubblico dall\u2019inizio alla fine. A conquistare la piazza \u00e8 stata soprattutto Nonna Marisa, protagonista di una serie di momenti esilaranti e di battute che hanno fatto ridere e divertire il numeroso pubblico presente. Le risate, gli applausi e il coinvolgimento della piazza hanno creato un\u2019atmosfera di festa, dimostrando quanto ci sia ancora voglia di ritrovarsi insieme per condividere momenti semplici e autentici.<\/p>\n<p>E\u2019 stata una serata nella quale lo spettacolo \u00e8 diventato soprattutto occasione di incontro: grandi e piccoli, famiglie e cittadini provenienti anche dai Comuni del territorio hanno riempito la piazza, partecipando con entusiasmo a un appuntamento pensato per tutta la comunit\u00e0.<\/p>\n<p><strong>\u201cUna festa che ci rende orgogliosi e che dimostra quanto sia importante portare cultura, spettacolo e momenti di aggregazione anche nei nostri piccoli Comuni\u201d,<\/strong> ha rimarcato il primo cittadino che ha spiegato come l\u2019evento sia stato fortemente voluto e finanziato dall\u2019amministrazione comunale, con l\u2019obiettivo di regalare a Canda e a tutto il territorio una serata di qualit\u00e0, capace di coinvolgere grandi e piccoli e di far vivere la piazza. Inoltre, il sindaco, ha voluto sottolineare anche il ruolo fondamentale della collaborazione tra amministrazione, volontariato e, in particolare, Pro Loco.<\/p>\n<p>Un ringraziamento sentito \u00e8 andato a tutte quelle persone che lavorano spesso lontano dai riflettori e che, <strong>con il loro tempo e la loro disponibilit\u00e0, rendono possibile la realizzazione di eventi e iniziative per l\u2019intera comunit\u00e0:<\/strong> \u201cRealizzare tutto questo per Canda \u00e8 motivo di orgoglio\u201d, ha ribadito il primo cittadino, ricordando anche il successo delle due serate organizzate lo scorso anno. Proprio quei risultati hanno spinto l\u2019amministrazione a riproporre anche quest\u2019estate appuntamenti di richiamo, nella convinzione che investire nella socialit\u00e0 e nella partecipazione significhi investire nella qualit\u00e0 della vita della comunit\u00e0. Alla base di questo percorso, ha ricordato il sindaco, ci sono soprattutto \u201ccuore e passione\u201d, gli stessi valori che stanno accompagnando il cammino amministrativo iniziato due anni fa. La serata ha cos\u00ec rappresentato molto pi\u00f9 di un semplice appuntamento di spettacolo: \u00e8 stata una festa di comunit\u00e0, un momento capace di riunire le persone e trasformare la piazza in un luogo di incontro, sorrisi, risate e partecipazione.<\/p>\n<p><strong> \u201cSono onorato e orgoglioso di essere sindaco di questo Comune e di questa comunit\u00e0\u201d,<\/strong> ha concluso il sindaco, prima di rivolgere a tutti i presenti l\u2019augurio di una buona serata e di un buon spettacolo. Una piazza gremita, tante risate e la voglia di stare insieme hanno dato il volto pi\u00f9 bello a Canda: quello di una comunit\u00e0 viva, capace di accogliere e di fare festa. Una serata che lascia un messaggio semplice ma importante: anche nei piccoli Comuni si possono creare grandi momenti, quando ci sono idee, impegno, passione e la voglia di regalare alle persone occasioni per stare insieme e sorridere.<\/p>\n","protected":false},"excerpt":{"rendered":"Un\u2019estate ricca di appuntamenti, partecipazione e momenti di festa \u00e8 culminata a Canda in una serata all\u2019insegna dello&hellip;\n","protected":false},"author":3,"featured_media":652505,"comment_status":"","ping_status":"","sticky":false,"template":"","format":"standard","meta":{"footnotes":"","_share_on_mastodon":"0"},"categories":[1458],"tags":[359890,1644,1533,626,1537,90,89,1840,245,244],"class_list":["post-652504","post","type-post","status-publish","format-standard","has-post-thumbnail","category-rugby","tag-canda","tag-cultura","tag-estate","tag-eventi","tag-it","tag-italia","tag-italy","tag-rugby","tag-sport","tag-sports"],"share_on_mastodon":{"url":"https:\/\/pubeurope.com\/@it\/117169064971393134","error":""},"_links":{"self":[{"href":"https:\/\/www.europesays.com\/it\/wp-json\/wp\/v2\/posts\/652504","targetHints":{"allow":["GET"]}}],"collection":[{"href":"https:\/\/www.europesays.com\/it\/wp-json\/wp\/v2\/posts"}],"about":[{"href":"https:\/\/www.europesays.com\/it\/wp-json\/wp\/v2\/types\/post"}],"author":[{"embeddable":true,"href":"https:\/\/www.europesays.com\/it\/wp-json\/wp\/v2\/users\/3"}],"replies":[{"embeddable":true,"href":"https:\/\/www.europesays.com\/it\/wp-json\/wp\/v2\/comments?post=652504"}],"version-history":[{"count":0,"href":"https:\/\/www.europesays.com\/it\/wp-json\/wp\/v2\/posts\/652504\/revisions"}],"wp:featuredmedia":[{"embeddable":true,"href":"https:\/\/www.europesays.com\/it\/wp-json\/wp\/v2\/media\/652505"}],"wp:attachment":[{"href":"https:\/\/www.europesays.com\/it\/wp-json\/wp\/v2\/media?parent=652504"}],"wp:term":[{"taxonomy":"category","embeddable":true,"href":"https:\/\/www.europesays.com\/it\/wp-json\/wp\/v2\/categories?post=652504"},{"taxonomy":"post_tag","embeddable":true,"href":"https:\/\/www.europesays.com\/it\/wp-json\/wp\/v2\/tags?post=652504"}],"curies":[{"name":"wp","href":"https:\/\/api.w.org\/{rel}","templated":true}]}}