{"id":652554,"date":"2026-08-27T19:53:18","date_gmt":"2026-08-27T19:53:18","guid":{"rendered":"https:\/\/www.europesays.com\/it\/652554\/"},"modified":"2026-08-27T19:53:18","modified_gmt":"2026-08-27T19:53:18","slug":"sospetta-meningite-a-genova-ricoverato-in-gravi-condizioni-inizia-profilassi-su-contatti","status":"publish","type":"post","link":"https:\/\/www.europesays.com\/it\/652554\/","title":{"rendered":"Sospetta meningite a Genova, ricoverato in gravi condizioni: inizia profilassi su contatti"},"content":{"rendered":"<p><strong>Un uomo di 66 anni residente a Genova \u00e8 ricoverato in rianimazione all&#8217;ospedale San Martino dopo un arresto cardiorespiratorio. Gli accertamenti hanno rilevato una presenza significativa di Neisseria meningitidis, batterio che pu\u00f2 causare meningite o sepsi. \u00c8 in corso la terapia antibiotica. Ai contatti stretti \u00e8 stata somministrata la profilassi<\/strong><\/p>\n<p>Un uomo di 66 anni, residente a Genova, \u00e8 ricoverato in gravi condizioni nel reparto di rianimazione dell&#8217;ospedale San Martino dopo un arresto cardiorespiratorio. Negli accertamenti microbiologici \u00e8 stata rilevata una presenza significativa di Neisseria meningitidis, il batterio responsabile di meningite e sepsi, facendo sorgere il sospetto di un&#8217;infezione invasiva da meningococco. Ai contatti stretti del paziente \u00e8 gi\u00e0 stata somministrata la profilassi.<\/p>\n<p>\t\t \t<strong>Il ricovero e la diagnosi<\/strong><\/p>\n<p>L&#8217;uomo \u00e8 arrivato in ospedale a seguito di un arresto cardiorespiratorio verificatosi in un quadro di grave insufficienza respiratoria. \u00c8 nel corso degli accertamenti che, su un campione di broncolavaggio, i sanitari hanno individuato una quantit\u00e0 significativa del batterio. Restano in corso ulteriori esami diagnostici sul liquido cefalorachidiano e la determinazione del sierogruppo.<\/p>\n<p>\u00a0<\/p>\n<p>Come sottolinea in una nota l&#8217;Irccs Azienda ospedaliera metropolitana di Genova, il quadro clinico e microbiologico ha portato al sospetto di un&#8217;infezione invasiva da meningococco, con una presentazione clinica che non corrisponde a quella tipica della meningite. Il paziente \u00e8 attualmente ricoverato in rianimazione ed \u00e8 in corso una terapia antibiotica efficace.<\/p>\n<p>\t\t\t<a class=\"c-inline-card j-inline-card c-inline-card--with-image\" href=\"https:\/\/tg24.sky.it\/cronaca\/2026\/04\/06\/pescara-meningite\" rel=\"follow nofollow noopener\" data-intcmp=\"skytg24_articolo_approfondimenti_inline\" target=\"_blank\"><\/p>\n<p>\t\t\t         <img decoding=\"async\" crossorigin=\"anonymous\" alt=\"\"  loading=\"lazy\"  src=\"https:\/\/www.europesays.com\/it\/wp-content\/uploads\/2026\/08\/IPA_Agency_ALM2NDYGEY.jpg\"\/><\/p>\n<p>\n\t\t\t         Leggi anche<br \/>\n\t\t\t         Pescara, due casi di meningite: donna morta, ragazzo grave\n\t\t\t      <\/p>\n<p>\t\t\t<\/a><\/p>\n<p>\t\t\t<strong>La profilassi ai contatti stretti<\/strong><\/p>\n<p>Nella mattinata l&#8217;ospedale ha effettuato la segnalazione e la notifica per consentire la presa in carico epidemiologica e l&#8217;eventuale attivazione delle procedure di contact tracing. Ai contatti stretti del paziente, come previsto dalle linee guida, \u00e8 stata somministrata la profilassi.<\/p>\n<p>\t            TAG:<\/p>\n","protected":false},"excerpt":{"rendered":"Un uomo di 66 anni residente a Genova \u00e8 ricoverato in rianimazione all&#8217;ospedale San Martino dopo un arresto&hellip;\n","protected":false},"author":3,"featured_media":652555,"comment_status":"","ping_status":"","sticky":false,"template":"","format":"standard","meta":{"footnotes":"","_share_on_mastodon":"0"},"categories":[175],"tags":[14162,239,1537,90,89,14943,4176,240],"class_list":["post-652554","post","type-post","status-publish","format-standard","has-post-thumbnail","category-salute","tag-genova","tag-health","tag-it","tag-italia","tag-italy","tag-liguria","tag-meningite","tag-salute"],"share_on_mastodon":{"url":"https:\/\/pubeurope.com\/@it\/117169227170303186","error":""},"_links":{"self":[{"href":"https:\/\/www.europesays.com\/it\/wp-json\/wp\/v2\/posts\/652554","targetHints":{"allow":["GET"]}}],"collection":[{"href":"https:\/\/www.europesays.com\/it\/wp-json\/wp\/v2\/posts"}],"about":[{"href":"https:\/\/www.europesays.com\/it\/wp-json\/wp\/v2\/types\/post"}],"author":[{"embeddable":true,"href":"https:\/\/www.europesays.com\/it\/wp-json\/wp\/v2\/users\/3"}],"replies":[{"embeddable":true,"href":"https:\/\/www.europesays.com\/it\/wp-json\/wp\/v2\/comments?post=652554"}],"version-history":[{"count":0,"href":"https:\/\/www.europesays.com\/it\/wp-json\/wp\/v2\/posts\/652554\/revisions"}],"wp:featuredmedia":[{"embeddable":true,"href":"https:\/\/www.europesays.com\/it\/wp-json\/wp\/v2\/media\/652555"}],"wp:attachment":[{"href":"https:\/\/www.europesays.com\/it\/wp-json\/wp\/v2\/media?parent=652554"}],"wp:term":[{"taxonomy":"category","embeddable":true,"href":"https:\/\/www.europesays.com\/it\/wp-json\/wp\/v2\/categories?post=652554"},{"taxonomy":"post_tag","embeddable":true,"href":"https:\/\/www.europesays.com\/it\/wp-json\/wp\/v2\/tags?post=652554"}],"curies":[{"name":"wp","href":"https:\/\/api.w.org\/{rel}","templated":true}]}}