{"id":652564,"date":"2026-08-27T19:58:16","date_gmt":"2026-08-27T19:58:16","guid":{"rendered":"https:\/\/www.europesays.com\/it\/652564\/"},"modified":"2026-08-27T19:58:16","modified_gmt":"2026-08-27T19:58:16","slug":"lavoro-ma-non-ho-soldi-per-pagarmi-laffitto-mi-riparo-con-i-tavoli-da-picnic-per-evitare-i-morsi-dei-topi","status":"publish","type":"post","link":"https:\/\/www.europesays.com\/it\/652564\/","title":{"rendered":"\u00abLavoro ma non ho soldi per pagarmi l&#8217;affitto, mi riparo con i tavoli da picnic per evitare i morsi dei topi\u00bb"},"content":{"rendered":"<p><strong><a href=\"https:\/\/www.ilgazzettino.it\/t\/padova\" rel=\"nofollow noopener\" target=\"_blank\">PADOVA<\/a><\/strong> &#8211; Un banale furto di tavoli da picnic, posizionati su un&#8217;area di verde condominiale in via Arimondi alla Stanga, ha portato alla luce una storia di emarginazione. A prenderli \u00e8 stato un giovane italiano, con l&#8217;intento di costruirsi un riparo per la notte. \u00abIn questo modo evito che mi possano mordere i topi\u00bb ha raccontato ad alcuni residenti membri del Comitato Stanga.<\/p>\n<p>L&#8217;ALLARME<\/p>\n<p>Ma la sparizione dei due banconi in legno e ferro aveva suscitato allarme nel quartiere. Tanto che nella chat del Comitato, dove sono presenti almeno 200 famiglie, nella serata di luned\u00ec sono stati inoltrati messaggi come &#8220;Se riuscite a mandare qualcuno dove dormono e bivaccano vicino alla montagnola in via Da Bormida&#8221; e ancora &#8220;Mio marito e mio cognato sono intervenuti pi\u00f9 volte per allontanare le persone che dormivano sulle panchine di via Da Bormida&#8221;.<\/p>\n<p>Cos\u00ec \u00e8 scattata la &#8220;caccia&#8221; ai due tavoli e dopo alcune ricerche, sempre attorno a via Arimondi, i due banconi sono stati ritrovati in mezzo al verde, in un&#8217;area per met\u00e0 pubblica e per met\u00e0 privata, non lontano dalla barriera fonoassorbente di via Friburgo. Erano stati posizionati vicini e coperti con alcune lenzuola, poi sotto a un tavolo \u00e8 stato adagiato un sacco a pelo. Accanto, i residenti, hanno trovato un giovane italiano: indossava abiti puliti e aveva un taglio di capelli curato, quasi fosse appena uscito dal barbiere. \u00abAndate via, non voglio nessuno\u00bb ha urlato il ragazzo, in direzione di un paio di componenti del Comitato Stanga.<\/p>\n<p>&#13;<br \/>\nLA SOLIDARIET\u00c0<\/p>\n<p>Ma quando gli abitanti lo hanno visto, hanno capito di non essere di fronte a un ladro ma invece ad una persona in difficolt\u00e0. \u00abHo un lavoro, ma non posso permettermi un affitto. Ho preso i due tavoli per proteggermi dai morsi dei topi. Le altre notti ho dormito a terra con il sacco a pelo e sono stato attaccato\u00bb ha raccontato ai residenti.<br \/>&#13;<br \/>\n\u00abForse &#8211; ha ripreso &#8211; hanno sentito l&#8217;odore del cibo e mi hanno fatto male\u00bb. Gli abitanti, appurata la situazione di emergenza, hanno cercato di dare qualche consiglio utile al giovane.<\/p>\n<p>\u00abIntanto &#8211; ha dichiarato Paolo Manfrin presidente del Comitato Stanga &#8211; gli abbiamo detto di assicurare la sua bicicletta. La aveva lasciata incustodita e nell&#8217;area ci sono diversi spacciatori sempre pronti a commettere furti. Poi gli abbiamo indicato alcune comunit\u00e0 e associazioni dove poter chiedere aiuto. Da quanto abbiamo capito lavora per un grande magazzino in citt\u00e0\u00bb. Il ragazzo, gi\u00e0 nella mattinata di marted\u00ec, per poter trascorrere le notti in tranquillit\u00e0 \u00e8 andato ad acquistare una piccola tenda da campeggio da Decathlon. Intanto, fino a quando non riuscir\u00e0 a trovare una sistemazione pi\u00f9 dignitosa, \u00e8 stato &#8220;adottato&#8221; dai residenti della Stanga.<\/p>\n","protected":false},"excerpt":{"rendered":"PADOVA &#8211; Un banale furto di tavoli da picnic, posizionati su un&#8217;area di verde condominiale in via Arimondi&hellip;\n","protected":false},"author":3,"featured_media":652565,"comment_status":"","ping_status":"","sticky":false,"template":"","format":"standard","meta":{"footnotes":"","_share_on_mastodon":"0"},"categories":[79],"tags":[14,93,94,1537,90,89,7,15,9839,11,84,91,12,85,92],"class_list":["post-652564","post","type-post","status-publish","format-standard","has-post-thumbnail","category-italia","tag-cronaca","tag-cronaca-italiana","tag-cronacaitaliana","tag-it","tag-italia","tag-italy","tag-news","tag-notizie","tag-padova","tag-ultime-notizie","tag-ultime-notizie-e-news-di-oggi","tag-ultime-notizie-italia","tag-ultimenotizie","tag-ultimenotizieenewsdioggi","tag-ultimenotizieitalia"],"share_on_mastodon":{"url":"https:\/\/pubeurope.com\/@it\/117169245965573950","error":""},"_links":{"self":[{"href":"https:\/\/www.europesays.com\/it\/wp-json\/wp\/v2\/posts\/652564","targetHints":{"allow":["GET"]}}],"collection":[{"href":"https:\/\/www.europesays.com\/it\/wp-json\/wp\/v2\/posts"}],"about":[{"href":"https:\/\/www.europesays.com\/it\/wp-json\/wp\/v2\/types\/post"}],"author":[{"embeddable":true,"href":"https:\/\/www.europesays.com\/it\/wp-json\/wp\/v2\/users\/3"}],"replies":[{"embeddable":true,"href":"https:\/\/www.europesays.com\/it\/wp-json\/wp\/v2\/comments?post=652564"}],"version-history":[{"count":0,"href":"https:\/\/www.europesays.com\/it\/wp-json\/wp\/v2\/posts\/652564\/revisions"}],"wp:featuredmedia":[{"embeddable":true,"href":"https:\/\/www.europesays.com\/it\/wp-json\/wp\/v2\/media\/652565"}],"wp:attachment":[{"href":"https:\/\/www.europesays.com\/it\/wp-json\/wp\/v2\/media?parent=652564"}],"wp:term":[{"taxonomy":"category","embeddable":true,"href":"https:\/\/www.europesays.com\/it\/wp-json\/wp\/v2\/categories?post=652564"},{"taxonomy":"post_tag","embeddable":true,"href":"https:\/\/www.europesays.com\/it\/wp-json\/wp\/v2\/tags?post=652564"}],"curies":[{"name":"wp","href":"https:\/\/api.w.org\/{rel}","templated":true}]}}